{"id":1470,"date":"2020-07-11T09:32:55","date_gmt":"2020-07-11T08:32:55","guid":{"rendered":"http:\/\/svetaobitelj.hr\/?p=1470"},"modified":"2020-07-11T18:04:02","modified_gmt":"2020-07-11T17:04:02","slug":"zupne-obavijesti-15-nedjelja-kroz-godinu-3","status":"publish","type":"post","link":"https:\/\/svetaobitelj.hr\/?p=1470","title":{"rendered":"\u017dupne obavijesti: 15. nedjelja kroz godinu"},"content":{"rendered":"<ul>\n<li>Danas slavimo petnaestu nedjelju kroz godinu. U srpnju i kolovozu nedjeljne svete mise u na\u0161oj \u017eupnoj crkvi su u 7:00, 10:00 i 18:30 sati, a nema svetih misa u 9:00 i u 11:00 sati.<\/li>\n<li>U utorak slavimo sv. Franju Solanskoga, za\u0161titnika misionara. Svete mise su u 7:30 i 18:30 sati. Kao molitvu i podr\u0161ku radu na\u0161ih misionara sljede\u0107e \u0107emo nedjelje nakon svetih misa skupljati nov\u010dane priloge za misije i misionare.<\/li>\n<li>Sljede\u0107e nedjelje slavimo \u0161esnaestu nedjelju kroz godinu.<\/li>\n<li>Prilikom razornog potresa u Zagrebu i njegovoj okolici te\u0161ko je o\u0161te\u0107ena i na\u0161a franjeva\u010dka crkva i samostan na Kaptolu. Pozivamo vas da svojim nov\u010danim prilozima pomognemo obnovu crkve i samostana na Kaptolu u Zagrebu. Svoje priloge mo\u017eete dati u ozna\u010denu \u0161krabicu pri izlazu iz crkve ili u \u017eupnom uredu u uredovno vrijeme.<\/li>\n<li>Molimo sve vas koji jo\u0161 nemate \u017eupnu obiteljsku knji\u017eicu ili je potrebno upisati promjene u postoje\u0107e, da se javite u \u017eupni ured.<\/li>\n<li>Ured za pastoral mladih iz na\u0161e Nadbiskupije organizira Kamp za mlade u Ra\u010dinovcima. Broj sudionika je ograni\u010den, a sve informacije mo\u017eete vidjeti na\u00a0 dru\u0161tvenim mre\u017eama Ureda za pastoral mladih.<\/li>\n<li>Kupujte i \u010ditajte vjerski tisak.<\/li>\n<\/ul>\n","protected":false},"excerpt":{"rendered":"<p>Danas slavimo petnaestu nedjelju kroz godinu. U srpnju i kolovozu nedjeljne svete mise u na\u0161oj \u017eupnoj crkvi su u 7:00, 10:00 i 18:30 sati, a nema svetih misa u 9:00 i u 11:00 sati. U utorak slavimo sv. Franju Solanskoga, za\u0161titnika misionara. Svete mise su u 7:30 i 18:30 sati. Kao molitvu i podr\u0161ku radu <a href=\"https:\/\/svetaobitelj.hr\/?p=1470\" class=\"more-link\">[&hellip;]<\/a><\/p>\n","protected":false},"author":2,"featured_media":0,"comment_status":"closed","ping_status":"open","sticky":false,"template":"","format":"standard","meta":{"footnotes":""},"categories":[3],"tags":[],"class_list":["entry","author-","post-1470","post","type-post","status-publish","format-standard","category-zupa"],"_links":{"self":[{"href":"https:\/\/svetaobitelj.hr\/index.php?rest_route=\/wp\/v2\/posts\/1470","targetHints":{"allow":["GET"]}}],"collection":[{"href":"https:\/\/svetaobitelj.hr\/index.php?rest_route=\/wp\/v2\/posts"}],"about":[{"href":"https:\/\/svetaobitelj.hr\/index.php?rest_route=\/wp\/v2\/types\/post"}],"author":[{"embeddable":true,"href":"https:\/\/svetaobitelj.hr\/index.php?rest_route=\/wp\/v2\/users\/2"}],"replies":[{"embeddable":true,"href":"https:\/\/svetaobitelj.hr\/index.php?rest_route=%2Fwp%2Fv2%2Fcomments&post=1470"}],"version-history":[{"count":5,"href":"https:\/\/svetaobitelj.hr\/index.php?rest_route=\/wp\/v2\/posts\/1470\/revisions"}],"predecessor-version":[{"id":1475,"href":"https:\/\/svetaobitelj.hr\/index.php?rest_route=\/wp\/v2\/posts\/1470\/revisions\/1475"}],"wp:attachment":[{"href":"https:\/\/svetaobitelj.hr\/index.php?rest_route=%2Fwp%2Fv2%2Fmedia&parent=1470"}],"wp:term":[{"taxonomy":"category","embeddable":true,"href":"https:\/\/svetaobitelj.hr\/index.php?rest_route=%2Fwp%2Fv2%2Fcategories&post=1470"},{"taxonomy":"post_tag","embeddable":true,"href":"https:\/\/svetaobitelj.hr\/index.php?rest_route=%2Fwp%2Fv2%2Ftags&post=1470"}],"curies":[{"name":"wp","href":"https:\/\/api.w.org\/{rel}","templated":true}]}}