{"id":1466,"date":"2020-07-04T09:30:55","date_gmt":"2020-07-04T08:30:55","guid":{"rendered":"http:\/\/svetaobitelj.hr\/?p=1466"},"modified":"2020-07-04T09:30:56","modified_gmt":"2020-07-04T08:30:56","slug":"zupne-obavijesti-14-nedjelja-kroz-godinu-3","status":"publish","type":"post","link":"https:\/\/svetaobitelj.hr\/?p=1466","title":{"rendered":"\u017dupne obavijesti: 14. nedjelja kroz godinu"},"content":{"rendered":"\n<ul class=\"wp-block-list\"><li>Danas slavimo \u010detrnaestu nedjelju kroz godinu. Prva je nedjelja u mjesecu kada se svojim molitvama i nov\u010danim prilozima sje\u0107amo na\u0161ih sjemeni\u0161ta te molimo za duhovna zvanja. Svoj nov\u010dani dar za sjemeni\u0161ta mo\u017eete dati u ozna\u010denu \u0161krabicu pri izlazu iz crkve. Na\u0161a Hrvatska franjeva\u010dka provincija sv. \u0106irila i Metoda slavi svoje za\u0161titnike. U na\u0161oj su Domovini parlamentarni izbori. U srpnju i kolovozu nedjeljne svete mise u na\u0161oj \u017eupnoj crkvi su u 7:00, 10:00 i 18:30 sati, a nema svetih misa u 9:00 i u 11:00 sati. <\/li><li>Sutra zapo\u010dinje trodnevnica uo\u010di proslave bl. Marije od Propetoga Petkovi\u0107 koju slavimo u \u010detvrtak, 9. srpnja. Svaki dan trodnevnice bit \u0107e u 18:00 sati molitva krunice s bla\u017eeni\u010dinim razmatranjima otajstava te sveta misa u 18:30 sati. Vi\u0161e o trodnevnici i o samoj proslavi blagdana u \u010detvrtak imate na oglasnoj plo\u010di.<\/li><li>Odlukom na\u0161ega nadbiskupa mons. \u0110ure Hrani\u0107a odgo\u0111ena su  prvopri\u010desni\u010dka i krizmena slavlja u \u010ditavoj na\u0161oj Nadbiskupiji. Pismo i upute na\u0161ega nadbiskupa imate na oglasnoj plo\u010di kao i na web stranicama Nadbiskupije i na\u0161e \u017dupe. Zbog toga ne\u0107e biti svete Potvrde u na\u0161oj \u017eupi ove subote, a svete mise su redovite, u 7:30 i 18:30 sati.<\/li><li>Sljede\u0107e nedjelje slavimo petnaestu nedjelju kroz godinu.<\/li><li>U tijeku su upisi u srednje \u0161kole. Ravnatelj Isusova\u010dke klasi\u010dne gimnazije s pravom javnosti u Osijeku, p. Sebastijan \u0160ujevi\u0107, poti\u010de i poziva da mladi izaberu njihovu gimnaziju kao katoli\u010dku opciju srednje \u0161kole na na\u0161em podru\u010dju koja gradi svoju pedagogiju na preno\u0161enju znanja, vjere i brige o pojedincu kao osobi. Na plakatu na oglasnoj plo\u010di imate njihovu web i facebook stranicu.<\/li><li>Prilikom razornog potresa u Zagrebu i njegovoj okolici te\u0161ko je o\u0161te\u0107ena i na\u0161a franjeva\u010dka crkva i samostan na Kaptolu. Pozivamo vas da svojim nov\u010danim prilozima pomognemo obnovu crkve i samostana na Kaptolu u Zagrebu. Svoje priloge mo\u017eete dati u ozna\u010denu \u0161krabicu pri izlazu iz crkve ili u \u017eupnom uredu u uredovno vrijeme.<\/li><li>Molimo sve vas koji jo\u0161 nemate \u017eupnu obiteljsku knji\u017eicu ili je potrebno upisati promjene u postoje\u0107e, da se javite u \u017eupni ured.<\/li><li>Kupujte i \u010ditajte vjerski tisak.<\/li><\/ul>\n","protected":false},"excerpt":{"rendered":"<p>Danas slavimo \u010detrnaestu nedjelju kroz godinu. Prva je nedjelja u mjesecu kada se svojim molitvama i nov\u010danim prilozima sje\u0107amo na\u0161ih sjemeni\u0161ta te molimo za duhovna zvanja. Svoj nov\u010dani dar za sjemeni\u0161ta mo\u017eete dati u ozna\u010denu \u0161krabicu pri izlazu iz crkve. Na\u0161a Hrvatska franjeva\u010dka provincija sv. \u0106irila i Metoda slavi svoje za\u0161titnike. U na\u0161oj su Domovini <a href=\"https:\/\/svetaobitelj.hr\/?p=1466\" class=\"more-link\">[&hellip;]<\/a><\/p>\n","protected":false},"author":2,"featured_media":0,"comment_status":"closed","ping_status":"open","sticky":false,"template":"","format":"standard","meta":{"footnotes":""},"categories":[3],"tags":[],"class_list":["entry","author-","post-1466","post","type-post","status-publish","format-standard","category-zupa"],"_links":{"self":[{"href":"https:\/\/svetaobitelj.hr\/index.php?rest_route=\/wp\/v2\/posts\/1466","targetHints":{"allow":["GET"]}}],"collection":[{"href":"https:\/\/svetaobitelj.hr\/index.php?rest_route=\/wp\/v2\/posts"}],"about":[{"href":"https:\/\/svetaobitelj.hr\/index.php?rest_route=\/wp\/v2\/types\/post"}],"author":[{"embeddable":true,"href":"https:\/\/svetaobitelj.hr\/index.php?rest_route=\/wp\/v2\/users\/2"}],"replies":[{"embeddable":true,"href":"https:\/\/svetaobitelj.hr\/index.php?rest_route=%2Fwp%2Fv2%2Fcomments&post=1466"}],"version-history":[{"count":1,"href":"https:\/\/svetaobitelj.hr\/index.php?rest_route=\/wp\/v2\/posts\/1466\/revisions"}],"predecessor-version":[{"id":1467,"href":"https:\/\/svetaobitelj.hr\/index.php?rest_route=\/wp\/v2\/posts\/1466\/revisions\/1467"}],"wp:attachment":[{"href":"https:\/\/svetaobitelj.hr\/index.php?rest_route=%2Fwp%2Fv2%2Fmedia&parent=1466"}],"wp:term":[{"taxonomy":"category","embeddable":true,"href":"https:\/\/svetaobitelj.hr\/index.php?rest_route=%2Fwp%2Fv2%2Fcategories&post=1466"},{"taxonomy":"post_tag","embeddable":true,"href":"https:\/\/svetaobitelj.hr\/index.php?rest_route=%2Fwp%2Fv2%2Ftags&post=1466"}],"curies":[{"name":"wp","href":"https:\/\/api.w.org\/{rel}","templated":true}]}}