{"id":1459,"date":"2020-06-29T10:06:13","date_gmt":"2020-06-29T09:06:13","guid":{"rendered":"http:\/\/svetaobitelj.hr\/?p=1459"},"modified":"2020-06-29T10:06:14","modified_gmt":"2020-06-29T09:06:14","slug":"odgoda-prvopricesnickih-i-krizmenih-slavlja-te-mjere-zastite-za-sprjecavanje-sirenja-bolesti-covid-19-na-redovitim-liturgijskim-slavljima","status":"publish","type":"post","link":"https:\/\/svetaobitelj.hr\/?p=1459","title":{"rendered":"Odgoda prvopri\u010desni\u010dkih i krizmenih slavlja te mjere za\u0161tite za sprje\u010davanje \u0161irenja bolesti Covid-19 na redovitim liturgijskim slavljima"},"content":{"rendered":"\n<p>Nadbiskup \u0111akova\u010dko-osje\u010dki \u0110uro Hrani\u0107 uputio je 28. lipnja 2020. pismo svim sve\u0107enicima i vjernicima \u0110akova\u010dko-osje\u010dke nadbiskupije u kojem odre\u0111uje odgodu prvopri\u010desni\u010dkih i krizmenih slavlja te upu\u0107uje na mjere za\u0161tite za sprje\u010davanje \u0161irenja bolesti Covid-19 na redovitim liturgijskim slavljima vjernika u \u0110akova\u010dko-osje\u010dkoj nadbiskupiji. Pismo nadbiskupa Hrani\u0107a prenosimo u cijelosti.<\/p>\n\n\n\n<p><strong>Svim sve\u0107enicima i vjernicima \u0110akova\u010dko-osje\u010dke nadbiskupije<\/strong><\/p>\n\n\n\n<p>Draga bra\u0107o sve\u0107enici, redovnici i redovnice,&nbsp;dragi vjernici u \u0110akova\u010dko-osje\u010dkoj nadbiskupiji!<\/p>\n\n\n\n<p>Nakon nedavnog ubla\u017eavanja mjera za\u0161tite od \u0161irenja pandemijske zaraze korona virusom, svjedoci smo veoma velikog broja zara\u017eenih u \u0110akovu i u Hrvatskoj. \u0160irenju zaraze pridonijela je svakako \u010dinjenica da zara\u017eene osobe nisu imale nijedan od simptoma zaraze, ni klini\u010dku sliku, koja bi uputila na blagovremeno otkrivanje prisutnosti virusa te na ograni\u010denje kontakata s drugim osobama, tako da se zaraza u svega dva dana, a prije pojave ikakvih simptoma kod prvih oboljelih osoba, ve\u0107 pro\u0161irila na velik broj osoba.<\/p>\n\n\n\n<p>Zahvaljuju\u0107i stru\u010dnom i po\u017ertvovnom radu djelatnika \u017dupanijskog Zavoda za javno zdravstvo i Sto\u017eera civilne za\u0161tite Osje\u010dko-baranjske \u017eupanije, epidemiolo\u0161kih slu\u017ebi u \u0110akovu i u drugim sredi\u0161tima, ravnatelju i osoblju Klini\u010dke bolnice Osijek te izrazito velikog broja testova provedenih u samostanskoj zajednici Milosrdnih sestara sv Kri\u017ea u \u0110akovu, a potom i nad \u010dlanovima i djelatnicima sredi\u0161njih nadbiskupijskih i drugih crkvenih ustanova te sudionika krizmenih slavlja u \u0110akovu i u Soljanima, do\u0161lo se do jasnije slike stanja te do poduzimanja preventivnih mjera kako bi se suzbilo daljnje \u0161irenje zaraze u gradu \u0110akovu, na podru\u010dju Osje\u010dko-baranjske \u017eupanije, ali i na cijelom podru\u010dju na\u0161e nadbiskupije.<\/p>\n\n\n\n<p>\u017dao mi je \u0161to sam, na temelju savjetovanja, ponajprije na temelju mi\u0161ljenja i prijedloga navedenih stru\u010dnih slu\u017ebi, primoran ponovno se obratiti \u010ditavoj Nadbiskupijskoj zajednici s novim mjerama prevencije od \u0161irenja zaraze virusom Covid-19, kako slijedi:<\/p>\n\n\n\n<p>1.&nbsp;<strong><em>Redovitost euharistijskih te drugih liturgijskih slavlja, uz po\u0161tivanje predvi\u0111enih mjera za\u0161tite i prevencije.<\/em><\/strong>&nbsp;U svim \u017eupama \u0110akova\u010dko-osje\u010dke nadbiskupije nastavljamo s redovitim euharistijskim slavljima i podjelom sakramenata, te s molitvenim i drugim okupljanjima, po\u0161tuju\u0107i preporuke Hrvatskog zavoda za javno zdravstvo o vjerskim okupljanjima od 20. travnja 2020. (osobito o dezinfekciji ruku djelitelja prije sv. pri\u010desti i o kori\u0161tenju maske za lice za vrijeme dijeljenja sv. pri\u010desti, kao i za vrijeme neophodnog bliskog kontakta s pojedinim vjernicima pri slavlju drugih sakramenata; o preporuci kori\u0161tenja vanjskog liturgijskog prostora; o poja\u010danoj higijeni, dezinficiranju i provjetravanju zatvorenih prostora; o obveznoj pri\u010desti na ruku; o po\u017eeljnoj fizi\u010dkoj udaljenosti itd.)<\/p>\n\n\n\n<p>\u017delim napomenuti da trebamo biti odgovorni i po\u0161tovati preporuke HZJZ, ali i da te preporuke ne trebamo samovoljno pretvarati u krute odredbe, te se pritom pozivati na druge autoritete, osobito ukoliko se o tome nismo s njima prethodno konzultirali.<\/p>\n\n\n\n<p>2.&nbsp;<strong><em>Odgoda svih prvopri\u010desni\u010dkih i krizmenih slavlja na podru\u010dju cijele \u0110akova\u010dko-osje\u010dke nadbiskupije.<\/em><\/strong>&nbsp;Zbog preventivnog suzbijanja daljnjeg potencijalnog \u0161irenja zaraze, donosimo mjeru odgode svih prvopri\u010desni\u010dkih i krizmenih slavlja, i to na podru\u010dju cijele \u0110akova\u010dko-osje\u010dke nadbiskupije. Mjera stupa na snagu s danom 29. lipnja 2020. Na takvu zamolbu mjerodavnih stru\u010dnih slu\u017ebi, i mene osobno pri dono\u0161enju ove odluke, potaknulo je sljede\u0107e:<\/p>\n\n\n\n<p>a) \u010desta \u010dinjenica potpunog izostanka simptoma kod ve\u0107 zara\u017eenih osoba te posljedi\u010dno ote\u017eano prepoznavanje prisutnosti zaraze, a onda i zaka\u0161njelo poduzimanje mjera fizi\u010dkog distanciranja oboljelih te drugih mjera predostro\u017enosti;<\/p>\n\n\n\n<p>b) brza inkubacija virusa te veoma brzo \u0161irenje zaraze na druge osobe;<\/p>\n\n\n\n<p>c) prvopri\u010desni\u010dka i krizmeni\u010dka slavlja su povod za pove\u0107an broj putovanja i dolazaka rodbine i drugih gostiju izvan \u017eupne zajednice te za vi\u0161esatna obiteljska dru\u017eenja u uvjetima koje je epidemiolo\u0161ki te\u0161ko kontrolirati, \u010desto bez po\u0161tovanja minimalne preventivne za\u0161tite, na \u0161to \u017eupnici ne mogu utjecati, a javnost i, vjerujem manji dio roditelja (unato\u010d tome \u0161to su prethodno potpisali molbu za primanje sakramenata u sada\u0161njim okolnostima opasnosti od zaraze) odgovornost za ne\u017eeljene posljedice, bez ikakve zadr\u0161ke, prebacuju na Crkvu kao instituciju i na njezine slu\u017ebenike. &nbsp;&nbsp;&nbsp;<\/p>\n\n\n\n<p><strong><em>3.&nbsp; Posebne mjere za mladomisni\u010dka slavlja na podru\u010dju \u0110akova\u010dko-osje\u010dke nadbiskupije.&nbsp;<\/em><\/strong>Na podru\u010dju \u0110akova\u010dko-osje\u010dke nadbiskupije ove godine imamo dva mladomisnika zare\u0111ena na naslov na\u0161e mjesne Crkve te nekoliko mladomisnika koji su \u010dlanovi pojedinih redovni\u010dkih zajednica ili drugih biskupija. Ukoliko je ikako mogu\u0107e neka se euharistija u prigodi svih mladomisni\u010dkih slavlja na podru\u010dju \u0110akova\u010dko-osje\u010dke nadbiskupije slavi na (prigodnom) vanjskom liturgijskom prostoru, uz po\u0161tivanje gore navedenih mjera za\u0161tite i prevencije od \u0161irenja zaraze.<\/p>\n\n\n\n<p>Mladomisnici su za obiteljski stol tom prigodom ve\u0107 ranije pozvali odre\u0111eni broj uzvanika. Uzvanike koji nisu u bliskom rodbinskom odnosu s mladomisnikom (kao \u0161to su npr. \u017eupljani \u017eupa \u0111akonskog praktikuma, \u010dlanovi pjeva\u010dkih zborova, doma\u0107i \u017eupljani koji nisu u posebnom prijateljskom odnosu s mladomisnikom i sl.) molimo da odmah (ili barem nekoliko dana ranije) obavijeste mladomisnika da se solidarno uste\u017eu od sudjelovanja za obiteljskim stolom. Poti\u010demo ih da iskoriste druge prigode za kratak susret, osobno \u010destitanje i znakove pa\u017enje prema mladomisniku, vode\u0107i i u tim prigodama ra\u010duna o \u010duvanju svoga i mladomisnikova zdravlja te zdravlja drugih osoba.<\/p>\n\n\n\n<p>Mladomisnike i njihove \u017eupnike molimo da vode ra\u010duna o kr\u0161\u0107anskom i crkvenom ozra\u010dju mladomisni\u010dkih slavlja i za vrijeme prigodnog sve\u010danoga objeda, te preporu\u010dujemo da izostave svira\u010de (posebno profanih pjesama), ples i druge nepotrebne, a ponekad \u010dak i neprimjerene dodatke koji se postupno uvla\u010de u mladomisni\u010dka slavlja.<\/p>\n\n\n\n<p><strong><em>Dodatak: Zamolba vlasnicima ugostiteljskih objekata.<\/em><\/strong>&nbsp;Vlasnike ugostiteljskih objekata pozivamo da poka\u017eu maksimalno razumijevanje prema roditeljima prvopri\u010desnika i krizmanika te prema mladomisnicima zbog iznenadnog otkazivanja obiteljskih slavlja u njihovim objektima ili zbog smanjivanja broja sudionika. Molimo ih da razumiju kako je otkazivanje slavlja ili smanjenje broja gostiju proiza\u0161lo iz pote\u0161ko\u0107a i odluka koje nadilaze njihovu odgovornost.<\/p>\n\n\n\n<p>Sve sve\u0107enike i vjernike koji se osje\u0107aju pogo\u0111enima ovim na\u0161im odlukama, ponizna srca molimo za razumijevanje i pribranost.<\/p>\n\n\n\n<p>Za sve molim snagu vjerni\u010dkog predanja i povjerenja u Boga, ozdravljenje bolesnima i Bo\u017eje milosr\u0111e za na\u0161u Nadbiskupiju, Domovinu i sav svijet.<\/p>\n\n\n\n<p>+ \u0110uro Hrani\u0107, nadbiskup<\/p>\n","protected":false},"excerpt":{"rendered":"<p>Nadbiskup \u0111akova\u010dko-osje\u010dki \u0110uro Hrani\u0107 uputio je 28. lipnja 2020. pismo svim sve\u0107enicima i vjernicima \u0110akova\u010dko-osje\u010dke nadbiskupije u kojem odre\u0111uje odgodu prvopri\u010desni\u010dkih i krizmenih slavlja te upu\u0107uje na mjere za\u0161tite za sprje\u010davanje \u0161irenja bolesti Covid-19 na redovitim liturgijskim slavljima vjernika u \u0110akova\u010dko-osje\u010dkoj nadbiskupiji. Pismo nadbiskupa Hrani\u0107a prenosimo u cijelosti. Svim sve\u0107enicima i vjernicima \u0110akova\u010dko-osje\u010dke nadbiskupije Draga <a href=\"https:\/\/svetaobitelj.hr\/?p=1459\" class=\"more-link\">[&hellip;]<\/a><\/p>\n","protected":false},"author":2,"featured_media":0,"comment_status":"closed","ping_status":"open","sticky":false,"template":"","format":"standard","meta":{"footnotes":""},"categories":[3],"tags":[],"class_list":["entry","author-","post-1459","post","type-post","status-publish","format-standard","category-zupa"],"_links":{"self":[{"href":"https:\/\/svetaobitelj.hr\/index.php?rest_route=\/wp\/v2\/posts\/1459","targetHints":{"allow":["GET"]}}],"collection":[{"href":"https:\/\/svetaobitelj.hr\/index.php?rest_route=\/wp\/v2\/posts"}],"about":[{"href":"https:\/\/svetaobitelj.hr\/index.php?rest_route=\/wp\/v2\/types\/post"}],"author":[{"embeddable":true,"href":"https:\/\/svetaobitelj.hr\/index.php?rest_route=\/wp\/v2\/users\/2"}],"replies":[{"embeddable":true,"href":"https:\/\/svetaobitelj.hr\/index.php?rest_route=%2Fwp%2Fv2%2Fcomments&post=1459"}],"version-history":[{"count":1,"href":"https:\/\/svetaobitelj.hr\/index.php?rest_route=\/wp\/v2\/posts\/1459\/revisions"}],"predecessor-version":[{"id":1460,"href":"https:\/\/svetaobitelj.hr\/index.php?rest_route=\/wp\/v2\/posts\/1459\/revisions\/1460"}],"wp:attachment":[{"href":"https:\/\/svetaobitelj.hr\/index.php?rest_route=%2Fwp%2Fv2%2Fmedia&parent=1459"}],"wp:term":[{"taxonomy":"category","embeddable":true,"href":"https:\/\/svetaobitelj.hr\/index.php?rest_route=%2Fwp%2Fv2%2Fcategories&post=1459"},{"taxonomy":"post_tag","embeddable":true,"href":"https:\/\/svetaobitelj.hr\/index.php?rest_route=%2Fwp%2Fv2%2Ftags&post=1459"}],"curies":[{"name":"wp","href":"https:\/\/api.w.org\/{rel}","templated":true}]}}