{"id":1452,"date":"2020-06-27T19:54:30","date_gmt":"2020-06-27T18:54:30","guid":{"rendered":"http:\/\/svetaobitelj.hr\/?p=1452"},"modified":"2020-06-28T09:33:52","modified_gmt":"2020-06-28T08:33:52","slug":"zupne-obavijesti-13-nedjelja-kroz-godinu-3","status":"publish","type":"post","link":"https:\/\/svetaobitelj.hr\/?p=1452","title":{"rendered":"\u017dupne obavijesti: 13. nedjelja kroz godinu"},"content":{"rendered":"<ul>\n<li>Danas slavimo trinaestu nedjelju kroz godinu.<\/li>\n<li>Sutra slavimo sv. Petra i Pavla. Svete mise su u 7:30 i 18:30 sati. U osje\u010dkoj Konkatedrali, \u017eupnoj crkvi sv. Petra i Pavla, bit \u0107e u 10:00 sati prezbitersko re\u0111enje, a zareditelj je mons. Bo\u017ee Rado\u0161, biskup vara\u017edinski.<\/li>\n<li>U utorak je u 16:00 sati susret ovogodi\u0161njih kandidata za krizmu s djeliteljem, mons. Lukom Strgarom.<\/li>\n<li>U subotu pod ve\u010dernjom svetom misom molimo za duhovna zvanja, budu\u0107i da je prva subota u mjesecu.<\/li>\n<li>Sljede\u0107e nedjelje slavimo \u010detrnaestu nedjelju kroz godinu. Prva je nedjelja u mjesecu kada se svojim molitvama i nov\u010danim prilozima sje\u0107amo na\u0161ih sjemeni\u0161ta te molimo za duhovna zvanja. Pod jutarnjom svetom misom molimo za dobro\u010dinitelje na\u0161e crkve i samostana. Na\u0161a Hrvatska franjeva\u010dka provincija sv. \u0106irila i Metoda slavi svoj blagdan, za\u0161titnike sv. \u0106irila i Metoda. U na\u0161oj Domovini su parlamentarni izbori.<\/li>\n<li>U srpnju i kolovozu nedjeljne svete mise u na\u0161oj \u017eupnoj crkvi su u 7:00, 10:00 i 18:30 sati, a nema svetih misa u 9:00 i u 11:00 sati.<\/li>\n<li>Slavlje svete Potvrde u na\u0161oj \u017eupi bit \u0107e 11. srpnja u 17:00 sati. Taj dan ne\u0107e biti svete mise u 18:30 sati, a primljenu misnu nakanu za tu misu odslu\u017eit \u0107emo pod misom u 17:00 sati.<\/li>\n<li>U tijeku su upisi u srednje \u0161kole. Ravnatelj Isusova\u010dke klasi\u010dne gimnazije s pravom javnosti u Osijeku, p. Sebastijan \u0160ujevi\u0107, poti\u010de i poziva da mladi izaberu njihovu gimnaziju kao katoli\u010dku opciju srednje \u0161kole na na\u0161em podru\u010dju koja gradi svoju pedagogiju na preno\u0161enju znanja, vjere i brige o pojedincu kao osobi. Na plakatu na oglasnoj plo\u010di imate njihovu web i facebook stranicu.<\/li>\n<li>Prilikom razornog potresa u Zagrebu i njegovoj okolici te\u0161ko je o\u0161te\u0107ena i na\u0161a franjeva\u010dka crkva i samostan na Kaptolu. Pozivamo vas da svojim nov\u010danim prilozima pomognemo obnovu crkve i samostana na Kaptolu u Zagrebu. Svoje priloge mo\u017eete dati u ozna\u010denu \u0161krabicu pri izlazu iz crkve ili u \u017eupnom uredu u uredovno vrijeme.<\/li>\n<li>Ju\u010der su u na\u0161em Mjesnom bratstvu OFS-a bili izbori. Izabrani su: Ana Beer je ministra, doministar je Stipe Crnkovi\u0107, tajnica je Filipina \u0160arga\u010d, blagajnik je Dragan Crnkovi\u0107, povjerenica za formaciju je Jasna Hazenauer i povjerenik za Framu je Krunoslav Janc.<\/li>\n<li>Kupujte i \u010ditajte vjerski tisak.<\/li>\n<\/ul>\n","protected":false},"excerpt":{"rendered":"<p>Danas slavimo trinaestu nedjelju kroz godinu. Sutra slavimo sv. Petra i Pavla. Svete mise su u 7:30 i 18:30 sati. U osje\u010dkoj Konkatedrali, \u017eupnoj crkvi sv. Petra i Pavla, bit \u0107e u 10:00 sati prezbitersko re\u0111enje, a zareditelj je mons. Bo\u017ee Rado\u0161, biskup vara\u017edinski. U utorak je u 16:00 sati susret ovogodi\u0161njih kandidata za krizmu <a href=\"https:\/\/svetaobitelj.hr\/?p=1452\" class=\"more-link\">[&hellip;]<\/a><\/p>\n","protected":false},"author":2,"featured_media":0,"comment_status":"closed","ping_status":"open","sticky":false,"template":"","format":"standard","meta":{"footnotes":""},"categories":[3],"tags":[],"class_list":["entry","author-","post-1452","post","type-post","status-publish","format-standard","category-zupa"],"_links":{"self":[{"href":"https:\/\/svetaobitelj.hr\/index.php?rest_route=\/wp\/v2\/posts\/1452","targetHints":{"allow":["GET"]}}],"collection":[{"href":"https:\/\/svetaobitelj.hr\/index.php?rest_route=\/wp\/v2\/posts"}],"about":[{"href":"https:\/\/svetaobitelj.hr\/index.php?rest_route=\/wp\/v2\/types\/post"}],"author":[{"embeddable":true,"href":"https:\/\/svetaobitelj.hr\/index.php?rest_route=\/wp\/v2\/users\/2"}],"replies":[{"embeddable":true,"href":"https:\/\/svetaobitelj.hr\/index.php?rest_route=%2Fwp%2Fv2%2Fcomments&post=1452"}],"version-history":[{"count":3,"href":"https:\/\/svetaobitelj.hr\/index.php?rest_route=\/wp\/v2\/posts\/1452\/revisions"}],"predecessor-version":[{"id":1457,"href":"https:\/\/svetaobitelj.hr\/index.php?rest_route=\/wp\/v2\/posts\/1452\/revisions\/1457"}],"wp:attachment":[{"href":"https:\/\/svetaobitelj.hr\/index.php?rest_route=%2Fwp%2Fv2%2Fmedia&parent=1452"}],"wp:term":[{"taxonomy":"category","embeddable":true,"href":"https:\/\/svetaobitelj.hr\/index.php?rest_route=%2Fwp%2Fv2%2Fcategories&post=1452"},{"taxonomy":"post_tag","embeddable":true,"href":"https:\/\/svetaobitelj.hr\/index.php?rest_route=%2Fwp%2Fv2%2Ftags&post=1452"}],"curies":[{"name":"wp","href":"https:\/\/api.w.org\/{rel}","templated":true}]}}