{"id":1450,"date":"2020-06-20T14:35:02","date_gmt":"2020-06-20T13:35:02","guid":{"rendered":"http:\/\/svetaobitelj.hr\/?p=1450"},"modified":"2020-06-20T14:35:02","modified_gmt":"2020-06-20T13:35:02","slug":"zupne-obavijesti-12-nedjelja-kroz-godinu-2","status":"publish","type":"post","link":"https:\/\/svetaobitelj.hr\/?p=1450","title":{"rendered":"\u017dupne obavijesti: 12. nedjelja kroz godinu"},"content":{"rendered":"\n<ul class=\"wp-block-list\"><li><strong>Danas slavimo dvanaestu nedjelju kroz godinu. <\/strong><\/li><\/ul>\n\n\n\n<ul class=\"wp-block-list\"><li><strong>U srijedu slavimo svetkovinu\nRo\u0111enje sv. Ivana Krstitelja. Svete mise su u 7:30 i 18:30 sati.<\/strong><\/li><\/ul>\n\n\n\n<ul class=\"wp-block-list\"><li><strong>U tijeku su predavanja\n\u201eObiteljskoga \u010detvrtka\u201c koje organizira Bra\u010dno i obiteljsko savjetovali\u0161te na\u0161e\nnadbiskupije, Institut za novu evangelizaciju \u201eSveti Ivan Pavao II\u201c i\nPovjerenstvo za brak i obitelj osje\u010dkih dekanata koje \u0107e biti preko Zoom\naplikacije. Vi\u0161e o tome imate na web stranici na\u0161e nadbiskupije.<\/strong><\/li><\/ul>\n\n\n\n<ul class=\"wp-block-list\"><li><strong>U subotu je susret na\u0161ega Mjesnog\nbratstva OFS-a u 16:00 sati koji je ujedno i Izborna skup\u0161tina.<\/strong><\/li><\/ul>\n\n\n\n<ul class=\"wp-block-list\"><li><strong>Sljede\u0107e nedjelje slavimo trinaestu\nnedjelju kroz godinu.<\/strong><\/li><\/ul>\n\n\n\n<ul class=\"wp-block-list\"><li><strong>U srpnju i kolovozu svete mise u\nna\u0161oj \u017eupnoj crkvi nedjeljom su u 7:00, 10:00 i 18:30 sati, tako da nema svetih\nmisa u 9:00 i u 11:00 sati.<\/strong><\/li><\/ul>\n\n\n\n<ul class=\"wp-block-list\"><li><strong>Slavlje svete Potvrde u na\u0161oj\n\u017eupi bit \u0107e 11. srpnja u 17:00 sati. Djelitelj sakramenta bit \u0107e mons. Luka\nStrgar, delegat na\u0161ega nadbiskupa \u0110ure. Taj dan ne\u0107e biti svete mise u 18:30 sati,\na primljenu misnu nakanu za tu misu odslu\u017eit \u0107emo pod misom u 17:00 sati.<\/strong><\/li><\/ul>\n\n\n\n<ul class=\"wp-block-list\"><li><strong>Prilikom razornog potresa u\nZagrebu i njegovoj okolici te\u0161ko je o\u0161te\u0107ena i na\u0161a franjeva\u010dka crkva i\nsamostan na Kaptolu. Pozivamo vas da svojim nov\u010danim prilozima pomognemo obnovu\ncrkve i samostana na Kaptolu u Zagrebu. Svoje priloge mo\u017eete dati u ozna\u010denu\n\u0161krabicu pri izlazu iz crkve ili u \u017eupnom uredu u uredovno vrijeme. <\/strong><\/li><\/ul>\n\n\n\n<ul class=\"wp-block-list\"><li><strong>Proteklog tjedna u na\u0161em\nfranjeva\u010dkom samostanu u Rovinju odr\u017ean je 41. Provincijski kapitul na\u0161e\nHrvatske franjeva\u010dke provincije sv. \u0106irila i Metoda koji je ujedno bio i\nIzborni. Izabrani su: fra Milan Kri\u0161to je provincijalni ministar, fra Dragutin\nBedeni\u010di\u0107 je vikar Provincije, definitori su fra Smiljan Beri\u0161i\u0107, fra Robert\nPeri\u0161i\u0107, fra Krunoslav Kocijan, fra Ratko Radi\u0161i\u0107, fra Marko Pusti\u0161ek i fra\nDanijel Patafta.<\/strong><\/li><\/ul>\n\n\n\n<ol class=\"wp-block-list\"><li><strong>Kupujte i \u010ditajte vjerski tisak. <\/strong><\/li><\/ol>\n","protected":false},"excerpt":{"rendered":"<p>Danas slavimo dvanaestu nedjelju kroz godinu. U srijedu slavimo svetkovinu Ro\u0111enje sv. Ivana Krstitelja. Svete mise su u 7:30 i 18:30 sati. U tijeku su predavanja \u201eObiteljskoga \u010detvrtka\u201c koje organizira Bra\u010dno i obiteljsko savjetovali\u0161te na\u0161e nadbiskupije, Institut za novu evangelizaciju \u201eSveti Ivan Pavao II\u201c i Povjerenstvo za brak i obitelj osje\u010dkih dekanata koje \u0107e biti <a href=\"https:\/\/svetaobitelj.hr\/?p=1450\" class=\"more-link\">[&hellip;]<\/a><\/p>\n","protected":false},"author":2,"featured_media":0,"comment_status":"closed","ping_status":"open","sticky":false,"template":"","format":"standard","meta":{"footnotes":""},"categories":[3],"tags":[],"class_list":["entry","author-","post-1450","post","type-post","status-publish","format-standard","category-zupa"],"_links":{"self":[{"href":"https:\/\/svetaobitelj.hr\/index.php?rest_route=\/wp\/v2\/posts\/1450","targetHints":{"allow":["GET"]}}],"collection":[{"href":"https:\/\/svetaobitelj.hr\/index.php?rest_route=\/wp\/v2\/posts"}],"about":[{"href":"https:\/\/svetaobitelj.hr\/index.php?rest_route=\/wp\/v2\/types\/post"}],"author":[{"embeddable":true,"href":"https:\/\/svetaobitelj.hr\/index.php?rest_route=\/wp\/v2\/users\/2"}],"replies":[{"embeddable":true,"href":"https:\/\/svetaobitelj.hr\/index.php?rest_route=%2Fwp%2Fv2%2Fcomments&post=1450"}],"version-history":[{"count":1,"href":"https:\/\/svetaobitelj.hr\/index.php?rest_route=\/wp\/v2\/posts\/1450\/revisions"}],"predecessor-version":[{"id":1451,"href":"https:\/\/svetaobitelj.hr\/index.php?rest_route=\/wp\/v2\/posts\/1450\/revisions\/1451"}],"wp:attachment":[{"href":"https:\/\/svetaobitelj.hr\/index.php?rest_route=%2Fwp%2Fv2%2Fmedia&parent=1450"}],"wp:term":[{"taxonomy":"category","embeddable":true,"href":"https:\/\/svetaobitelj.hr\/index.php?rest_route=%2Fwp%2Fv2%2Fcategories&post=1450"},{"taxonomy":"post_tag","embeddable":true,"href":"https:\/\/svetaobitelj.hr\/index.php?rest_route=%2Fwp%2Fv2%2Ftags&post=1450"}],"curies":[{"name":"wp","href":"https:\/\/api.w.org\/{rel}","templated":true}]}}