{"id":1446,"date":"2020-06-16T21:27:21","date_gmt":"2020-06-16T20:27:21","guid":{"rendered":"http:\/\/svetaobitelj.hr\/?p=1446"},"modified":"2020-06-16T21:27:21","modified_gmt":"2020-06-16T20:27:21","slug":"cestitke-nasem-zupniku","status":"publish","type":"post","link":"https:\/\/svetaobitelj.hr\/?p=1446","title":{"rendered":"\u010cestitke na\u0161em \u017eupniku"},"content":{"rendered":"\n<p>Na redovitom 41. kapitulu Hrvatske franjeva\u010dke provincije sv. \u0106irila i Metoda, koji se odr\u017eava u samostanu sv. Franje u Rovinju pod predsjedanjem generalnog vizitatora fra Domagoja Runje, \u010dlana Franjeva\u010dke provincije Presvetog Otkupitelja iz Splita, u utorak 16. lipnja 2020. izabrana je nova Uprava Provincije.<\/p>\n\n\n\n<p>Nakon brojanja glasa\u010dkih listi\u0107a koji su pristigli od bra\u0107e iz cijele provincije, te nakon glasanja bra\u0107e prisutne na Kapitulu, na\u0161a zajednica je dobila novu upravu koja \u0107e slu\u017eiti u tome sastavu sljede\u0107e tri godine (<em>osim provincijalnog ministra koji se bira na \u0161est godina<\/em>).<\/p>\n\n\n\n<p>Po odluci bra\u0107e koja su izrazila svoju volju odlu\u010deno je da \u0107e sljede\u0107a bra\u0107a biti u upravi provincije:<\/p>\n\n\n\n<p><strong>Provincijalni ministar: fra Milan Kri\u0161to<\/strong><\/p>\n\n\n\n<p><strong>Vikar provincije (zamjenik): fra Dragutin Bedeni\u010di\u0107<\/strong><\/p>\n\n\n\n<p><strong>Definitori:&nbsp;<\/strong><\/p>\n\n\n\n<ol class=\"wp-block-list\"><li><strong>fra Smiljan Beri\u0161i\u0107<\/strong><\/li><li><strong>fra Robert Peri\u0161i\u0107<\/strong><\/li><li><strong>fra Krunoslav Kocijan<\/strong><\/li><li><strong>fra Ratko Radi\u0161i\u0107<\/strong><\/li><li><strong>fra Marko Pusti\u0161ek<\/strong><\/li><li><strong>fra Danijel Patafta<\/strong><\/li><\/ol>\n\n\n\n<p>Od srca \u010destitamo na\u0161em \u017eupniku fra Dragutinu na izabranoj slu\u017ebi vikara provincije( zamjenik provincijala), neka ga Gospodin prati na tome putu kako bi i dalje svojim nesebi\u010dnim zalaganjem, trudom i otvorena srca bio na blagoslov bra\u0107i fratrima i svima nama. Pratio ga zagovor svetoga Franje \u010diji primjer itekako nasljeduje.<\/p>\n\n\n\n<figure class=\"wp-block-image size-large\"><img loading=\"lazy\" decoding=\"async\" width=\"768\" height=\"514\" src=\"http:\/\/svetaobitelj.hr\/wp-content\/uploads\/2020\/06\/naslovna-768x514-1.jpg\" alt=\"\" class=\"wp-image-1447\" srcset=\"https:\/\/svetaobitelj.hr\/wp-content\/uploads\/2020\/06\/naslovna-768x514-1.jpg 768w, https:\/\/svetaobitelj.hr\/wp-content\/uploads\/2020\/06\/naslovna-768x514-1-300x201.jpg 300w\" sizes=\"auto, (max-width: 768px) 100vw, 768px\" \/><\/figure>\n","protected":false},"excerpt":{"rendered":"<p>Na redovitom 41. kapitulu Hrvatske franjeva\u010dke provincije sv. \u0106irila i Metoda, koji se odr\u017eava u samostanu sv. Franje u Rovinju pod predsjedanjem generalnog vizitatora fra Domagoja Runje, \u010dlana Franjeva\u010dke provincije Presvetog Otkupitelja iz Splita, u utorak 16. lipnja 2020. izabrana je nova Uprava Provincije. Nakon brojanja glasa\u010dkih listi\u0107a koji su pristigli od bra\u0107e iz cijele <a href=\"https:\/\/svetaobitelj.hr\/?p=1446\" class=\"more-link\">[&hellip;]<\/a><\/p>\n","protected":false},"author":2,"featured_media":0,"comment_status":"closed","ping_status":"open","sticky":false,"template":"","format":"standard","meta":{"footnotes":""},"categories":[3],"tags":[],"class_list":["entry","author-","post-1446","post","type-post","status-publish","format-standard","category-zupa"],"_links":{"self":[{"href":"https:\/\/svetaobitelj.hr\/index.php?rest_route=\/wp\/v2\/posts\/1446","targetHints":{"allow":["GET"]}}],"collection":[{"href":"https:\/\/svetaobitelj.hr\/index.php?rest_route=\/wp\/v2\/posts"}],"about":[{"href":"https:\/\/svetaobitelj.hr\/index.php?rest_route=\/wp\/v2\/types\/post"}],"author":[{"embeddable":true,"href":"https:\/\/svetaobitelj.hr\/index.php?rest_route=\/wp\/v2\/users\/2"}],"replies":[{"embeddable":true,"href":"https:\/\/svetaobitelj.hr\/index.php?rest_route=%2Fwp%2Fv2%2Fcomments&post=1446"}],"version-history":[{"count":1,"href":"https:\/\/svetaobitelj.hr\/index.php?rest_route=\/wp\/v2\/posts\/1446\/revisions"}],"predecessor-version":[{"id":1448,"href":"https:\/\/svetaobitelj.hr\/index.php?rest_route=\/wp\/v2\/posts\/1446\/revisions\/1448"}],"wp:attachment":[{"href":"https:\/\/svetaobitelj.hr\/index.php?rest_route=%2Fwp%2Fv2%2Fmedia&parent=1446"}],"wp:term":[{"taxonomy":"category","embeddable":true,"href":"https:\/\/svetaobitelj.hr\/index.php?rest_route=%2Fwp%2Fv2%2Fcategories&post=1446"},{"taxonomy":"post_tag","embeddable":true,"href":"https:\/\/svetaobitelj.hr\/index.php?rest_route=%2Fwp%2Fv2%2Ftags&post=1446"}],"curies":[{"name":"wp","href":"https:\/\/api.w.org\/{rel}","templated":true}]}}