{"id":1442,"date":"2020-06-16T21:17:16","date_gmt":"2020-06-16T20:17:16","guid":{"rendered":"http:\/\/svetaobitelj.hr\/?p=1442"},"modified":"2020-06-16T21:18:01","modified_gmt":"2020-06-16T20:18:01","slug":"nasi-redari-na-antunovu-u-tvrdi","status":"publish","type":"post","link":"https:\/\/svetaobitelj.hr\/?p=1442","title":{"rendered":"Na\u0161i redari na proslavi Antunova u Tvr\u0111i"},"content":{"rendered":"\n<p>Na poziv fra Ante Perkovi\u0107a,  gvardijana franjeva\u010dkoga samostana u Tvr\u0111i i na\u0161ega \u017eupnika fra Dragutin,  do\u0161li smo pomo\u0107i u organizaciji oko proslave sv. Antuna. Nas dvanaest redara koji i ina\u010de u ovo doba pandemije svakodnevno pazimo na to da se svi pridr\u017eavaju uputa na\u0161ega nadbiskupa, odazvali smo se i od 2 sata ujutro pa sve do 22 sata sudjelovali zajedno sa ostalim volonterima kako bi proslava sv. Antuna protekla u najboljem redu i sukladno uputama odgovornih za na\u0161e zdravlje u ovo doba corone. Sav trud, umor i iscrpljenost prikazali smo kao \u017ertvu i molitvu sv. Anti da nas i dalje zagovara kao svetac cijeloga svijeta. Nadamo se da slijede\u0107i puta kada izgubimo ne\u0161to sveti Ante \u0107e nam biti bliz i u pomo\u0107i.  Sveti Ante \u010duvaj nas &#8220;ju\u017enjake&#8221;.<\/p>\n\n\n\n<figure class=\"wp-block-image size-large\"><img loading=\"lazy\" decoding=\"async\" width=\"1024\" height=\"485\" src=\"http:\/\/svetaobitelj.hr\/wp-content\/uploads\/2020\/06\/104166341_395800828008313_602685266955097164_n-1024x485.jpg\" alt=\"\" class=\"wp-image-1443\" srcset=\"https:\/\/svetaobitelj.hr\/wp-content\/uploads\/2020\/06\/104166341_395800828008313_602685266955097164_n-1024x485.jpg 1024w, https:\/\/svetaobitelj.hr\/wp-content\/uploads\/2020\/06\/104166341_395800828008313_602685266955097164_n-300x142.jpg 300w, https:\/\/svetaobitelj.hr\/wp-content\/uploads\/2020\/06\/104166341_395800828008313_602685266955097164_n-768x363.jpg 768w, https:\/\/svetaobitelj.hr\/wp-content\/uploads\/2020\/06\/104166341_395800828008313_602685266955097164_n-1536x727.jpg 1536w, https:\/\/svetaobitelj.hr\/wp-content\/uploads\/2020\/06\/104166341_395800828008313_602685266955097164_n.jpg 2016w\" sizes=\"auto, (max-width: 1024px) 100vw, 1024px\" \/><\/figure>\n","protected":false},"excerpt":{"rendered":"<p>Na poziv fra Ante Perkovi\u0107a, gvardijana franjeva\u010dkoga samostana u Tvr\u0111i i na\u0161ega \u017eupnika fra Dragutin, do\u0161li smo pomo\u0107i u organizaciji oko proslave sv. Antuna. Nas dvanaest redara koji i ina\u010de u ovo doba pandemije svakodnevno pazimo na to da se svi pridr\u017eavaju uputa na\u0161ega nadbiskupa, odazvali smo se i od 2 sata ujutro pa sve <a href=\"https:\/\/svetaobitelj.hr\/?p=1442\" class=\"more-link\">[&hellip;]<\/a><\/p>\n","protected":false},"author":2,"featured_media":0,"comment_status":"closed","ping_status":"open","sticky":false,"template":"","format":"standard","meta":{"footnotes":""},"categories":[3],"tags":[],"class_list":["entry","author-","post-1442","post","type-post","status-publish","format-standard","category-zupa"],"_links":{"self":[{"href":"https:\/\/svetaobitelj.hr\/index.php?rest_route=\/wp\/v2\/posts\/1442","targetHints":{"allow":["GET"]}}],"collection":[{"href":"https:\/\/svetaobitelj.hr\/index.php?rest_route=\/wp\/v2\/posts"}],"about":[{"href":"https:\/\/svetaobitelj.hr\/index.php?rest_route=\/wp\/v2\/types\/post"}],"author":[{"embeddable":true,"href":"https:\/\/svetaobitelj.hr\/index.php?rest_route=\/wp\/v2\/users\/2"}],"replies":[{"embeddable":true,"href":"https:\/\/svetaobitelj.hr\/index.php?rest_route=%2Fwp%2Fv2%2Fcomments&post=1442"}],"version-history":[{"count":2,"href":"https:\/\/svetaobitelj.hr\/index.php?rest_route=\/wp\/v2\/posts\/1442\/revisions"}],"predecessor-version":[{"id":1445,"href":"https:\/\/svetaobitelj.hr\/index.php?rest_route=\/wp\/v2\/posts\/1442\/revisions\/1445"}],"wp:attachment":[{"href":"https:\/\/svetaobitelj.hr\/index.php?rest_route=%2Fwp%2Fv2%2Fmedia&parent=1442"}],"wp:term":[{"taxonomy":"category","embeddable":true,"href":"https:\/\/svetaobitelj.hr\/index.php?rest_route=%2Fwp%2Fv2%2Fcategories&post=1442"},{"taxonomy":"post_tag","embeddable":true,"href":"https:\/\/svetaobitelj.hr\/index.php?rest_route=%2Fwp%2Fv2%2Ftags&post=1442"}],"curies":[{"name":"wp","href":"https:\/\/api.w.org\/{rel}","templated":true}]}}