{"id":1438,"date":"2020-06-12T14:30:53","date_gmt":"2020-06-12T13:30:53","guid":{"rendered":"http:\/\/svetaobitelj.hr\/?p=1438"},"modified":"2020-06-12T14:32:00","modified_gmt":"2020-06-12T13:32:00","slug":"zupne-obavijesti-11-nedjelja-kroz-godinu-2","status":"publish","type":"post","link":"https:\/\/svetaobitelj.hr\/?p=1438","title":{"rendered":"\u017dupne obavijesti: 11. nedjelja kroz godinu"},"content":{"rendered":"\n<p>\u00a0\u00a0 <\/p>\n\n\n\n<ul class=\"wp-block-list\"><li><strong>Danas slavimo jedanaestu nedjelju kroz godinu. Djelatnici knji\u017eare UPT-e iz \u0110akova imaju prodajnu akciju knjiga nakon svetih misa od \u010dije prodaje \u017eele pomo\u0107i jednoj osje\u010dkoj obitelji u potrebi.<\/strong><\/li><\/ul>\n\n\n\n<ul class=\"wp-block-list\"><li><strong>Sutra zapo\u010dinje 41. Provincijski\nkapitul na\u0161e Hrvatske franjeva\u010dke provincije sv. \u0106irila i Metoda. Kapitul \u0107e\nbiti u Rovinju u na\u0161em Franjeva\u010dkom samostanu kada \u0107e, me\u0111u ostalim, biti i\nizbori za novoga provincijalnog ministra i \u010dlanove Uprave na\u0161e provincije. <\/strong><\/li><\/ul>\n\n\n\n<ul class=\"wp-block-list\"><li><strong>U utorak, s po\u010detkom u 19:00\nsati, odr\u017eat \u0107e se duhovno-molitveni susret Hrvatskoga lije\u010dni\u010dkog dru\u0161tva\npodru\u017enice Osijek. Susret zapo\u010dinje u crkvi sv. Roka (pored zgrade Vikarijata).<\/strong><\/li><\/ul>\n\n\n\n<ul class=\"wp-block-list\"><li><strong>U tijeku su predavanja\n\u201eObiteljskoga \u010detvrtka\u201c koje organizira Bra\u010dno i obiteljsko savjetovali\u0161te na\u0161e\nnadbiskupije, Institut za novu evangelizaciju \u201eSveti Ivan Pavao II\u201c i\nPovjerenstvo za brak i obitelj osje\u010dkih dekanata koje \u0107e biti preko Zoom\naplikacije. Vi\u0161e o tome imate na web stranici na\u0161e nadbiskupije.<\/strong><\/li><\/ul>\n\n\n\n<ul class=\"wp-block-list\"><li><strong>U petak slavimo blagdan Presveto\nSrce Isusovo, a u subotu spomendan Bezgre\u0161no Srce Marijino. Svete mise su u\n7:30 i 18:30 sati.<\/strong><\/li><\/ul>\n\n\n\n<ul class=\"wp-block-list\"><li><strong>U subotu \u0107e s po\u010detkom u 10:00\nsati u Nacionalnom sveti\u0161tu Majke Bo\u017eje Bistri\u010dke u Mariji Bistrici biti\nprezbitersko re\u0111enje \u010detvorice na\u0161e bra\u0107e: fra Gabrijela Bo\u0161njaka iz Vrpolja,\nfra Ivice Janji\u0107a iz Bo\u0161njaka, fra Davida Sedlara iz \u010cakovca i fra Sini\u0161e\nPuci\u0107a iz Rijeke. Zareditelj je kardinal Josip Bozani\u0107, nadbiskup zagreba\u010dki.<\/strong><\/li><\/ul>\n\n\n\n<ul class=\"wp-block-list\"><li><strong>Sljede\u0107e nedjelje slavimo dvanaestu\nnedjelju kroz godinu.<\/strong><\/li><\/ul>\n\n\n\n<ul class=\"wp-block-list\"><li><strong>Svete mise imamo u gornjoj crkvi\nuz po\u0161tivanje fizi\u010dke distance i higijenskih uvjeta, a redari nam poma\u017eu pri odr\u017eavanju\ntih uvjeta. Uo\u010di svetih misa ispovijedamo u donjem dijelu crkve uz po\u0161tivanje\nfizi\u010dke distance. <\/strong><\/li><\/ul>\n\n\n\n<ul class=\"wp-block-list\"><li><strong>Susret na\u0161ega Mjesnog bratstva\nOFS-a, a ujedno i Izborna skup\u0161tina, bit \u0107e u subotu, 27. lipnja ove godine u\n16:00 sati.<\/strong><\/li><\/ul>\n\n\n\n<ul class=\"wp-block-list\"><li><strong>U srpnju i kolovozu svete mise u na\u0161oj \u017eupnoj crkvi nedjeljom su u 7:00, 10:00 i 18:30 sati, tako da nema svetih misa u 9:00 i u 11:00 sati.<\/strong><\/li><\/ul>\n\n\n\n<ul class=\"wp-block-list\"><li><strong>Slavlje svete Potvrde u na\u0161oj \u017eupi bit \u0107e 11. srpnja u 17:00 sati. Djelitelj sakramenta bit \u0107e mons. Luka Strgar, delegat na\u0161ega nadbiskupa \u0110ure. Taj dan ne\u0107e biti svete mise u 18:30 sati, a primljenu misnu nakanu za tu misu odslu\u017eit \u0107emo pod misom u 17:00 sati.<\/strong><\/li><\/ul>\n\n\n\n<ul class=\"wp-block-list\"><li><strong>Prilikom razornog potresa u Zagrebu i njegovoj okolici te\u0161ko je o\u0161te\u0107ena i na\u0161a franjeva\u010dka crkva i samostan na Kaptolu. Pozivamo vas da svojim nov\u010danim prilozima pomognemo obnovu crkve i samostana na Kaptolu u Zagrebu. Svoje priloge mo\u017eete dati u ozna\u010denu \u0161krabicu pri izlazu iz crkve ili u \u017eupnom uredu u uredovno vrijeme. Kupujte i \u010ditajte vjerski tisak.<\/strong><\/li><\/ul>\n\n\n\n<p><\/p>\n\n\n\n<p><\/p>\n","protected":false},"excerpt":{"rendered":"<p>\u00a0\u00a0 Danas slavimo jedanaestu nedjelju kroz godinu. Djelatnici knji\u017eare UPT-e iz \u0110akova imaju prodajnu akciju knjiga nakon svetih misa od \u010dije prodaje \u017eele pomo\u0107i jednoj osje\u010dkoj obitelji u potrebi. Sutra zapo\u010dinje 41. Provincijski kapitul na\u0161e Hrvatske franjeva\u010dke provincije sv. \u0106irila i Metoda. Kapitul \u0107e biti u Rovinju u na\u0161em Franjeva\u010dkom samostanu kada \u0107e, me\u0111u ostalim, <a href=\"https:\/\/svetaobitelj.hr\/?p=1438\" class=\"more-link\">[&hellip;]<\/a><\/p>\n","protected":false},"author":2,"featured_media":0,"comment_status":"closed","ping_status":"open","sticky":false,"template":"","format":"standard","meta":{"footnotes":""},"categories":[3],"tags":[],"class_list":["entry","author-","post-1438","post","type-post","status-publish","format-standard","category-zupa"],"_links":{"self":[{"href":"https:\/\/svetaobitelj.hr\/index.php?rest_route=\/wp\/v2\/posts\/1438","targetHints":{"allow":["GET"]}}],"collection":[{"href":"https:\/\/svetaobitelj.hr\/index.php?rest_route=\/wp\/v2\/posts"}],"about":[{"href":"https:\/\/svetaobitelj.hr\/index.php?rest_route=\/wp\/v2\/types\/post"}],"author":[{"embeddable":true,"href":"https:\/\/svetaobitelj.hr\/index.php?rest_route=\/wp\/v2\/users\/2"}],"replies":[{"embeddable":true,"href":"https:\/\/svetaobitelj.hr\/index.php?rest_route=%2Fwp%2Fv2%2Fcomments&post=1438"}],"version-history":[{"count":3,"href":"https:\/\/svetaobitelj.hr\/index.php?rest_route=\/wp\/v2\/posts\/1438\/revisions"}],"predecessor-version":[{"id":1441,"href":"https:\/\/svetaobitelj.hr\/index.php?rest_route=\/wp\/v2\/posts\/1438\/revisions\/1441"}],"wp:attachment":[{"href":"https:\/\/svetaobitelj.hr\/index.php?rest_route=%2Fwp%2Fv2%2Fmedia&parent=1438"}],"wp:term":[{"taxonomy":"category","embeddable":true,"href":"https:\/\/svetaobitelj.hr\/index.php?rest_route=%2Fwp%2Fv2%2Fcategories&post=1438"},{"taxonomy":"post_tag","embeddable":true,"href":"https:\/\/svetaobitelj.hr\/index.php?rest_route=%2Fwp%2Fv2%2Ftags&post=1438"}],"curies":[{"name":"wp","href":"https:\/\/api.w.org\/{rel}","templated":true}]}}