{"id":1435,"date":"2020-06-06T14:19:21","date_gmt":"2020-06-06T13:19:21","guid":{"rendered":"http:\/\/svetaobitelj.hr\/?p=1435"},"modified":"2020-06-06T14:19:22","modified_gmt":"2020-06-06T13:19:22","slug":"zupne-obavijesti-presveto-trojstvo-3","status":"publish","type":"post","link":"https:\/\/svetaobitelj.hr\/?p=1435","title":{"rendered":"\u017dupne obavijesti: Presveto   Trojstvo"},"content":{"rendered":"\n<ul class=\"wp-block-list\"><li><strong>Danas slavimo svetkovinu Presvetoga Trojstva. Ujedno je prva nedjelja u mjesecu kada se svojim molitvama i nov\u010danim prilozima sje\u0107amo na\u0161ih odgojnih ustanova \u2013 sjemeni\u0161ta te molimo za duhovna zvanja. Svoj nov\u010dani prilog za sjemeni\u0161ta mo\u017eete dati u ozna\u010denu \u0161krabicu pri izlazu iz crkve. <\/strong><\/li><\/ul>\n\n\n\n<ul class=\"wp-block-list\"><li><strong>Utorkom su \u017eupne kateheze za\novogodi\u0161nje krizmanike u gornjoj crkvi. Pobo\u017enost bl. Mariji od Propetoga\nPetkovi\u0107 je u utorak u 18:00 sati, a zavr\u0161etak pobo\u017enosti 13 utoraka na \u010dast\nsv. Antunu Padovanskom je u 18:15 sati. Isti dan, bit \u0107e u organizaciji udruge\nDUHOS i Ekumenske inicijative, predavanje na temu <em>\u017divjeti dijalog: tko je moj bli\u017enji?<\/em>, koje zapo\u010dinje u 20:00 sati u\ncrkvi sv. \u0106irila i Metoda u Osijeku. <\/strong><\/li><\/ul>\n\n\n\n<ul class=\"wp-block-list\"><li><strong>Nastavljaju se predavanja \u201eObiteljskoga\n\u010detvrtka\u201c koje organizira Bra\u010dno i obiteljsko savjetovali\u0161te na\u0161e nadbiskupije,\nInstitut za novu evangelizaciju \u201eSveti Ivan Pavao II\u201c i Povjerenstvo za brak i\nobitelj osje\u010dkih dekanata koje \u0107e biti preko Zoom aplikacije. Vi\u0161e o tome imate\nna web stranici na\u0161e nadbiskupije.<\/strong><\/li><\/ul>\n\n\n\n<ul class=\"wp-block-list\"><li><strong>U \u010detvrtak slavimo Tijelovo \u2013\nzapovijedanu svetkovinu Presvetoga Tijela i Krvi Kristove. Svete mise su prema\nnedjeljnom rasporedu: 7:00, 9:00, 11:00 i 18:30 sati. Ne\u0107emo imati procesiju.<\/strong><\/li><\/ul>\n\n\n\n<ul class=\"wp-block-list\"><li><strong>U subotu ne\u0107e biti svetih misa u\nna\u0161oj \u017eupi. U franjeva\u010dkoj crkvi u Tvr\u0111i slavimo sv. Antuna Padovanskog. Vi\u0161e o\ntome imate na oglasnoj plo\u010di.<\/strong><\/li><\/ul>\n\n\n\n<ul class=\"wp-block-list\"><li><strong>Sljede\u0107e nedjelje slavimo\njedanaestu nedjelju kroz godinu. Djelatnici knji\u017eare UPT-e iz \u0110akova imat \u0107e\nprodajnu akciju knjiga nakon svetih misa od \u010dije prodaje \u017eele pomo\u0107i jednoj\nosje\u010dkoj obitelji u potrebi.<\/strong><\/li><\/ul>\n\n\n\n<ul class=\"wp-block-list\"><li><strong>Svete mise imamo u gornjoj crkvi\nuz po\u0161tivanje fizi\u010dke distance i higijenskih uvjeta. Uo\u010di svetih misa ispovijedamo\nu donjem dijelu crkve uz po\u0161tivanje distance i no\u0161enja za\u0161titnih maski za lice.\n<\/strong><\/li><\/ul>\n\n\n\n<ul class=\"wp-block-list\"><li><strong>U \u017eupnom uredu uredujemo prema\nuredovnom vremenu.<\/strong><\/li><\/ul>\n\n\n\n<ul class=\"wp-block-list\"><li><strong>Slavlje svete Potvrde u na\u0161oj\n\u017eupi bit \u0107e 11. srpnja u 17:00 sati. Djelitelj sakramenta bit \u0107e mons. Luka\nStrgar, delegat na\u0161ega nadbiskupa \u0110ure. Taj dan ne\u0107e biti svete mise u 18:30\nsati, a primljenu misnu intenciju za tu misu odslu\u017eit \u0107emo pod misom u 17:00\nsati.<\/strong><\/li><\/ul>\n\n\n\n<ol class=\"wp-block-list\"><li><strong>Prilikom razornog potresa u\nZagrebu i njegovoj okolici te\u0161ko je o\u0161te\u0107ena i na\u0161a franjeva\u010dka crkva i samostan\nna Kaptolu tako da do daljnjega, odnosno do popravka koji \u0107e biti dug i skup,\nne\u0107e biti mogu\u0107nost slavljenja svetih misa niti ispovijedanja u crkvi niti\nstanovanja na\u0161ih fratara i sjemeni\u0161taraca u samostanu kao niti bilo kakvih drugih\naktivnosti po \u010demu je poznat na\u0161 samostan u Zagrebu. Pozivamo vas da svojim\nnov\u010danim prilozima pomognemo obnovu crkve i samostana na Kaptolu u Zagrebu.\nSvoje priloge mo\u017eete dati u ozna\u010denu \u0161krabicu pri izlazu iz crkve ili u \u017eupnom\nuredu u uredovno vrijeme. <\/strong><\/li><\/ol>\n\n\n\n<ul class=\"wp-block-list\"><li><strong>Kupujte i \u010ditajte vjerski tisak. <\/strong><\/li><\/ul>\n","protected":false},"excerpt":{"rendered":"<p>Danas slavimo svetkovinu Presvetoga Trojstva. Ujedno je prva nedjelja u mjesecu kada se svojim molitvama i nov\u010danim prilozima sje\u0107amo na\u0161ih odgojnih ustanova \u2013 sjemeni\u0161ta te molimo za duhovna zvanja. Svoj nov\u010dani prilog za sjemeni\u0161ta mo\u017eete dati u ozna\u010denu \u0161krabicu pri izlazu iz crkve. Utorkom su \u017eupne kateheze za ovogodi\u0161nje krizmanike u gornjoj crkvi. Pobo\u017enost bl. <a href=\"https:\/\/svetaobitelj.hr\/?p=1435\" class=\"more-link\">[&hellip;]<\/a><\/p>\n","protected":false},"author":2,"featured_media":0,"comment_status":"closed","ping_status":"open","sticky":false,"template":"","format":"standard","meta":{"footnotes":""},"categories":[3],"tags":[],"class_list":["entry","author-","post-1435","post","type-post","status-publish","format-standard","category-zupa"],"_links":{"self":[{"href":"https:\/\/svetaobitelj.hr\/index.php?rest_route=\/wp\/v2\/posts\/1435","targetHints":{"allow":["GET"]}}],"collection":[{"href":"https:\/\/svetaobitelj.hr\/index.php?rest_route=\/wp\/v2\/posts"}],"about":[{"href":"https:\/\/svetaobitelj.hr\/index.php?rest_route=\/wp\/v2\/types\/post"}],"author":[{"embeddable":true,"href":"https:\/\/svetaobitelj.hr\/index.php?rest_route=\/wp\/v2\/users\/2"}],"replies":[{"embeddable":true,"href":"https:\/\/svetaobitelj.hr\/index.php?rest_route=%2Fwp%2Fv2%2Fcomments&post=1435"}],"version-history":[{"count":1,"href":"https:\/\/svetaobitelj.hr\/index.php?rest_route=\/wp\/v2\/posts\/1435\/revisions"}],"predecessor-version":[{"id":1436,"href":"https:\/\/svetaobitelj.hr\/index.php?rest_route=\/wp\/v2\/posts\/1435\/revisions\/1436"}],"wp:attachment":[{"href":"https:\/\/svetaobitelj.hr\/index.php?rest_route=%2Fwp%2Fv2%2Fmedia&parent=1435"}],"wp:term":[{"taxonomy":"category","embeddable":true,"href":"https:\/\/svetaobitelj.hr\/index.php?rest_route=%2Fwp%2Fv2%2Fcategories&post=1435"},{"taxonomy":"post_tag","embeddable":true,"href":"https:\/\/svetaobitelj.hr\/index.php?rest_route=%2Fwp%2Fv2%2Ftags&post=1435"}],"curies":[{"name":"wp","href":"https:\/\/api.w.org\/{rel}","templated":true}]}}