{"id":1427,"date":"2020-05-30T15:06:23","date_gmt":"2020-05-30T14:06:23","guid":{"rendered":"http:\/\/svetaobitelj.hr\/?p=1427"},"modified":"2020-05-30T15:06:24","modified_gmt":"2020-05-30T14:06:24","slug":"zupne-obavijesti-duhovi-3","status":"publish","type":"post","link":"https:\/\/svetaobitelj.hr\/?p=1427","title":{"rendered":"\u017dupne obavijesti: Duhovi"},"content":{"rendered":"\n<ul class=\"wp-block-list\"><li><strong>Danas slavimo svetkovinu Duhova, \u010dime zavr\u0161ava vazmeni ciklus u liturgijskoj ili crkvenoj godini. Zavr\u0161avaju i svibanjske pobo\u017enosti.<\/strong><\/li><\/ul>\n\n\n\n<ul class=\"wp-block-list\"><li><strong>Sutra slavimo godi\u0161njicu Posvete\nna\u0161e \u017eupne crkve. Svete mise su u 7:30 i 18:30 sati.<\/strong><\/li><\/ul>\n\n\n\n<ul class=\"wp-block-list\"><li><strong>U utorak nastavljamo sa \u017eupnim\nkatehezama za ovogodi\u0161nje krizmanike koje \u0107e biti u dvije skupine u gornjoj\ncrkvi u 15:00 i u 16:00 sati. Pobo\u017enost na \u010dast sv. Antunu Padovanskom je u\n18:15 sati.<\/strong><\/li><\/ul>\n\n\n\n<ul class=\"wp-block-list\"><li><strong>Ovaj tjedan su prvi petak i\nsubota u mjesecu. Pobo\u017enost Srcu Isusovom je u petak u 18:00 sati, a u subotu\npod ve\u010dernjom svetom misom molimo za duhovna zvanja. <\/strong><\/li><\/ul>\n\n\n\n<ul class=\"wp-block-list\"><li><strong>Sljede\u0107e nedjelje slavimo\nsvetkovinu Presvetoga Trojstva. Ujedno je prva nedjelja u mjesecu kada se\nsvojim molitvama i nov\u010danim prilozima sje\u0107amo na\u0161ih odgojnih ustanova \u2013\nsjemeni\u0161ta te molimo za duhovna zvanja. Pod jutarnjom svetom misom molit \u0107emo\nza dobro\u010dinitelje ove na\u0161e crkve i samostana.<\/strong><\/li><\/ul>\n\n\n\n<ul class=\"wp-block-list\"><li><strong>Svete mise imamo u gornjoj crkvi\nuz po\u0161tivanje fizi\u010dke distance i higijenskih uvjeta: dezinfekcija i no\u0161enje\nza\u0161titnih maski za lice. Redari na ulazu u crkvu nas usmjeravaju i poma\u017eu nam\nda se dr\u017eimo uputa na\u0161ega nadbiskupa. Uo\u010di svetih misa ispovijedamo u donjem\ndijelu crkve uz po\u0161tivanje distance i no\u0161enja za\u0161titnih maski za lice. <\/strong><\/li><\/ul>\n\n\n\n<ul class=\"wp-block-list\"><li><strong>U \u017eupnom uredu uredujemo prema uredovnom\nvremenu.<\/strong><\/li><\/ul>\n\n\n\n<ul class=\"wp-block-list\"><li><strong>Prilikom strahovitog potresa u\nZagrebu i njegovoj okolici, me\u0111u ostalima, te\u0161ko je o\u0161te\u0107ena i na\u0161a franjeva\u010dka\ncrkva i samostan na Kaptolu tako da do daljnjega, odnosno do popravka koji \u0107e\nbiti dug i skup, ne\u0107e biti mogu\u0107nost slavljenja svetih misa niti ispovijedanja\nu crkvi niti stanovanja na\u0161ih fratara i sjemeni\u0161taraca u samostanu kao niti\nbilo kakvih drugih aktivnosti po \u010demu je poznat na\u0161 Samostan u Zagrebu.\nVjeruju\u0107i u va\u0161u dobrotu i suosje\u0107ajnost, pozivamo vas da svojim nov\u010danim prilozima\npomognemo obnovu crkve i samostana na Kaptolu u Zagrebu. Svoje priloge mo\u017eete\ndati u ozna\u010denu \u0161krabicu pri izlazu iz crkve ili u \u017eupnom uredu u uredovno\nvrijeme. <\/strong><\/li><\/ul>\n\n\n\n<ul class=\"wp-block-list\"><li><strong>Kupujte i \u010ditajte vjerski tisak. <\/strong><\/li><\/ul>\n","protected":false},"excerpt":{"rendered":"<p>Danas slavimo svetkovinu Duhova, \u010dime zavr\u0161ava vazmeni ciklus u liturgijskoj ili crkvenoj godini. Zavr\u0161avaju i svibanjske pobo\u017enosti. Sutra slavimo godi\u0161njicu Posvete na\u0161e \u017eupne crkve. Svete mise su u 7:30 i 18:30 sati. U utorak nastavljamo sa \u017eupnim katehezama za ovogodi\u0161nje krizmanike koje \u0107e biti u dvije skupine u gornjoj crkvi u 15:00 i u 16:00 <a href=\"https:\/\/svetaobitelj.hr\/?p=1427\" class=\"more-link\">[&hellip;]<\/a><\/p>\n","protected":false},"author":2,"featured_media":0,"comment_status":"closed","ping_status":"open","sticky":false,"template":"","format":"standard","meta":{"footnotes":""},"categories":[3],"tags":[],"class_list":["entry","author-","post-1427","post","type-post","status-publish","format-standard","category-zupa"],"_links":{"self":[{"href":"https:\/\/svetaobitelj.hr\/index.php?rest_route=\/wp\/v2\/posts\/1427","targetHints":{"allow":["GET"]}}],"collection":[{"href":"https:\/\/svetaobitelj.hr\/index.php?rest_route=\/wp\/v2\/posts"}],"about":[{"href":"https:\/\/svetaobitelj.hr\/index.php?rest_route=\/wp\/v2\/types\/post"}],"author":[{"embeddable":true,"href":"https:\/\/svetaobitelj.hr\/index.php?rest_route=\/wp\/v2\/users\/2"}],"replies":[{"embeddable":true,"href":"https:\/\/svetaobitelj.hr\/index.php?rest_route=%2Fwp%2Fv2%2Fcomments&post=1427"}],"version-history":[{"count":1,"href":"https:\/\/svetaobitelj.hr\/index.php?rest_route=\/wp\/v2\/posts\/1427\/revisions"}],"predecessor-version":[{"id":1428,"href":"https:\/\/svetaobitelj.hr\/index.php?rest_route=\/wp\/v2\/posts\/1427\/revisions\/1428"}],"wp:attachment":[{"href":"https:\/\/svetaobitelj.hr\/index.php?rest_route=%2Fwp%2Fv2%2Fmedia&parent=1427"}],"wp:term":[{"taxonomy":"category","embeddable":true,"href":"https:\/\/svetaobitelj.hr\/index.php?rest_route=%2Fwp%2Fv2%2Fcategories&post=1427"},{"taxonomy":"post_tag","embeddable":true,"href":"https:\/\/svetaobitelj.hr\/index.php?rest_route=%2Fwp%2Fv2%2Ftags&post=1427"}],"curies":[{"name":"wp","href":"https:\/\/api.w.org\/{rel}","templated":true}]}}