{"id":1424,"date":"2020-05-23T21:16:54","date_gmt":"2020-05-23T20:16:54","guid":{"rendered":"http:\/\/svetaobitelj.hr\/?p=1424"},"modified":"2020-05-23T21:16:55","modified_gmt":"2020-05-23T20:16:55","slug":"zupne-obavijesti-7-vazmena-nedjelja-2","status":"publish","type":"post","link":"https:\/\/svetaobitelj.hr\/?p=1424","title":{"rendered":"\u017dupne obavijesti: 7. vazmena nedjelja"},"content":{"rendered":"\n<ul class=\"wp-block-list\"><li>Danas slavimo sedmu vazmenu nedjelju. Iz Pisma o liturgijskim okupljanjima vjernika u \u0110akova\u010dko-osje\u010dkoj nadbiskupiji u vremenu  ubla\u017eenih mjera za sprje\u010davanje \u0161irenja bolesti Covid-19, kojega nam je uputio na\u0161 nadbiskup 22. svibnja ove godine, a mo\u017eete ga pro\u010ditati na oglasnoj plo\u010di kao i na web stranici Nadbiskupije, navedene mjere za\u0161tite od pandemijskog \u0161irenja zaraze su i dalje na snazi. <\/li><li>U tijeku su svibanjske pobo\u017enosti.<\/li><li>U utorak je pobo\u017enost na \u010dast sv. Antunu Padovanskom u 18:15 sati, a nakon ve\u010dernje svete mise, oko 19:00 sati, bit \u0107e susret i dogovor s  roditeljima ovogodi\u0161njih krizmanika prema uputama na\u0161ega nadbiskupa.<\/li><li>U subotu slavimo Dan dr\u017eavnosti. Svetu misu za Domovinu imat \u0107emo u 18:30 sati.<\/li><li>Sljede\u0107e nedjelje slavimo svetkovinu Duhova, \u010dime zavr\u0161ava vazmeni ciklus u liturgijskoj ili crkvenoj godini.<\/li><li>Do Nedjelje Presvetoga Trojstva, 7. lipnja ove godine, trebali bi dobiti od na\u0161ega nadbiskupa, mons. \u0110ure Hrani\u0107a, raspored krizmi s imenima krizmatelja za sve \u017eupe na\u0161e nadbiskupije pa \u0107emo tada i znati kada \u0107e biti primanje svete Potvrde u na\u0161oj \u017eupi. \u0160to se ti\u010de slavlja Prve Ispovijedi i Pri\u010desti u na\u0161oj \u017eupi imat \u0107emo u mjesecu listopadu ove godine, a za redovite \u017eupne kateheze bit \u0107ete na vrijeme obavje\u0161teni kao i za uvjete kako nam nala\u017ee na\u0161 nadbiskup.<\/li><li>Svete mise imamo u gornjoj crkvi uz po\u0161tivanje fizi\u010dke distance i higijenskih uvjeta: dezinfekcija i no\u0161enje za\u0161titnih maski za lice. Redari na ulazu u crkvu nas usmjeravaju i poma\u017eu nam da se dr\u017eimo uputa na\u0161ega nadbiskupa. Uo\u010di svetih misa ispovijedamo u donjem dijelu crkve uz po\u0161tivanje distance i no\u0161enja za\u0161titnih maski za lice.<\/li><li>U \u017eupnom uredu uredujemo prema uredovnom vremenu.<\/li><li>Prilikom strahovitog potresa u Zagrebu i njegovoj okolici, me\u0111u ostalima, te\u0161ko je o\u0161te\u0107ena i na\u0161a franjeva\u010dka crkva i samostan na Kaptolu tako da do daljnjega, odnosno do popravka koji \u0107e biti dug i skup, ne\u0107e biti mogu\u0107nost slavljenja svetih misa niti ispovijedanja u crkvi niti stanovanja na\u0161ih fratara i sjemeni\u0161taraca u samostanu kao niti bilo kakvih drugih aktivnosti po \u010demu je poznat na\u0161 Samostan u Zagrebu. Vjeruju\u0107i u va\u0161u dobrotu i suosje\u0107ajnost, pozivamo vas da svojim nov\u010danim prilozima pomognemo obnovu crkve i samostana na Kaptolu u Zagrebu. Svoje priloge mo\u017eete dati u ozna\u010denu \u0161krabicu pri izlazu iz crkve ili u \u017eupnom uredu u uredovno vrijeme.<\/li><li>Kupujte i \u010ditajte vjerski tisak.<\/li><\/ul>\n","protected":false},"excerpt":{"rendered":"<p>Danas slavimo sedmu vazmenu nedjelju. Iz Pisma o liturgijskim okupljanjima vjernika u \u0110akova\u010dko-osje\u010dkoj nadbiskupiji u vremenu ubla\u017eenih mjera za sprje\u010davanje \u0161irenja bolesti Covid-19, kojega nam je uputio na\u0161 nadbiskup 22. svibnja ove godine, a mo\u017eete ga pro\u010ditati na oglasnoj plo\u010di kao i na web stranici Nadbiskupije, navedene mjere za\u0161tite od pandemijskog \u0161irenja zaraze su i <a href=\"https:\/\/svetaobitelj.hr\/?p=1424\" class=\"more-link\">[&hellip;]<\/a><\/p>\n","protected":false},"author":2,"featured_media":0,"comment_status":"closed","ping_status":"open","sticky":false,"template":"","format":"standard","meta":{"footnotes":""},"categories":[3],"tags":[],"class_list":["entry","author-","post-1424","post","type-post","status-publish","format-standard","category-zupa"],"_links":{"self":[{"href":"https:\/\/svetaobitelj.hr\/index.php?rest_route=\/wp\/v2\/posts\/1424","targetHints":{"allow":["GET"]}}],"collection":[{"href":"https:\/\/svetaobitelj.hr\/index.php?rest_route=\/wp\/v2\/posts"}],"about":[{"href":"https:\/\/svetaobitelj.hr\/index.php?rest_route=\/wp\/v2\/types\/post"}],"author":[{"embeddable":true,"href":"https:\/\/svetaobitelj.hr\/index.php?rest_route=\/wp\/v2\/users\/2"}],"replies":[{"embeddable":true,"href":"https:\/\/svetaobitelj.hr\/index.php?rest_route=%2Fwp%2Fv2%2Fcomments&post=1424"}],"version-history":[{"count":2,"href":"https:\/\/svetaobitelj.hr\/index.php?rest_route=\/wp\/v2\/posts\/1424\/revisions"}],"predecessor-version":[{"id":1426,"href":"https:\/\/svetaobitelj.hr\/index.php?rest_route=\/wp\/v2\/posts\/1424\/revisions\/1426"}],"wp:attachment":[{"href":"https:\/\/svetaobitelj.hr\/index.php?rest_route=%2Fwp%2Fv2%2Fmedia&parent=1424"}],"wp:term":[{"taxonomy":"category","embeddable":true,"href":"https:\/\/svetaobitelj.hr\/index.php?rest_route=%2Fwp%2Fv2%2Fcategories&post=1424"},{"taxonomy":"post_tag","embeddable":true,"href":"https:\/\/svetaobitelj.hr\/index.php?rest_route=%2Fwp%2Fv2%2Ftags&post=1424"}],"curies":[{"name":"wp","href":"https:\/\/api.w.org\/{rel}","templated":true}]}}