{"id":1418,"date":"2020-05-09T16:44:42","date_gmt":"2020-05-09T15:44:42","guid":{"rendered":"http:\/\/svetaobitelj.hr\/?p=1418"},"modified":"2020-05-09T16:44:42","modified_gmt":"2020-05-09T15:44:42","slug":"zupne-obavijesti-5-vazmena-nedjelja-2","status":"publish","type":"post","link":"https:\/\/svetaobitelj.hr\/?p=1418","title":{"rendered":"\u017dupne obavijesti: 5. vazmena nedjelja"},"content":{"rendered":"\n<ul class=\"wp-block-list\"><li><strong>Danas slavimo petu vazmenu nedjelju, a ujedno je i druga nedjelja u svibnju kada slavimo Maj\u010din dan. Na kraju svetih misa imamo kratko klanjanje pred Presvetim \u010dime slavimo godi\u0161nje klanjanje i zahvaljujemo Bogu za sve milosti koje smo do\u017eivjeli u proteklom vremenu, a osobito za one koji su brinuli, a i nadalje brinu, za na\u0161e zdravlje. Na\u0161a Hrvatska franjeva\u010dka provincija sv. \u0106irila i Metoda slavi nebesku za\u0161titnicu Gospu Trsatsku koju liturgijski sutra proslavljamo.<\/strong><\/li><\/ul>\n\n\n\n<ul class=\"wp-block-list\"><li><strong>U tijeku su svibanjske\npobo\u017enosti. <\/strong><\/li><\/ul>\n\n\n\n<ul class=\"wp-block-list\"><li><strong>U utorak je pobo\u017enost na \u010dast sv.\nAntunu Padovanskom u 18:15 sati.<\/strong><\/li><\/ul>\n\n\n\n<ul class=\"wp-block-list\"><li><strong>Sljede\u0107e nedjelje slavimo \u0161estu\nvazmenu nedjelju.<\/strong><\/li><\/ul>\n\n\n\n<ul class=\"wp-block-list\"><li><strong>Do daljnjega se otkazuju slavlja\nprve pri\u010desti, potvrde, \u017eupne kateheze, probe pjevanja na\u0161ih zborova, susreti\nministranata kao i drugi susreti skupina vjernika (\u017dPV, \u017dEV, \u010dita\u010di, biblijski\nsat, udruge\u2026). Svete mise imamo prema redovitom rasporedu u gornjoj crkvi uz\npo\u0161tivanje fizi\u010dke distance i higijenskih uvjeta (dezinfekcija i no\u0161enje\nza\u0161titnih maski za lice), a osobito trebamo biti poslu\u0161ni prema uputama na\u0161ega\nnadbiskupa. Na\u0161i redari nas usmjeravaju i poma\u017eu nam da se dr\u017eimo tih uputa.\nUo\u010di svetih misa ispovijedamo u donjem dijelu crkve uz po\u0161tivanje distance i\nno\u0161enja za\u0161titnih maski za lice. U \u017eupnom uredu uredujemo prema uredovnom vremenu.<\/strong><\/li><\/ul>\n\n\n\n<ul class=\"wp-block-list\"><li><strong>Vjerujem da smo upoznati s\nposljedicama strahovitog potresa u Zagrebu i njegovoj okolici. Tom prilikom je\nte\u0161ko o\u0161te\u0107ena na\u0161a franjeva\u010dka crkva i samostan na Kaptolu tako da do\ndaljnjega, odnosno do popravka koji \u0107e biti dug i skup, ne\u0107e biti mogu\u0107nost\nslavljenja svetih misa niti ispovijedanja u crkvi niti stanovanja na\u0161ih fratara\ni sjemeni\u0161taraca u samostanu kao niti bilo kakvih drugih aktivnosti po \u010demu je\npoznat na\u0161 samostan u Zagrebu. Vjeruju\u0107i u va\u0161u dobrotu i suosje\u0107ajnost,\npozivamo vas da svojim nov\u010danim prilozima pomognemo obnovu crkve i samostana na\nKaptolu u Zagrebu. Svoje priloge mo\u017eete dati u ozna\u010denu \u0161krabicu pri izlazu iz\ncrkve ili u \u017eupnom uredu u uredovno vrijeme. <\/strong><\/li><\/ul>\n\n\n\n<ul class=\"wp-block-list\"><li><strong>Kupujte i \u010ditajte vjerski tisak. <\/strong><\/li><\/ul>\n","protected":false},"excerpt":{"rendered":"<p>Danas slavimo petu vazmenu nedjelju, a ujedno je i druga nedjelja u svibnju kada slavimo Maj\u010din dan. Na kraju svetih misa imamo kratko klanjanje pred Presvetim \u010dime slavimo godi\u0161nje klanjanje i zahvaljujemo Bogu za sve milosti koje smo do\u017eivjeli u proteklom vremenu, a osobito za one koji su brinuli, a i nadalje brinu, za na\u0161e <a href=\"https:\/\/svetaobitelj.hr\/?p=1418\" class=\"more-link\">[&hellip;]<\/a><\/p>\n","protected":false},"author":2,"featured_media":0,"comment_status":"closed","ping_status":"open","sticky":false,"template":"","format":"standard","meta":{"footnotes":""},"categories":[3],"tags":[],"class_list":["entry","author-","post-1418","post","type-post","status-publish","format-standard","category-zupa"],"_links":{"self":[{"href":"https:\/\/svetaobitelj.hr\/index.php?rest_route=\/wp\/v2\/posts\/1418","targetHints":{"allow":["GET"]}}],"collection":[{"href":"https:\/\/svetaobitelj.hr\/index.php?rest_route=\/wp\/v2\/posts"}],"about":[{"href":"https:\/\/svetaobitelj.hr\/index.php?rest_route=\/wp\/v2\/types\/post"}],"author":[{"embeddable":true,"href":"https:\/\/svetaobitelj.hr\/index.php?rest_route=\/wp\/v2\/users\/2"}],"replies":[{"embeddable":true,"href":"https:\/\/svetaobitelj.hr\/index.php?rest_route=%2Fwp%2Fv2%2Fcomments&post=1418"}],"version-history":[{"count":1,"href":"https:\/\/svetaobitelj.hr\/index.php?rest_route=\/wp\/v2\/posts\/1418\/revisions"}],"predecessor-version":[{"id":1419,"href":"https:\/\/svetaobitelj.hr\/index.php?rest_route=\/wp\/v2\/posts\/1418\/revisions\/1419"}],"wp:attachment":[{"href":"https:\/\/svetaobitelj.hr\/index.php?rest_route=%2Fwp%2Fv2%2Fmedia&parent=1418"}],"wp:term":[{"taxonomy":"category","embeddable":true,"href":"https:\/\/svetaobitelj.hr\/index.php?rest_route=%2Fwp%2Fv2%2Fcategories&post=1418"},{"taxonomy":"post_tag","embeddable":true,"href":"https:\/\/svetaobitelj.hr\/index.php?rest_route=%2Fwp%2Fv2%2Ftags&post=1418"}],"curies":[{"name":"wp","href":"https:\/\/api.w.org\/{rel}","templated":true}]}}