{"id":1413,"date":"2020-05-02T13:48:12","date_gmt":"2020-05-02T12:48:12","guid":{"rendered":"http:\/\/svetaobitelj.hr\/?p=1413"},"modified":"2020-05-02T13:48:13","modified_gmt":"2020-05-02T12:48:13","slug":"za-ublazenje-mjera-spremni","status":"publish","type":"post","link":"https:\/\/svetaobitelj.hr\/?p=1413","title":{"rendered":"Za ubla\u017eenje mjera-spremni"},"content":{"rendered":"\n<figure class=\"wp-block-image size-large\"><img loading=\"lazy\" decoding=\"async\" width=\"1024\" height=\"1024\" src=\"http:\/\/svetaobitelj.hr\/wp-content\/uploads\/2020\/05\/slika1-1024x1024.jpg\" alt=\"\" class=\"wp-image-1414\" srcset=\"https:\/\/svetaobitelj.hr\/wp-content\/uploads\/2020\/05\/slika1-1024x1024.jpg 1024w, https:\/\/svetaobitelj.hr\/wp-content\/uploads\/2020\/05\/slika1-300x300.jpg 300w, https:\/\/svetaobitelj.hr\/wp-content\/uploads\/2020\/05\/slika1-150x150.jpg 150w, https:\/\/svetaobitelj.hr\/wp-content\/uploads\/2020\/05\/slika1-768x768.jpg 768w, https:\/\/svetaobitelj.hr\/wp-content\/uploads\/2020\/05\/slika1-1536x1536.jpg 1536w, https:\/\/svetaobitelj.hr\/wp-content\/uploads\/2020\/05\/slika1.jpg 1920w\" sizes=\"auto, (max-width: 1024px) 100vw, 1024px\" \/><\/figure>\n\n\n\n<p>Napokon je do\u0161ao i taj dan, opet mo\u017eemo kao vjernici sudjelovati na svetim misama. Zahvalni Bogu na tome okupilo se nas nekoliko volontera da pripremimo crkveni prostor prema uputama na\u0161ega nadbiskupa kao i HZJZ-a. Razmaknuli smo klupe na potrebnu udaljenost, dezinficirali i po\u010distili prostor, te pripremili sredstvo za dezinfekciju ruku kao i barijere za dezinfekciju obu\u0107e.  Svjesni situacije u kojoj se nalazimo, a \u017eele\u0107i biti na usluzi ostalim vjernicima i na\u0161em \u017eupniku dogovorili smo se i za volontiranje kao redari. Stoga, ako nas vidite u crnim majicama na ulazu, da usmjeravamo i dajemo naputke, nemojte biti ljuti na nas, nego znajte da ovo \u010dinimo na obostranu korist. Bogu hvala da mo\u017eemo proslavljati misu, budimo stoga odgovorni i slu\u0161ajmo upute kojih se svi moramo pridr\u017eavati. Jer i sami znamo koliko nam je nedostajala na\u0161a \u017eupna crkva, te zajedno u poslu\u0161nosti moramo nastojati da tako i ostane. Ponesimo maske, izmjerimo temperaturu prije polaska&#8230;A o tome jesmo li dovljno zdravi ili prestari odlu\u010dimo sami prema Uputama..<\/p>\n\n\n\n<p>U Marijinom mjesecu na sve zazivamo njen zagovor i blagoslov. Mir i dobro!<\/p>\n\n\n\n<figure class=\"wp-block-image size-large\"><img loading=\"lazy\" decoding=\"async\" width=\"1024\" height=\"1024\" src=\"http:\/\/svetaobitelj.hr\/wp-content\/uploads\/2020\/05\/slika2-1024x1024.jpg\" alt=\"\" class=\"wp-image-1415\" srcset=\"https:\/\/svetaobitelj.hr\/wp-content\/uploads\/2020\/05\/slika2-1024x1024.jpg 1024w, https:\/\/svetaobitelj.hr\/wp-content\/uploads\/2020\/05\/slika2-300x300.jpg 300w, https:\/\/svetaobitelj.hr\/wp-content\/uploads\/2020\/05\/slika2-150x150.jpg 150w, https:\/\/svetaobitelj.hr\/wp-content\/uploads\/2020\/05\/slika2-768x768.jpg 768w, https:\/\/svetaobitelj.hr\/wp-content\/uploads\/2020\/05\/slika2-1536x1536.jpg 1536w, https:\/\/svetaobitelj.hr\/wp-content\/uploads\/2020\/05\/slika2.jpg 1920w\" sizes=\"auto, (max-width: 1024px) 100vw, 1024px\" \/><\/figure>\n","protected":false},"excerpt":{"rendered":"<p>Napokon je do\u0161ao i taj dan, opet mo\u017eemo kao vjernici sudjelovati na svetim misama. Zahvalni Bogu na tome okupilo se nas nekoliko volontera da pripremimo crkveni prostor prema uputama na\u0161ega nadbiskupa kao i HZJZ-a. Razmaknuli smo klupe na potrebnu udaljenost, dezinficirali i po\u010distili prostor, te pripremili sredstvo za dezinfekciju ruku kao i barijere za dezinfekciju <a href=\"https:\/\/svetaobitelj.hr\/?p=1413\" class=\"more-link\">[&hellip;]<\/a><\/p>\n","protected":false},"author":2,"featured_media":0,"comment_status":"closed","ping_status":"open","sticky":false,"template":"","format":"standard","meta":{"footnotes":""},"categories":[3],"tags":[],"class_list":["entry","author-","post-1413","post","type-post","status-publish","format-standard","category-zupa"],"_links":{"self":[{"href":"https:\/\/svetaobitelj.hr\/index.php?rest_route=\/wp\/v2\/posts\/1413","targetHints":{"allow":["GET"]}}],"collection":[{"href":"https:\/\/svetaobitelj.hr\/index.php?rest_route=\/wp\/v2\/posts"}],"about":[{"href":"https:\/\/svetaobitelj.hr\/index.php?rest_route=\/wp\/v2\/types\/post"}],"author":[{"embeddable":true,"href":"https:\/\/svetaobitelj.hr\/index.php?rest_route=\/wp\/v2\/users\/2"}],"replies":[{"embeddable":true,"href":"https:\/\/svetaobitelj.hr\/index.php?rest_route=%2Fwp%2Fv2%2Fcomments&post=1413"}],"version-history":[{"count":1,"href":"https:\/\/svetaobitelj.hr\/index.php?rest_route=\/wp\/v2\/posts\/1413\/revisions"}],"predecessor-version":[{"id":1416,"href":"https:\/\/svetaobitelj.hr\/index.php?rest_route=\/wp\/v2\/posts\/1413\/revisions\/1416"}],"wp:attachment":[{"href":"https:\/\/svetaobitelj.hr\/index.php?rest_route=%2Fwp%2Fv2%2Fmedia&parent=1413"}],"wp:term":[{"taxonomy":"category","embeddable":true,"href":"https:\/\/svetaobitelj.hr\/index.php?rest_route=%2Fwp%2Fv2%2Fcategories&post=1413"},{"taxonomy":"post_tag","embeddable":true,"href":"https:\/\/svetaobitelj.hr\/index.php?rest_route=%2Fwp%2Fv2%2Ftags&post=1413"}],"curies":[{"name":"wp","href":"https:\/\/api.w.org\/{rel}","templated":true}]}}