{"id":1411,"date":"2020-05-02T13:06:09","date_gmt":"2020-05-02T12:06:09","guid":{"rendered":"http:\/\/svetaobitelj.hr\/?p=1411"},"modified":"2020-05-02T13:06:09","modified_gmt":"2020-05-02T12:06:09","slug":"zupne-obavijesti-4-vazmena-nedjelja-dobri-pastir","status":"publish","type":"post","link":"https:\/\/svetaobitelj.hr\/?p=1411","title":{"rendered":"\u017dupne obavijesti: 4. vazmena nedjelja &#8211; Dobri Pastir"},"content":{"rendered":"\n<p><\/p>\n\n\n\n<ol class=\"wp-block-list\"><li><strong>Radosni smo i Bogu zahvalni \u0161to\nsmijemo slaviti svete mise s vama vjernicima nakon vremena tzv. izolacije. Na\noglasnoj plo\u010di imate Pismo biskupa HBK-a sve\u0107enicima i vjernicima o slavljenju\nsvetih misa i drugih liturgijskih slavlja u vrijeme epidemije covid-19, kao i\nto \u0161to na\u0161 nadbiskup mons. \u0110uro Hrani\u0107 govori u Poruci sve\u0107enicima i vjernicima\nna\u0161e nadbiskupije. Hvala svima koji su i do sada bili poslu\u0161ni i pona\u0161ali se\nprema uputama, a jasno da smo i nadalje pozvani pona\u0161ati se i prema novim\npreporukama Hrvatskoga zavoda za javno zdravstvo, kako nas i poti\u010du na\u0161i\nbiskupi. Zbog situacije koju pro\u017eivljavamo do daljnjega se otkazuju slavlja\nprve pri\u010desti, potvrde, \u017eupnih kateheza, proba pjevanja na\u0161ih zborova, susreta\nministranata kao i drugih susreta skupina vjernika (\u017dPV, \u017dEV, \u010dita\u010di, biblijski\nsat, udruge\u2026). Svete mise imat \u0107emo u gornjoj crkvi uz po\u0161tivanje fizi\u010dke\ndistance i higijenskih uvjeta, a osobito biti poslu\u0161ni prema uputama na\u0161ega\nnadbiskupa. Na\u0161i redari \u0107e nas usmjeravati i pomo\u0107i nam da se dr\u017eimo uputa.\nIspovijed \u0107e biti u donjem dijelu crkve uz po\u0161tivanje distance i higijenskih\nuvjeta te uo\u010di svetih misa. U \u017eupnom uredu uredujemo prema uredovnom vremenu.<\/strong><\/li><\/ol>\n\n\n\n<ul class=\"wp-block-list\"><li><strong>Danas slavimo \u010detvrtu vazmenu\nnedjelju koja je ujedno i Nedjelja Dobrog Pastira kada molimo za duhovna\nzvanja. Prva je nedjelja u mjesecu kada svojim molitvama i nov\u010danim prilozima\npoma\u017eemo na\u0161im sjemeni\u0161tima. Svoj nov\u010dani dar mo\u017eete dati u ozna\u010denu \u0161krabicu\npri izlazu iz crkve.<\/strong><\/li><\/ul>\n\n\n\n<ul class=\"wp-block-list\"><li><strong>U tijeku su svibanjske\npobo\u017enosti. <\/strong><\/li><\/ul>\n\n\n\n<ul class=\"wp-block-list\"><li><strong>U utorak je pobo\u017enost na \u010dast sv.\nAntunu Padovanskom u 18:15 sati.<\/strong><\/li><\/ul>\n\n\n\n<ul class=\"wp-block-list\"><li><strong>Sljede\u0107e nedjelje slavimo petu\nvazmenu nedjelju, a ujedno je i druga nedjelja u svibnju kada slavimo Maj\u010din\ndan. U na\u0161oj je \u017eupi te nedjelje znalo biti i cjelodnevno klanjanje pred\nPresvetim. Mi \u0107emo na kraju svih svetih misa imati kratko klanjanje \u010dime bi\nujedno i zahvalili Bogu za sve milosti koje smo do\u017eivjeli u proteklom vremenu,\na osobito za one koji su brinuli, a i nadalje brinu, za na\u0161e zdravlje. <\/strong><\/li><\/ul>\n\n\n\n<ul class=\"wp-block-list\"><li><strong>Vjerujem da smo upoznati s\nposljedicama strahovitog potresa u Zagrebu i njegovoj okolici. Tom prilikom je\nte\u0161ko o\u0161te\u0107ena na\u0161a franjeva\u010dka crkva i samostan na Kaptolu tako da do\ndaljnjega, odnosno do popravka koji \u0107e biti dug i skup, ne\u0107e biti mogu\u0107nost\nslavljenja svetih misa niti ispovijedanja u crkvi niti stanovanja na\u0161ih fratara\ni sjemeni\u0161taraca u samostanu kao niti bilo kakvih drugih aktivnosti po \u010demu je\nbio poznat na\u0161 samostan u Zagrebu. Vjeruju\u0107i u va\u0161u dobrotu i suosje\u0107ajnost,\npozivamo vas da svojim nov\u010danim prilozima pomognemo obnovu crkve i samostana na\nKaptolu u Zagrebu. Svoje priloge mo\u017eete dati u ozna\u010denu \u0161krabicu pri izlazu iz\ncrkve. <\/strong><\/li><\/ul>\n\n\n\n<ul class=\"wp-block-list\"><li><strong>Kupujte i \u010ditajte vjerski tisak. <\/strong><\/li><\/ul>\n","protected":false},"excerpt":{"rendered":"<p>Radosni smo i Bogu zahvalni \u0161to smijemo slaviti svete mise s vama vjernicima nakon vremena tzv. izolacije. Na oglasnoj plo\u010di imate Pismo biskupa HBK-a sve\u0107enicima i vjernicima o slavljenju svetih misa i drugih liturgijskih slavlja u vrijeme epidemije covid-19, kao i to \u0161to na\u0161 nadbiskup mons. \u0110uro Hrani\u0107 govori u Poruci sve\u0107enicima i vjernicima na\u0161e <a href=\"https:\/\/svetaobitelj.hr\/?p=1411\" class=\"more-link\">[&hellip;]<\/a><\/p>\n","protected":false},"author":2,"featured_media":0,"comment_status":"closed","ping_status":"open","sticky":false,"template":"","format":"standard","meta":{"footnotes":""},"categories":[3],"tags":[],"class_list":["entry","author-","post-1411","post","type-post","status-publish","format-standard","category-zupa"],"_links":{"self":[{"href":"https:\/\/svetaobitelj.hr\/index.php?rest_route=\/wp\/v2\/posts\/1411","targetHints":{"allow":["GET"]}}],"collection":[{"href":"https:\/\/svetaobitelj.hr\/index.php?rest_route=\/wp\/v2\/posts"}],"about":[{"href":"https:\/\/svetaobitelj.hr\/index.php?rest_route=\/wp\/v2\/types\/post"}],"author":[{"embeddable":true,"href":"https:\/\/svetaobitelj.hr\/index.php?rest_route=\/wp\/v2\/users\/2"}],"replies":[{"embeddable":true,"href":"https:\/\/svetaobitelj.hr\/index.php?rest_route=%2Fwp%2Fv2%2Fcomments&post=1411"}],"version-history":[{"count":1,"href":"https:\/\/svetaobitelj.hr\/index.php?rest_route=\/wp\/v2\/posts\/1411\/revisions"}],"predecessor-version":[{"id":1412,"href":"https:\/\/svetaobitelj.hr\/index.php?rest_route=\/wp\/v2\/posts\/1411\/revisions\/1412"}],"wp:attachment":[{"href":"https:\/\/svetaobitelj.hr\/index.php?rest_route=%2Fwp%2Fv2%2Fmedia&parent=1411"}],"wp:term":[{"taxonomy":"category","embeddable":true,"href":"https:\/\/svetaobitelj.hr\/index.php?rest_route=%2Fwp%2Fv2%2Fcategories&post=1411"},{"taxonomy":"post_tag","embeddable":true,"href":"https:\/\/svetaobitelj.hr\/index.php?rest_route=%2Fwp%2Fv2%2Ftags&post=1411"}],"curies":[{"name":"wp","href":"https:\/\/api.w.org\/{rel}","templated":true}]}}