{"id":1409,"date":"2020-05-02T13:03:15","date_gmt":"2020-05-02T12:03:15","guid":{"rendered":"http:\/\/svetaobitelj.hr\/?p=1409"},"modified":"2020-05-02T13:03:15","modified_gmt":"2020-05-02T12:03:15","slug":"svim-zupama-dakovacko-osjecke-nadbiskupije","status":"publish","type":"post","link":"https:\/\/svetaobitelj.hr\/?p=1409","title":{"rendered":"Svim \u017eupama \u0110akova\u010dko-osje\u010dke nadbiskupije"},"content":{"rendered":"\n<p>\u0110akovo, 1. svibnja 2020.<\/p>\n\n\n\n<p>Broj: 309\/2020. -ad<\/p>\n\n\n\n<p>Predmet: Pismo o liturgijskim slavljima i okupljanjima\nvjernika u \u0110akova\u010dko-osje\u010dkoj <\/p>\n\n\n\n<p>&nbsp;&nbsp;&nbsp; nadbiskupiji u vremenu ubla\u017eenih mjera za\nsprje\u010davanje \u0161irenja bolesti Covid-19<\/p>\n\n\n\n<p>&nbsp;&nbsp;&nbsp;&nbsp;&nbsp;&nbsp;&nbsp;&nbsp;&nbsp;&nbsp;&nbsp;&nbsp;&nbsp;&nbsp;&nbsp;&nbsp;&nbsp;&nbsp;&nbsp;&nbsp;&nbsp;&nbsp;&nbsp; <strong>Svim\n\u017eupama \u0110akova\u010dko-osje\u010dke nadbiskupije<\/strong><\/p>\n\n\n\n<p>Draga bra\u0107o sve\u0107enici, redovnici i redovnice,<\/p>\n\n\n\n<p>dragi vjernici u \u0110akova\u010dko-osje\u010dkoj nadbiskupiji!<\/p>\n\n\n\n<p>Nakon \u0161to je Hrvatska\nbiskupska konferencija objavila prigodno pismo o slavljenju svetih misa i\ndrugih liturgijskih slavlja u vrijeme epidemije Covid-19, primili smo i\nnajnovije preporuke Hrvatskoga zavoda za javno zdravstvo koje se odnose na\ndjelomi\u010dno ubla\u017eavanje mjera ograni\u010davanja dru\u0161tvenih okupljanja u vremenu\npandemijske zaraze. Navedene se preporuke oslanjaju na odluku Vlade Republike\nHrvatske od 23. travnja o. g. i prihva\u0107anje zaklju\u010daka o postupnom popu\u0161tanju\nuvedenih mjera, uklju\u010duju\u0107i i dopu\u0161tanje vjerskih okupljanja, po\u010dev\u0161i od 2.\nsvibnja 2020., \u010dija je obustava bila donesena 19. o\u017eujka 2020. godine.<\/p>\n\n\n\n<p><strong><em>\u201eU krilu Crkve\nsveop\u0107e\u201c.<\/em><\/strong> Upravo mi taj zaziv\nna\u0161e molitvene pjesme doziva u srce razmjere iskustva \u0161to ga trenutno pro\u017eivljavamo,\ni mi ovdje, u svojim \u017eupama po na\u0161im selima i gradovima, ali zajedno s milijunima\nljudi i u duhovnom zajedni\u0161tvu s vjernicima diljem svijeta. A proteklo nam je razdoblje\nsvima donijelo sasvim izvanredna iskustva. Ljudskim smo o\u010dima mogli gledati\nsvijet zaustavljen pred opasno\u0161\u0107u i prijetnjom zaraze, u strahu i\nneizvjesnosti, ali su se o\u010ditovali i vrijedni koraci su\u0107uti, zajedni\u0161tva i\nsolidarnosti. U svemu je tako znakovito bilo i na\u0161e vjerni\u010dko kr\u0161\u0107ansko\niskustvo, u kojem smo i o\u010dima vjere pro\u017eivljavali sada\u0161nje stanje svijeta i\nna\u0161ih \u017eivota. Kakvu nam je samo divnu \u201e\u0161kolu\u201c zajedni\u0161tva i pouzdanja pru\u017eila\nona \u201e\u0161utnja\u201c u klanjaju i molitvi sa Svetim Ocem u Rimu protekloga 27. o\u017eujka!\nA koliko, jo\u0161 i vi\u0161e, slavlje Velikoga tjedna i Vazmenoga trodnevlja, iako smo\nbili primorani odre\u0107i se liturgijskoga zajedni\u0161tva u te najsvetije dane. Kao da\nnas je Gospodin, kao i svoje apostole, uputio na \u201esilazak\u201c s gore Tabora, gdje\nnam je \u201elijepo biti\u201c. A nas je, vjerujem, kr\u0161\u0107anski pogled, makar zabrinut,\nvodio do kri\u017ea Kristova, do svjedo\u010danstva Bo\u017eje blizine i ljubavi, koja je\nzasjala u doga\u0111aju uskrsnu\u0107a. To je trajno \u201esvijetlo na\u0161oj \u017eivotnoj stazi\u201c,\nutjeha i hrana, koja u svakome od nas obnavlja vjeru, nadu i ljubav, danas i\ndovijeka.<\/p>\n\n\n\n<p>I u ovoj prigodi svima vama\nod srca \u017eelim izraziti zahvalnost na razumijevanju, strpljenju i podno\u0161enju\nte\u0161kih i zahtjevnih mjera ograni\u010denja, koja su do sada bila na snazi. Zahvalni\nsmo \u0161to sada\u0161nje okolnosti omogu\u0107uju ubla\u017eavanje za\u0161titnih mjera, iako na\nobazriv i postupan na\u010din. Za na\u0161 crkveni \u017eivot i pastoralno djelovanje to zna\u010di\notvaranje puta prema postupnom vra\u0107anju u redovite na\u010dine na\u0161ih liturgijskih i\nmolitvenih susreta, kao i evangelizacijskoga pastoralno-katehetskoga rada.<\/p>\n\n\n\n<p>Pred nama je razdoblje\ndjelomi\u010dno ubla\u017eenih mjera za sprje\u010davanje \u0161irenja bolesti Covid-19 te danom 2.\nsvibnja 2020. prestaju zabrane liturgijskih slavlja s narodom, a na crkvenom se\npodru\u010dju opozivaju odredbe HBK izdane 19. o\u017eujka 2020.<\/p>\n\n\n\n<p>U prilogu vam dostavljamo dokument Hrvatskog zavoda za javno zdravstvo <em>Preporuke za sprje\u010davanje zaraze Covid-19 u\ncrkvenim prostorima vezano za vjerska okupljanja<\/em> te vas, kako je to\nistaknuto i u najnovijem zajedni\u010dkom pismu svih na\u0161ih biskupa, pozivam \u201eda\nih shvatimo ozbiljno, da ih po\u0161tujemo te da ih se savjesno pridr\u017eavamo\u201c.<\/p>\n\n\n\n<p>Vama, draga bra\u0107o sve\u0107enici pristupamo s najiskrenijim povjerenjem, u\nnadi da \u0107ete i u sada\u0161njim okolnostima znati mudro ostvarivati na\u010dela i\nzahtjeve svoje svete slu\u017ebe, razborito ih prilago\u0111avaju\u0107i onim zahtjevima koji\nse odnose na posebne mjere za\u0161tite ljudskoga zdravlja za vrijeme pandemijske\nzaraze.<\/p>\n\n\n\n<p>Navedene <em>Preporuke<\/em> u velikoj\nmjeri sadr\u017eavaju precizne upute za pripravu i ostvarenje na\u0161ih liturgijskih\nslavlja i drugih susreta u na\u0161im zajednicama, te ih nije potrebno ponavljati.\nMo\u017eemo primijetiti da u sada\u0161njim okolnostima od svih nas liturgijska slavlja,\nkao i ostala podru\u010dja na\u0161eg pastoralnoga rada, zahtijevaju veliku mjeru dodatne\npozornosti i izvanrednih koraka u pripravi svih na\u0161ih susreta i aktivnosti.<\/p>\n\n\n\n<p>Radi lak\u0161ega snala\u017eenja i cjelovitije priprave liturgijskih slavlja, u\nduhu navedenih <em>Preporuka, <\/em>imaju\u0107i na\numu va\u017ee\u0107e liturgijske i kanonske propise, upravljamo vam i nekoliko sljede\u0107ih\nuputa i preporuka:<\/p>\n\n\n\n<p><strong><em>Okupljanje vjernika i priprema liturgijskih prostora<\/em><\/strong><\/p>\n\n\n\n<ol class=\"wp-block-list\"><li>U pripremi\nliturgijskih slavlja vjerujemo da \u0107ete se s lako\u0107om mo\u0107i osloniti na svoje\n\u017eupne suradnike, posebno kad je rije\u010d o pripremi prostora za nedjeljno\neuharistijsko slavlje, u kojemu se slavi vi\u0161e misa u danu, te je prije i\nposlije mise potrebno prozra\u010diti crkvu i izvr\u0161iti dezinfekciju. <\/li><li>Jednoga ili\nnekoliko \u017eupnih suradnika pou\u010dite i uputite da prije misnoga slavlja budu na\nulazu u crkvu ili crkveno dvori\u0161te te da pravodobno usmjere i rasporede\nvjernike na njihova mjesta, u skladu s uputama o razmaku i dezinfekciji pri\nulasku u crkveni prostor. U tu svrhu dobro je, ve\u0107 i prema drevnom kr\u0161\u0107anskom\nprimjeru, uspostaviti &#8216;slu\u017ebu vratara&#8217;, kao i &#8216;slu\u017ebu redara&#8217;, koji i sami trebaju\npaziti na potreban razmak i preporuku no\u0161enja maske. <\/li><li>Tamo gdje je\nmogu\u0107e, kada to dopu\u0161taju vremenske prilike, liturgijska se slavlja mogu\nslaviti i uz crkve, na otvorenome. \u0160tovi\u0161e, to Vam i preporu\u010dujemo. U tu svrhu\nbit \u0107e potrebno uspostaviti vanjsko ozvu\u010denje, u \u010demu, vjerujemo, ne\u0107e\nnedostajati pomo\u0107i \u017eupnih suradnika i \u017eupljana.&nbsp;&nbsp;&nbsp;&nbsp;&nbsp;&nbsp; <\/li><li>U crkvi, a prema\nprilikama i na vanjskom liturgijskom prostoru, prethodno ozna\u010dite i pripravite\nmjesta za vjernike, po\u0161tuju\u0107i upute o razmaku.<\/li><li>Opskrbite crkvu\nsredstvima za dezinfekciju, osobito na ulazu za potrebe dezinfekcije ruku. Tamo\ngdje postoje pote\u0161ko\u0107e u nabavci sredstava, neka \u017eupnici, ako je potrebno i\npreko dekana, kontaktiraju nadle\u017eni Sto\u017eer civilne za\u0161tite.<\/li><li>Potaknite\nvjernike da u ovim posebnim okolnostima i sami budu obazrivi u crkvenom prostoru,\nda u duhu kr\u0161\u0107anske odgovornosti i ljubavi prema bli\u017enjima paze na preporu\u010deni\nrazmak, smanjuju\u0107i kretanje u crkvenom prostoru koje nije nu\u017eno, kao i\ndoticanje predmeta.<\/li><li>Crkve neka i\nnadalje svakoga dana budu kroz odre\u0111eno vrijeme otvorene za molitvu i pohod.<\/li><\/ol>\n\n\n\n<p><strong><em>Euharistijska slavlja i druga bogoslu\u017eja<\/em><\/strong><\/p>\n\n\n\n<ul class=\"wp-block-list\"><li>Svima nam je kao\nkr\u0161\u0107anskim vjernicima na srcu ponajprije nedjelja, Dan Gospodnji, kad se kao\nKristova zajednica sabiremo oko euharistijskoga stola, na spomen njegove muke,\nsmrti i uskrsnu\u0107a. U sada\u0161njim okolnostima to nam svima nije mogu\u0107e ostvariti.\nStoga pozivam sve\u0107enike da, tuma\u010de\u0107i uvijek jasan nauk o Danu Gospodnjem,\nvjernike koji su zbog opasnosti od zaraze u sada\u0161njim okolnostima sprije\u010deni za\nsudjelovanje na nedjeljnoj misi (<em>usp.<\/em> kan. 1248 \u00a7 2.) poti\u010du na osobnu i obiteljsku molitvu i razmatranje\nBo\u017eje Rije\u010di.<\/li><li>U tu svrhu vrijedno je vjernike uputiti na radijske,\ntelevizijske ili internetske prijenose misnih slavlja, koji su se doista\npokazali, ne kao zamjena, ve\u0107 kao veoma vrijedna duhovna pomo\u0107 u nemogu\u0107nosti\nneposrednog osobnoga sudjelovanja u sv. misi.<\/li><li>Dok mislimo na starije i bolesne vjernike od kojih\nsada\u0161nje prilike tra\u017ee suzdr\u017eavanje od sudjelovanja na nedjeljnim misama,\nmislimo na poseban na\u010din i na sve vas, draga na\u0161a starija bra\u0107o sve\u0107enici, koji\nste u pastoralnim slu\u017ebama. I vi, ukoliko primijetite zdravstvene pote\u0161ko\u0107e o\nkojima govore i najnovije <em>Preporuke<\/em>,\nuzdr\u017eite se od misnoga slavlja s narodom. Za potrebnu zamjenu javite se svome\ndekanu ili Nadbiskupskom ordinarijatu.&nbsp;&nbsp;&nbsp;&nbsp;&nbsp;\n<\/li><li>U euharistijskim slavljima, posebno nedjeljnima, i u\nsada\u0161njim je prilikama, radi svetosti i doli\u010dnosti samih slavlja, nu\u017eno\nuklju\u010diti liturgijske slu\u017ebe. Sada to trebamo \u010diniti u veoma smanjenom broju.\nMislimo na slu\u017ebe ministranata, pjeva\u010da, \u010dita\u010da i drugih, koji tako\u0111er trebaju\npo\u0161tovati zahtijevani razmak, osim kad na kratko trebaju pristupiti da izvr\u0161e\nodre\u0111eni \u010din svoje slu\u017ebe.<\/li><li>Zbog opreza i mjera za\u0161tite, preporu\u010duje se da\nliturgijska slavlja ne budu duga, da se okupljeni ne zadr\u017eavaju predugo\nzajedno. Gledajmo, stoga, one dijelove slavlja u kojima je to mogu\u0107e (homilija,\nophod, upu\u0107ivanje na pisane \u017eupne oglase i dr.), prilagoditi sada\u0161njim\nokolnostima.<\/li><li>Neka sve\u0107enik ili,\ngdje je potrebno, i drugi odobreni djelitelj pri\u010desti, prije samog \u010dina\npodjeljivanja svete pri\u010desti, stavi preporu\u010denu za\u0161titnu masku i dezinficira\nruke. Samo pri\u010de\u0161\u0107ivanje neka vr\u0161i polagano i veoma pa\u017eljivo. Ako \u0107e to\nsmanjiti fizi\u010dke kontakte izme\u0111u vjernika, pri\u010desnici mogu ostati na svojim\nmjestima, a sve\u0107enik neka do\u0111e do njih. Gdje se odnedavna ustalio obi\u010daj\nstavljanja \u201ekri\u017ei\u0107a\u201c na \u010delo djeci, neka se to u sada\u0161njim okolnostima ne \u010dini.<\/li><li>O pitanju uve\u0107anja broja svetih misa nedjeljama i\nblagdanima, zbog smanjenoga broja mjesta za vjernike u na\u0161im crkvama uslijed\nobveze razmaka, treba bri\u017eljivo promisliti. U ovom pitanju neophodno je voditi\nra\u010duna o vremenskom razmaku izme\u0111u misa i zahtijevanoj dezinfekciji i\nprozra\u010divanju crkve, ali i o kanonskim odredbama koje, zbog pastoralnih\nrazloga, jednom sve\u0107eniku nedjeljama i svetkovinama dopu\u0161taju slavljenje\nnajvi\u0161e tri svete mise, a dopu\u0161tenje za slavljenje \u010detvrte pridr\u017eano je Svetoj\nStolici.<\/li><li>Slavlje i obrede kr\u0161tenja trebat \u0107e prilagoditi\nsada\u0161njim okolnostima, kako je nazna\u010deno u <em>Preporukama<\/em>.\nZbog ograni\u010denoga broja, uputno je slaviti kr\u0161tenja pojedina\u010dno, tj. za svakog\nkr\u0161tenika posebno. Tako\u0111er se mo\u017ee, iako u redovitim prilikama nastojimo\nkr\u0161tenja slaviti za vrijeme nedjeljnih misa, sakrament krsta podjeljivati u\nobliku liturgijskoga slavlja izvan mise, ako je potrebno, i u druge dane kroz\ntjedan. Neki dijelovi obreda trebat \u0107e se prilagoditi: (1) znak kri\u017ea u uvodnom\nobredu primanja neka daju samo roditelji; (2) u samom kr\u0161tenju, nakon\npolijevanja neka jedno od roditelja obri\u0161e djetetovu glavu; (3) nakon pomazanja\nkrizmom, tako\u0111er, neka netko od roditelja obri\u0161e djetetovo \u010delo; (4) kod obreda\n\u201eEffata\u201c neka se koriste rije\u010di, bez znakovitih gesta doticanja. Preporu\u010duje se\nda sve\u0107enik, kumovi i drugi koji neminovno dolaze u bli\u017ei kontakt prigodom\nkr\u0161tenja nose maske.<\/li><li>Slavlje sakramenta pomirenja i pojedina\u010dnu ispovijed\nvjernika u proteklom smo vremenu, zbog zahtijevane distance, bili primorani\nsmanjiti u najve\u0107oj mjeri. Posebno nas je to pogodilo u danima priprave i\nslavlja svetkovine Uskrsa. Vjernicima smo tada preporu\u010dili savr\u0161eno pokajanje,\nkoje je vezano uz obvezu \u0161to prije pristupiti pojedina\u010dnoj ispovijedi. Zato vas,\ndraga bra\u0107o sve\u0107enici, molim da se sada potrudimo omogu\u0107iti ispovijed svim vjerenicima\nu svojim \u017eupnim zajednicama. <em>Preporuke <\/em>koje\nsu sada na snazi preporu\u010duju nam za slavlje sakramenta pomirenja ve\u0107e prostore\n(crkva, sakristija, dvorana ili druge prostorije), tj. gdje je mogu\u0107e ostvariti\npotreban fizi\u010dki razmak, uz no\u0161enje maske za lice (i sve\u0107enik i pokornik). Odvojimo\nu tu svrhu svakoga dana neko vrijeme i ponudimo ga vjernicima kao priliku za sv.\nispovijed. &nbsp;&nbsp;&nbsp;<\/li><li>Za slavlje vjen\u010danja kao i kr\u0161\u0107anskoga ukopa,\nuklju\u010duju\u0107i i sprovodnu misu zadu\u0161nicu, potrebno je slijediti najnovije <em>Preporuke.<\/em><\/li><\/ul>\n\n\n\n<p><strong><em>Evangelizacijsko i katehetsko djelovanje<\/em><\/strong><\/p>\n\n\n\n<ol class=\"wp-block-list\"><li>Budu\u0107i da ni sada\u0161nje ubla\u017eene mjere za\u0161tite od zaraze\nne omogu\u0107uju redovite oblike neposredne \u017eupne kateheze, u svrhu katehetske\npouke neka se koriste dostupni katehetski materijali. Takvi su materijali\nponu\u0111eni i na na\u0161im biskupijskim mre\u017enim stranicama, dostupni su i na drugim\nmre\u017enim stranicama te ih je mogu\u0107e i potrebno i u sada\u0161njim prilikama koristiti\nkao vrijednu pomo\u0107 u komunikaciji i katehizaciji djece i mladih, osobito\nprvopri\u010desnika i krizmanika. Svim vjerou\u010diteljima koji su do sada dali svoj\nobol u pripravi navedenih materijala, od srca izra\u017eavam zahvalnost i poticaj za\ndaljnji rad. <\/li><li>I za odrasle je vjernike (posebno mislimo na \u201eku\u0107nu\ncrkvu\u201c, na supru\u017enike, roditelje i njihovu djecu) vrijedno i potrebno\npripravljati \u201eduhovnu hranu\u201c, koja je korisna za njihovu kr\u0161\u0107ansku izgradnju i\nkoju im je mogu\u0107e i medijski posredovati te ih na nju upu\u0107ivati. Zbog pote\u0161ko\u0107a\nu organiziranju redovite \u017eupne kateheze, sve roditelje, a na osobit na\u010din\nroditelje prvopri\u010desnika i krizmanika, molimo da se oni svojim anga\u017emanom\npotvrde kao prvotni odgojitelji svoje djece u vjeri. Sve\u0107enike i odgovorne za\n\u017eupnu katehezu molimo da redovito poma\u017eu roditeljima, dostavljaju\u0107i im\nkatehetsku gra\u0111u i \u017eivo podupiru\u0107i njihova roditeljska nastojanja. <\/li><li>U sada\u0161njim okolnostima ne zapustimo ni postoje\u0107e\n\u201e\u017eive\u201c zajednice u svojim \u017eupama, tj. \u201e\u017eive vjerni\u010dke krugove\u201c, s kojima\ntako\u0111er mo\u017eemo, barem u nekome obliku ostvariti komunikaciju, pru\u017eaju\u0107i im, u\npisanome ili nekom drugom obliku, potrebne sadr\u017eaje za njihov vjerni\u010dki rast.<\/li><li>Prve pri\u010desti i krizme za sada moramo odgoditi. Ve\u0107\nsmo vas ranije obavijestili da bi&nbsp; novi\npogodan termin za njihovo slavlje moglo biti jesensko razdoblje, od sredine\nrujna do kraja studenoga. Ukoliko \u0107e nam situacija dopustiti, mo\u017eda \u0107emo ta\nslavlja mo\u0107i slaviti, barem dijelom, ve\u0107 po\u010detkom ljeta. O tome \u0107emo se svakako\nprethodno savjetovati i s vama sve\u0107enicima. Svi koji ste prijavili i imate\ndogovoren termin sv. krizme (objavljen u Vjesniku) ne trebate se ponovno\nprijavljivati, nego \u0107ete iz Nadbiskupskoga ordinarijata dobiti novi raspored.\nUkoliko vam zbog nekog razloga novi termin ne\u0107e biti prihvatljiv, mo\u0107i \u0107ete se\njaviti i dogovoriti njegovu promjenu. Bilo bi dobro da ovu situaciju\niskoristimo i kao mogu\u0107nost da svi \u017eupljani vide kako slavlje prve pri\u010desti i\nkrizme mo\u017ee i treba biti poglavito na\u0161e vjerni\u010dko crkveno slavlje, koje nije\npovezano s brojnim gostima, obiteljskim tro\u0161kovima, restoranima i sli\u010dnim\noptere\u0107enjima.&nbsp; <\/li><\/ol>\n\n\n\n<p><strong><em>Skrb za starije, bolesne i Caritas<\/em><\/strong><\/p>\n\n\n\n<ul class=\"wp-block-list\"><li>Kako su sada\u0161njom zarazom najpogo\u0111enija na\u0161a starija\nbra\u0107a i sestre, na\u0161e nas pastoralno djelovanje treba voditi posebno prema\nnjima. Iako su mogu\u0107nosti neposrednih susreta jo\u0161 uvijek smanjenje, gledajmo do\nnjih \u201edo\u0107i\u201c i na druge na\u010dine. Vrijedan su primjer sve\u0107enici koji su, pa i s\nve\u0107im brojem svojih starijih \u017eupljana, razgovarali telefonski ili im na druge\nna\u010dine upravili svoju rije\u010d, pokazali pa\u017enju i pastirsku ljubav. No, nemojmo\ndopustiti da itko od \u017eupljana ostane bez bolesni\u010dkoga pomazanja, sv. ispovijedi\ni pri\u010desti. Prije dolaska kod\nbolesnika potrebno je staviti jednokratnu za\u0161titnu masku i rukavice. Bolni\u010dki\nkapelani i oni sve\u0107enici kojima je povjerena pastoralna skrb u stara\u010dkim\ndomovima i drugim sli\u010dnim ustanovama pozvani su slijediti upute koje vrijede za\nprevenciju zaraze u doti\u010dnim ustanovama. Ukoliko ima kakvih pote\u0161ko\u0107a,\nobavijestite o tome Nadbiskupski ordinarijat.<\/li><li>I ovom prigodom zahvaljujem svim vjernicima,\nvolonterima i sve\u0107enicima za svjedo\u010denje brige i ljubavi prema starijima i\nbolesnima \u0161to ste ih u proteklome razdoblju, od samoga po\u010detka pandemijske\nzaraze, pru\u017eali okupljeni oko svojih \u017eupnih karitativnih skupina, vjerni\u010dkih\ndru\u0161tava i dekanatskih podru\u017enica Caritasa. Na poseban na\u010din na \u201ebraniku\u201c tog\nkaritativnoga djela stoji na\u0161 Nadbiskupijski Caritas, me\u0111u ostalim, i sa\nslo\u017eenim te zahtjevnim sustavom pu\u010dkih kuhinja i svojih drugih ustanova. Molimo\nvjernike te ljude dobre volje da se pridru\u017ee \u017eupnim karitativnim skupinama i\ndekanatskim Caritasima jer dodatni socijalni problemi, uzrokovani \u0161tetnim\nposljedicama pandemije na gospodarstvo, tra\u017ee i dodatnu osjetljivost, kreativnu\nljubav, poja\u010danu zauzetost i djelovanje, a time i ve\u0107i broj novih volontera\nna\u0161ega Caritasa. <\/li><\/ul>\n\n\n\n<p><strong><em>Rad \u017eupnih ureda <\/em><\/strong><\/p>\n\n\n\n<ul class=\"wp-block-list\"><li>U vremenu obustave rada dr\u017eavnih i drugih ureda,\nmorali su biti zatvoreni i svi crkveni uredi, uklju\u010duju\u0107i i \u017eupne urede. Sad\nkada su mjere za\u0161tite ubla\u017eene, mogu\u0107e je djelovanje \u017eupnoga ureda, no i dalje u\nskladu sa svim zahtijevanim mjerama za\u0161tite. Zbog toga je dobro vjernike\nupu\u0107ivati da jo\u0161 uvijek ono \u0161to im je potrebno u \u017eupnim uredu zatra\u017ee\ntelefonskim putem ili internetom.<\/li><\/ul>\n\n\n\n<p><strong><em>Svibanjske pobo\u017enosti<\/em><\/strong><\/p>\n\n\n\n<ul class=\"wp-block-list\"><li>Zapo\u010dinje mjesec svibanj, vrijeme koje je molitvom,\npjesmom i pobo\u017eno\u0161\u0107u prema Djevici Mariji znalo tako velikim \u017earom ispuniti\nna\u0161e crkve, \u017eupne i filijalne, a na poseban na\u010din na\u0161a marijanska sveti\u0161ta. Sve\nvas pozivam da se u svojim \u201eku\u0107nim crkvama\u201c, na otvorenome (oko brojnih\npoklonaca i kapelica po na\u0161im gradovima i selima, podignutih njoj u \u010dast) te u\nna\u0161im crkvama jo\u0161 vi\u0161e i zauzetije njoj utje\u010demo, da nas i u ovom vremenu maj\u010dinski\n\u0161titi i zagovara, da zazivana kao \u201ezdravlje bolesnih\u201c olak\u0161a patnje svih bolesnika\ni okrijepi lije\u010dnike i medicinsko osoblje te \u010duva i \u0161titi sve one koji svojom\nslu\u017ebom i radom pridonose op\u0107em dobru.<\/li><\/ul>\n\n\n\n<p>Potaknuti Marijinom rije\u010dju: \u201e\u0160to\ngod vam rekne u\u010dinite!\u201c (usp. Iv 2,5) ne prestajmo se otvarati svjetlu Kristove\nRadosne vijesti i pouzdana srca moliti njegovo milosr\u0111e i blagoslov \u201eza nas i\nza sve ljude\u201c.<\/p>\n\n\n\n<p>&nbsp;&nbsp;&nbsp;&nbsp; Drago Markovi\u0107&nbsp;&nbsp;&nbsp;&nbsp;&nbsp;&nbsp;&nbsp;&nbsp;&nbsp;&nbsp;&nbsp;&nbsp;&nbsp;&nbsp;&nbsp;&nbsp;&nbsp;&nbsp;&nbsp;&nbsp;&nbsp;&nbsp;&nbsp;&nbsp;&nbsp;&nbsp;&nbsp;&nbsp;&nbsp;&nbsp;&nbsp;&nbsp;&nbsp;&nbsp;&nbsp;&nbsp;&nbsp;&nbsp;&nbsp;&nbsp;&nbsp;&nbsp;&nbsp;&nbsp;&nbsp;&nbsp;&nbsp;&nbsp;&nbsp;&nbsp;&nbsp;&nbsp;&nbsp;&nbsp;&nbsp;&nbsp;&nbsp;&nbsp;&nbsp;&nbsp;&nbsp;&nbsp; X \u0110uro Hrani\u0107<\/p>\n\n\n\n<p>&nbsp;&nbsp;&nbsp;&nbsp;&nbsp;&nbsp; &nbsp;&nbsp;&nbsp;&nbsp; &nbsp;&nbsp;&nbsp;&nbsp;&nbsp;&nbsp;&nbsp;&nbsp;&nbsp;&nbsp;&nbsp;kancelar&nbsp;&nbsp;&nbsp;&nbsp;&nbsp;&nbsp;&nbsp;&nbsp;&nbsp;&nbsp;&nbsp;&nbsp;&nbsp;&nbsp;&nbsp;&nbsp;&nbsp;&nbsp;&nbsp;&nbsp;&nbsp;&nbsp;&nbsp;&nbsp;&nbsp;&nbsp;&nbsp;&nbsp;&nbsp;&nbsp;&nbsp;&nbsp;&nbsp;&nbsp;&nbsp;&nbsp;&nbsp;&nbsp;&nbsp;&nbsp;&nbsp;&nbsp;&nbsp;&nbsp;&nbsp;&nbsp;&nbsp;&nbsp;&nbsp;&nbsp;&nbsp;&nbsp;&nbsp;&nbsp;&nbsp;&nbsp;&nbsp;&nbsp;&nbsp;&nbsp;&nbsp;&nbsp;&nbsp;&nbsp;&nbsp;&nbsp;&nbsp;&nbsp;&nbsp; &nbsp;&nbsp;&nbsp;&nbsp; nadbiskup<\/p>\n","protected":false},"excerpt":{"rendered":"<p>\u0110akovo, 1. svibnja 2020. Broj: 309\/2020. -ad Predmet: Pismo o liturgijskim slavljima i okupljanjima vjernika u \u0110akova\u010dko-osje\u010dkoj &nbsp;&nbsp;&nbsp; nadbiskupiji u vremenu ubla\u017eenih mjera za sprje\u010davanje \u0161irenja bolesti Covid-19 &nbsp;&nbsp;&nbsp;&nbsp;&nbsp;&nbsp;&nbsp;&nbsp;&nbsp;&nbsp;&nbsp;&nbsp;&nbsp;&nbsp;&nbsp;&nbsp;&nbsp;&nbsp;&nbsp;&nbsp;&nbsp;&nbsp;&nbsp; Svim \u017eupama \u0110akova\u010dko-osje\u010dke nadbiskupije Draga bra\u0107o sve\u0107enici, redovnici i redovnice, dragi vjernici u \u0110akova\u010dko-osje\u010dkoj nadbiskupiji! Nakon \u0161to je Hrvatska biskupska konferencija objavila prigodno pismo o slavljenju <a href=\"https:\/\/svetaobitelj.hr\/?p=1409\" class=\"more-link\">[&hellip;]<\/a><\/p>\n","protected":false},"author":2,"featured_media":0,"comment_status":"closed","ping_status":"open","sticky":false,"template":"","format":"standard","meta":{"footnotes":""},"categories":[3],"tags":[],"class_list":["entry","author-","post-1409","post","type-post","status-publish","format-standard","category-zupa"],"_links":{"self":[{"href":"https:\/\/svetaobitelj.hr\/index.php?rest_route=\/wp\/v2\/posts\/1409","targetHints":{"allow":["GET"]}}],"collection":[{"href":"https:\/\/svetaobitelj.hr\/index.php?rest_route=\/wp\/v2\/posts"}],"about":[{"href":"https:\/\/svetaobitelj.hr\/index.php?rest_route=\/wp\/v2\/types\/post"}],"author":[{"embeddable":true,"href":"https:\/\/svetaobitelj.hr\/index.php?rest_route=\/wp\/v2\/users\/2"}],"replies":[{"embeddable":true,"href":"https:\/\/svetaobitelj.hr\/index.php?rest_route=%2Fwp%2Fv2%2Fcomments&post=1409"}],"version-history":[{"count":1,"href":"https:\/\/svetaobitelj.hr\/index.php?rest_route=\/wp\/v2\/posts\/1409\/revisions"}],"predecessor-version":[{"id":1410,"href":"https:\/\/svetaobitelj.hr\/index.php?rest_route=\/wp\/v2\/posts\/1409\/revisions\/1410"}],"wp:attachment":[{"href":"https:\/\/svetaobitelj.hr\/index.php?rest_route=%2Fwp%2Fv2%2Fmedia&parent=1409"}],"wp:term":[{"taxonomy":"category","embeddable":true,"href":"https:\/\/svetaobitelj.hr\/index.php?rest_route=%2Fwp%2Fv2%2Fcategories&post=1409"},{"taxonomy":"post_tag","embeddable":true,"href":"https:\/\/svetaobitelj.hr\/index.php?rest_route=%2Fwp%2Fv2%2Ftags&post=1409"}],"curies":[{"name":"wp","href":"https:\/\/api.w.org\/{rel}","templated":true}]}}