{"id":1407,"date":"2020-05-01T12:17:44","date_gmt":"2020-05-01T11:17:44","guid":{"rendered":"http:\/\/svetaobitelj.hr\/?p=1407"},"modified":"2020-05-01T12:17:45","modified_gmt":"2020-05-01T11:17:45","slug":"nadbiskup-hranic-o-novim-preporukama-hzjz-vezano-uz-vjerska-okupljanja","status":"publish","type":"post","link":"https:\/\/svetaobitelj.hr\/?p=1407","title":{"rendered":"Nadbiskup Hrani\u0107 o novim preporukama HZJZ vezano uz vjerska okupljanja"},"content":{"rendered":"\n<p><strong>\u0110AKOVO (TU)<\/strong>&nbsp;\u2013 \u0110akova\u010dko-osje\u010dki nadbiskup \u0110uro Hrani\u0107 uputio\nje poruku sve\u0107enicima i vjernicima \u0110akova\u010dko-osje\u010dke nadbiskupije u povodu\npreporuka Hrvatskog zavoda za javno zdravstvo za spre\u010davanje zaraze COVID-19 u\ncrkvenim prostorima, vezano uz vjerska okupljanja.<\/p>\n\n\n\n<p>Nadbiskup je na po\u010detku istaknuo: \u201ePonajprije treba\nzahvaliti svima koji vode brigu o na\u0161em zdravlju. Zahvaljujem kao biskup i\nvama, dragi sve\u0107enici i vama dragi vjernici \u0110akova\u010dko-osje\u010dke nadbiskupije, \u0161to\nste odgovorno prihvatili i pridr\u017eavali se Odredbi HBK od 19. o\u017eujka 2020.\nSvojom disciplinom i \u017ertvom pokazali ste kao kr\u0161\u0107ani visoku svijest\nodgovornosti za op\u0107e dobro, a to je pripomoglo da pandemija ne zahvati ve\u0107i\npostotak stanovni\u0161tva Hrvatske. Radujemo se \u0161to sada mo\u017eemo ubirati prve\nplodove discipline svih gra\u0111ana, pa tako i vas vjernika. Ove prve mjere\npopu\u0161tanja mjera prevencije budi nadu za postupnu normalizaciju liturgijskih i\nmolitvenih okupljanja pa i pastoralno-katehetskog djelovanja.<\/p>\n\n\n\n<p>No, zbog opreza i za\u0161tite zdravlja na\u0161ih bli\u017enjih i\nsviju nas, kako bi se smanjila opasnost od zaraze, mi, biskupi poti\u010demo sve\nvas, draga bra\u0107o sve\u0107enici, i sve vas, dragi vjernici, da se i dalje nastavite\npridr\u017eavati najnovijih preporuka Hrvatskoga zavoda za javno zdravstvo, posebno\nonih koje se odnose na crkvene prostore i vjerska okupljanja. Rije\u010d je o\nstru\u010dnom mi\u0161ljenju i preporukama, koje od svih nas tra\u017ee da ih shvatimo\nozbiljno, da ih po\u0161tujemo te da ih se savjesno pridr\u017eavamo.\u201c<\/p>\n\n\n\n<p><strong>Preporuke HZJZ, koje mi prihva\u0107amo\nnagla\u0161avaju:<\/strong><\/p>\n\n\n\n<ol class=\"wp-block-list\"><li><strong>Fizi\u010dko distanciranje <\/strong><\/li><\/ol>\n\n\n\n<p>Potrebno je po\u0161tovati udaljenost izme\u0111u vjernika u\ncrkvi od najmanje dva metra. To vrijedi i za udaljenost prilikom ulaza, izlaza,\nodlaska na pri\u010dest i neovisno o tome da li se u crkvi sjedi ili stoji. Nije\nodre\u0111en broj koliko vjernika mo\u017ee u\u0107i u crkvu. Taj broj ovisi o veli\u010dini svake\npojedine crkve. \u017dupnike zato molimo da analiziraju koliko vjernika mo\u017ee u\u0107i u\ncrkvu. Bilo bi dobro \u010dak i ozna\u010diti sjede\u0107a i staja\u0107a mjesta po crkvi. <\/p>\n\n\n\n<p>Netko od \u017eupnih suradnika mora biti na ulazu u crkvu\nkoji \u0107e, kad u crkvu u\u0111e broj vjernika kojega crkva mo\u017ee primiti po\u0161tuju\u0107i\ndistancu od 2 m, ostale vjernike zamoliti da ostanu ispred ili oko\ncrkve.&nbsp;\u017dupnike zato molimo da \u0161to prije osiguraju barem privremeno\nozvu\u010denje prostora oko i ispred crkve kako bi vjernici koji ostanu vani mogli\npratiti euharistijsko slavlje. A najbolje je, i poti\u010demo sve one \u017eupe kojima je\nto mogu\u0107e ostvariti, da koriste mogu\u0107nost euharistijskog slavlja na otvorenom\nprostoru.&nbsp;<\/p>\n\n\n\n<p>Sve vjernike molimo da budu razumni i da po\u0161tuju upute\n\u017eupnih suradnika, da sami vode ra\u010duna o distanci od 2 m, da oni koji do\u0111u prije\ni budu zamoljeni da zauzmu mjesto koje je u crkvi najdalje od ulaza te da\nnikako ne prave \u201e\u010dep\u201c na ulazu u crkvu. <\/p>\n\n\n\n<p>Svim vjernicima preporu\u010dujemo da u crkvi koriste masku\nza lice, koju \u0107e ukloniti samo na trenutak pristupaju\u0107i sv. pri\u010desti. Sve\u0107enike\ni djelitelje pri\u010desti molimo da nakon \u0161to se pri\u010deste stave masku na lice,\ndezinficiraju ruke te tada pristupe podjeli sv. pri\u010desti. <\/p>\n\n\n\n<p>Jednako tako molimo i skuplja\u010de milostinje i druge\n\u017eupne suradnike koji se eventualno radi nekog razloga kre\u0107u me\u0111u vjernicima po\ncrkvi, da to \u010dine s maskom na licu.<\/p>\n\n\n\n<ul class=\"wp-block-list\"><li><strong>Poja\u010dana higijena prostora <\/strong><\/li><\/ul>\n\n\n\n<p>\u017dupnike, sakristane, zvonare i druge \u017eupne suradnike\nmolimo da po\u0161tuju mjere obaveznog prozra\u010divanja prostora po pola sata prije i\nposlije sv. mise; te o dezinfekciji \u010ditavog prostora, a posebno ru\u010dki,\nrukohvata, prekida\u010da i sl. predmeta koje doti\u010de ve\u0107i broj ljudi. Na ulazu u\ncrkve treba postaviti sredstvo za dezinfekciju ruku.<\/p>\n\n\n\n<ul class=\"wp-block-list\"><li><strong>I dalje na snazi ostaju specifi\u010dne mjere o uklanjanju\nblagoslovljene <\/strong><\/li><\/ul>\n\n\n\n<p><strong>vode na ulazu u crkvu, o primanju sv.\npri\u010desti isklju\u010divo na ruke te izostanku geste mira.<\/strong><\/p>\n\n\n\n<ul class=\"wp-block-list\"><li><strong>&nbsp;Svim se\nvjernicima preporu\u010duje da kod ku\u0107e izmjere tjelesnu<\/strong><\/li><\/ul>\n\n\n\n<p><strong>temperaturu te da ne idu na\neuharistijsko slavlje ukoliko imaju temperaturu ve\u0107u od 37,2\u02da C, ukoliko\nka\u0161lju, ki\u0161u, ote\u017eano di\u0161u.<\/strong><\/p>\n\n\n\n<p>Nadbiskup je rekao kako je novost \u0161to su novim mjerama\ndopu\u0161tena vjen\u010danja, kr\u0161tenja i drugi sakramenti, pri \u010demu se trebaju po\u0161tovati\nupute Hrvatskog zavoda za javno zdravstvo. Spomenuo je i \u017eupnu katehezu,\nrekav\u0161i kako \u0107e se ona nastaviti na na\u010din kao do sada, putem elektroni\u010dkih\nmedija. Svjestan da \u0107e mnogi postavljati pitanja o sv. pri\u010destima i krizmama,\nnadbiskup je istaknuo kako je do daljnjega sve odgo\u0111eno. \u010cim to bude mogu\u0107e,\nsve\u0107enicima \u0107e biti poslan novi raspored krizmi. <\/p>\n\n\n\n<p>Ovom prigodom, nadbiskup je uputio molbu svim\nvjernicima i roditeljima da ne vr\u0161e pritisak na sve\u0107enike i po\u017euruju ih da\nodrede datume pri\u010desti ili krizmi, jer je nu\u017eno ponajprije biti razborit, s\nobzirom da nije poznato kako \u0107e se razvijati situacija s pandemijom te je dodao\nkako je mogu\u0107e da dio krizmi bude krajem lipnja ili po\u010detkom srpnja, a vrlo\nlijepo razdoblje za slavljenje krizmi i pri\u010desti je jesensko razdoblje.&nbsp;<\/p>\n\n\n\n<p><strong>TISKOVNI\nURED<\/strong><\/p>\n","protected":false},"excerpt":{"rendered":"<p>\u0110AKOVO (TU)&nbsp;\u2013 \u0110akova\u010dko-osje\u010dki nadbiskup \u0110uro Hrani\u0107 uputio je poruku sve\u0107enicima i vjernicima \u0110akova\u010dko-osje\u010dke nadbiskupije u povodu preporuka Hrvatskog zavoda za javno zdravstvo za spre\u010davanje zaraze COVID-19 u crkvenim prostorima, vezano uz vjerska okupljanja. Nadbiskup je na po\u010detku istaknuo: \u201ePonajprije treba zahvaliti svima koji vode brigu o na\u0161em zdravlju. Zahvaljujem kao biskup i vama, dragi sve\u0107enici <a href=\"https:\/\/svetaobitelj.hr\/?p=1407\" class=\"more-link\">[&hellip;]<\/a><\/p>\n","protected":false},"author":2,"featured_media":0,"comment_status":"closed","ping_status":"open","sticky":false,"template":"","format":"standard","meta":{"footnotes":""},"categories":[3],"tags":[],"class_list":["entry","author-","post-1407","post","type-post","status-publish","format-standard","category-zupa"],"_links":{"self":[{"href":"https:\/\/svetaobitelj.hr\/index.php?rest_route=\/wp\/v2\/posts\/1407","targetHints":{"allow":["GET"]}}],"collection":[{"href":"https:\/\/svetaobitelj.hr\/index.php?rest_route=\/wp\/v2\/posts"}],"about":[{"href":"https:\/\/svetaobitelj.hr\/index.php?rest_route=\/wp\/v2\/types\/post"}],"author":[{"embeddable":true,"href":"https:\/\/svetaobitelj.hr\/index.php?rest_route=\/wp\/v2\/users\/2"}],"replies":[{"embeddable":true,"href":"https:\/\/svetaobitelj.hr\/index.php?rest_route=%2Fwp%2Fv2%2Fcomments&post=1407"}],"version-history":[{"count":1,"href":"https:\/\/svetaobitelj.hr\/index.php?rest_route=\/wp\/v2\/posts\/1407\/revisions"}],"predecessor-version":[{"id":1408,"href":"https:\/\/svetaobitelj.hr\/index.php?rest_route=\/wp\/v2\/posts\/1407\/revisions\/1408"}],"wp:attachment":[{"href":"https:\/\/svetaobitelj.hr\/index.php?rest_route=%2Fwp%2Fv2%2Fmedia&parent=1407"}],"wp:term":[{"taxonomy":"category","embeddable":true,"href":"https:\/\/svetaobitelj.hr\/index.php?rest_route=%2Fwp%2Fv2%2Fcategories&post=1407"},{"taxonomy":"post_tag","embeddable":true,"href":"https:\/\/svetaobitelj.hr\/index.php?rest_route=%2Fwp%2Fv2%2Ftags&post=1407"}],"curies":[{"name":"wp","href":"https:\/\/api.w.org\/{rel}","templated":true}]}}