{"id":1401,"date":"2020-04-28T12:51:58","date_gmt":"2020-04-28T11:51:58","guid":{"rendered":"http:\/\/svetaobitelj.hr\/?p=1401"},"modified":"2020-04-28T12:51:58","modified_gmt":"2020-04-28T11:51:58","slug":"pismo-pape-franje-za-mjesec-svibanj","status":"publish","type":"post","link":"https:\/\/svetaobitelj.hr\/?p=1401","title":{"rendered":"Pismo pape Franje za mjesec svibanj"},"content":{"rendered":"\n<p><strong>VATIKAN\n(TU)<\/strong>&nbsp;\u2013 Draga bra\u0107o i sestre, bli\u017ei se mjesec svibanj u kojem Bo\u017eji narod osobito\nsna\u017eno izra\u017eava svoju ljubav i pobo\u017enost prema Bla\u017eenoj Djevici Mariji.\nTradicionalno se u tome mjesecu krunica moli kod ku\u0107e, u obitelji. Ograni\u010denja\nnametnuta zbog pandemije \u00bbprisiljavaju\u00ab nas vi\u0161e cijeniti taj obiteljski vidik\nkrunice, pa i u pogledu duhovnosti.<\/p>\n\n\n\n<p>\u017delim, stoga, svima predlo\u017eiti da ponovno otkriju ljepotu moljenja krunice\nkod ku\u0107e u mjesecu svibnju. To se mo\u017ee \u010diniti zajedno, ili pak pojedina\u010dno; vi\nsami odlu\u010dite ve\u0107 prema vlastitim prilikama, vrjednuju\u0107i obje mogu\u0107nosti. U\nsvakoj od njih stoji tajna te molitve, a to je jednostavnost. Lako je, pa i na\ninternetu, prona\u0107i dobre predlo\u0161ke koje \u0107ete u molitvi mo\u0107i slijediti.<\/p>\n\n\n\n<p>Nudim vam, usto, dvije molitve Majci Bo\u017ejoj koje mo\u017eete izmoliti na kraju\nkrunice, a koje \u0107u i ja osobno, u duhovnome jedinstvu sa svima vama, moliti u\nmjesecu svibnju. Prila\u017eem ih ovomu pismu kako bi bile dostupne svima.<\/p>\n\n\n\n<p>Draga bra\u0107o i sestre, zajedni\u010dko razmatranje Kristova lica srcem Marije,\nna\u0161e Majke jo\u0161 vi\u0161e \u0107e nas ujediniti u duhovnu obitelj te nam pomo\u0107i prevladati\novu ku\u0161nju. Ja \u0107u moliti za vas, posebno za one koji najvi\u0161e trpe, a vi, molim\nvas, molite za mene. Zahvaljujem vam i srda\u010dno vas blagoslivljam.<\/p>\n\n\n\n<p>U Rimu, pri Svetomu Ivanu Lateranskom, 25. travnja 2020., blagdan svetog Marka, evan\u0111elista.<\/p>\n\n\n\n<p><strong>\u00a0\u00a0\u00a0\u00a0\u00a0\u00a0\u00a0\u00a0\u00a0\u00a0\u00a0\u00a0\u00a0\u00a0\u00a0\u00a0\u00a0\u00a0\u00a0\u00a0\u00a0\u00a0\u00a0\u00a0\u00a0\u00a0\u00a0\u00a0\u00a0\u00a0\u00a0\u00a0\u00a0\u00a0\u00a0\u00a0\u00a0\u00a0\u00a0\u00a0\u00a0\u00a0\u00a0\u00a0\u00a0\u00a0\u00a0\u00a0\u00a0\u00a0<\/strong><\/p>\n\n\n\n<p><strong>Prva molitva<\/strong><\/p>\n\n\n\n<p>O Marijo, ti na na\u0161em putovanju trajno blista\u0161 kao znak spasenja i nade.\nPovjeravamo se tebi, Zdravlju bolesnih, koja si podno kri\u017ea bila pridru\u017eena\nIsusovoj boli, ostav\u0161i stamena u svojoj vjeri. Ti, Najvjernija zagovornice\nna\u0161a, zna\u0161 \u0161to nam je potrebno; sigurni smo da \u0107e\u0161, kao neko\u0107 u Kani\nGalilejskoj, providjeti da se nakon ovoga \u010dasa ku\u0161nje vrate radost i slavlje. <\/p>\n\n\n\n<p>Pomozi nam, Majko Bo\u017eje ljubavi, suobli\u010diti se O\u010devoj volji i \u010diniti ono\n\u0161to nam ka\u017ee Isus, koji je na sebe uzeo na\u0161a trpljenja i preuzeo teret na\u0161ih\nboli da nas po kri\u017eu dovede k radosti Uskrsnu\u0107a. Amen.<\/p>\n\n\n\n<p><strong>Druga molitva<\/strong><\/p>\n\n\n\n<p>\u00bbPod obranu se tvoju utje\u010demo, sveta Bogorodice.\u00ab U ovim mu\u010dnim\nokolnostima, bremenitim trpljenjima i tjeskobama, koje zahva\u0107aju svijet,\nutje\u010demo se tebi, Majko Bo\u017eja i Majko na\u0161a, i pod tvojom za\u0161titom tra\u017eimo\nuto\u010di\u0161te. <\/p>\n\n\n\n<p>Djevice Marijo, svrni svoje milostive o\u010di na nas u ovoj posvuda\u0161njoj\nzarazi; ohrabri ustra\u0161ene i o\u017ealo\u0161\u0107ene, koji oplakuju svoje voljene koji su\numrli i koji su pokopani na na\u010din koji ranjava du\u0161u. <\/p>\n\n\n\n<p>Budi na pomo\u0107 svima koje obuzima tjeskoba zbog bolesnih kojima, da bi se\nsprije\u010dilo \u0161irenje bolesti, ne mogu biti blizu. <\/p>\n\n\n\n<p>Vrati pouzdanje onima koji su u strahu za neizvjesnu budu\u0107nost, za posao i\nza posljedice u gospodarstvu. Majko Bo\u017eja i Majko na\u0161a, moli za nas Boga, Oca\nmilosr\u0111a, da se zavr\u0161i ova te\u0161ka ku\u0161nja i da nam ponovno svanu nada i mir. <\/p>\n\n\n\n<p>Kao neko\u0107 u Kani, zauzmi se kod svojega bo\u017eanskoga Sina i zamoli ga da\nutje\u0161i obitelji bolesnih i umrlih i njihova srca \u00f2tvori daru pouzdanja. <\/p>\n\n\n\n<p>Za\u0161titi lije\u010dnike, medicinske sestre i sve osoblje u zdravstvu, dragovoljce\nkoji su u ovim vremenima velike i \u017eurne potrebe u neposrednoj opasnosti i\nizla\u017eu svoj \u017eivot pogibelji kako bi spasili \u017eivote drugih. Prati njihove\nneustra\u0161ive napore i podari im snagu, dobrostivost i zdravlje. <\/p>\n\n\n\n<p>Budi uz one koji danono\u0107no dvore bolesne, kao i uz sve\u0107enike koji s\npastoralnom bri\u017eno\u0161\u0107u i evan\u0111eoskom zauzeto\u0161\u0107u nastoje svima pomo\u0107i i svima\nbiti blizu. <\/p>\n\n\n\n<p>Bla\u017eena Djevice, daruj svjetlo uma ljudima u znanosti da uzmognu prona\u0107i\nprikladna rje\u0161enja za svladavanje ove zaraze. <\/p>\n\n\n\n<p>Pomozi odgovornima u dr\u017eavnoj vlasti da djeluju mudro, bri\u017eno i\nvelikodu\u0161no, kako bi pritjecali u pomo\u0107 onima koji su li\u0161eni osnovnih potreba\nza \u017eivot, te, zagledani u budu\u0107e i vo\u0111eni duhom solidarnosti, mogli pronalaziti\nprave putove dru\u0161tvene i gospodarske obnove. <\/p>\n\n\n\n<p>Marijo Presveta, zahvati savjesti odgovornih da golema sredstva koja se\nula\u017eu u razvoj i usavr\u0161avanje oru\u017eja budu preusmjerena na razvoj znanstvenih\nistra\u017eivanja koja bi u budu\u0107nosti zaprije\u010dila sli\u010dne nepogode. <\/p>\n\n\n\n<p>Preljubljena Majko, daj da u svijetu poraste osje\u0107aj pripadnosti\nzajedni\u010dkoj velikoj obitelji i svijest o onome \u0161to nas ujedinjuje, da bismo,\nvo\u0111eni duhom bratstva i solidarnosti, u tolikim oblicima siroma\u0161tva i u\nbijedama \u017eivota mogli prite\u0107i u pomo\u0107 svim potrebitima. Okrijepi nas da budemo\n\u010dvrsti u vjeri, ustrajni u slu\u017eenju i postojani u molitvi. <\/p>\n\n\n\n<p>Marijo, Utjeho \u017ealosnih, prigrli svu svoju nevoljnu djecu i izmoli nam kod\nGospodina da ispru\u017ei svoju svemo\u0107nu ruku i osl\u00f2bodi nas ove u\u017easne pandemije, kako\nbi \u017eivot iznova zadobio vedrinu redovitoga tijeka. Pouzdajemo se u tebe, koja\nblista\u0161 na na\u0161emu putu kao znak spasenja i nade, o blaga, o mila, o slatka\nDjevice Marijo. Amen.<\/p>\n\n\n\n<p><strong><em>&nbsp;&nbsp;&nbsp;&nbsp;&nbsp;&nbsp;&nbsp;&nbsp;&nbsp;&nbsp;&nbsp;&nbsp;&nbsp;&nbsp;&nbsp;&nbsp;&nbsp;&nbsp;&nbsp;&nbsp;&nbsp;&nbsp;&nbsp;&nbsp;&nbsp;&nbsp;&nbsp;&nbsp;&nbsp;&nbsp;&nbsp;&nbsp;&nbsp;&nbsp;&nbsp;&nbsp;&nbsp;&nbsp;&nbsp;&nbsp;&nbsp;&nbsp;&nbsp;&nbsp;&nbsp;&nbsp;&nbsp;&nbsp;&nbsp;&nbsp;&nbsp;&nbsp;&nbsp;&nbsp;&nbsp;&nbsp;&nbsp;&nbsp;&nbsp;&nbsp;&nbsp;&nbsp;&nbsp;&nbsp;&nbsp;&nbsp;&nbsp;&nbsp;&nbsp;&nbsp;&nbsp;&nbsp;&nbsp;&nbsp;&nbsp;\n&nbsp;&nbsp;&nbsp;&nbsp;&nbsp;&nbsp;&nbsp;&nbsp;&nbsp;&nbsp;&nbsp;&nbsp;&nbsp;&nbsp;&nbsp;&nbsp;&nbsp;&nbsp;&nbsp;&nbsp;&nbsp;&nbsp;&nbsp;&nbsp;&nbsp;&nbsp;&nbsp;&nbsp;&nbsp;&nbsp;&nbsp;&nbsp;&nbsp;&nbsp;&nbsp;&nbsp;&nbsp;&nbsp;&nbsp;&nbsp;&nbsp;&nbsp;&nbsp;&nbsp;&nbsp;&nbsp;&nbsp;&nbsp;&nbsp;&nbsp;&nbsp;&nbsp;(IKA\/HILP)<\/em><\/strong><strong><em><\/em><\/strong><\/p>\n","protected":false},"excerpt":{"rendered":"<p>VATIKAN (TU)&nbsp;\u2013 Draga bra\u0107o i sestre, bli\u017ei se mjesec svibanj u kojem Bo\u017eji narod osobito sna\u017eno izra\u017eava svoju ljubav i pobo\u017enost prema Bla\u017eenoj Djevici Mariji. Tradicionalno se u tome mjesecu krunica moli kod ku\u0107e, u obitelji. Ograni\u010denja nametnuta zbog pandemije \u00bbprisiljavaju\u00ab nas vi\u0161e cijeniti taj obiteljski vidik krunice, pa i u pogledu duhovnosti. \u017delim, stoga, <a href=\"https:\/\/svetaobitelj.hr\/?p=1401\" class=\"more-link\">[&hellip;]<\/a><\/p>\n","protected":false},"author":2,"featured_media":0,"comment_status":"closed","ping_status":"open","sticky":false,"template":"","format":"standard","meta":{"footnotes":""},"categories":[3],"tags":[],"class_list":["entry","author-","post-1401","post","type-post","status-publish","format-standard","category-zupa"],"_links":{"self":[{"href":"https:\/\/svetaobitelj.hr\/index.php?rest_route=\/wp\/v2\/posts\/1401","targetHints":{"allow":["GET"]}}],"collection":[{"href":"https:\/\/svetaobitelj.hr\/index.php?rest_route=\/wp\/v2\/posts"}],"about":[{"href":"https:\/\/svetaobitelj.hr\/index.php?rest_route=\/wp\/v2\/types\/post"}],"author":[{"embeddable":true,"href":"https:\/\/svetaobitelj.hr\/index.php?rest_route=\/wp\/v2\/users\/2"}],"replies":[{"embeddable":true,"href":"https:\/\/svetaobitelj.hr\/index.php?rest_route=%2Fwp%2Fv2%2Fcomments&post=1401"}],"version-history":[{"count":1,"href":"https:\/\/svetaobitelj.hr\/index.php?rest_route=\/wp\/v2\/posts\/1401\/revisions"}],"predecessor-version":[{"id":1402,"href":"https:\/\/svetaobitelj.hr\/index.php?rest_route=\/wp\/v2\/posts\/1401\/revisions\/1402"}],"wp:attachment":[{"href":"https:\/\/svetaobitelj.hr\/index.php?rest_route=%2Fwp%2Fv2%2Fmedia&parent=1401"}],"wp:term":[{"taxonomy":"category","embeddable":true,"href":"https:\/\/svetaobitelj.hr\/index.php?rest_route=%2Fwp%2Fv2%2Fcategories&post=1401"},{"taxonomy":"post_tag","embeddable":true,"href":"https:\/\/svetaobitelj.hr\/index.php?rest_route=%2Fwp%2Fv2%2Ftags&post=1401"}],"curies":[{"name":"wp","href":"https:\/\/api.w.org\/{rel}","templated":true}]}}