{"id":1397,"date":"2020-04-22T12:47:58","date_gmt":"2020-04-22T11:47:58","guid":{"rendered":"http:\/\/svetaobitelj.hr\/?p=1397"},"modified":"2020-04-22T12:47:58","modified_gmt":"2020-04-22T11:47:58","slug":"ispred-crkve-da-a-u-crkvu-ne","status":"publish","type":"post","link":"https:\/\/svetaobitelj.hr\/?p=1397","title":{"rendered":"Ispred crkve DA, a u crkvu NE"},"content":{"rendered":"\n<figure class=\"wp-block-image size-large\"><img loading=\"lazy\" decoding=\"async\" width=\"1024\" height=\"1024\" src=\"http:\/\/svetaobitelj.hr\/wp-content\/uploads\/2020\/04\/slika1-1024x1024.jpg\" alt=\"\" class=\"wp-image-1398\" srcset=\"https:\/\/svetaobitelj.hr\/wp-content\/uploads\/2020\/04\/slika1-1024x1024.jpg 1024w, https:\/\/svetaobitelj.hr\/wp-content\/uploads\/2020\/04\/slika1-300x300.jpg 300w, https:\/\/svetaobitelj.hr\/wp-content\/uploads\/2020\/04\/slika1-150x150.jpg 150w, https:\/\/svetaobitelj.hr\/wp-content\/uploads\/2020\/04\/slika1-768x768.jpg 768w, https:\/\/svetaobitelj.hr\/wp-content\/uploads\/2020\/04\/slika1-1536x1536.jpg 1536w, https:\/\/svetaobitelj.hr\/wp-content\/uploads\/2020\/04\/slika1.jpg 1920w\" sizes=\"auto, (max-width: 1024px) 100vw, 1024px\" \/><\/figure>\n\n\n\n<p>Zasigurno vas je \u0161okirao naslov, ali u ovo doba kada se borimo sa nevidljivim neprijateljem, virusom, sasvim je opravdan. Na\u017ealost ne mo\u017eemo nazo\u010diti svetim misama, ali mo\u017eemo na ovaj na\u010din  biti bli\u017ee Njemu i pokazati djelotvornu ljubav i zajedni\u0161tvo \u010dine\u0107i da Njegov dom i na\u0161 bude oku ugodniji. Nitko nas to nije tra\u017eio, nitko nije zahtijevao jednostavno smo nas nekoliko spontano se dogovorili i prionuli na posao, jer ga je uistinu puno. U \u0161ali smo rekli da smo na koljenima &#8220;odradili&#8221; slijede\u0107ih pet godina pokore.. S obzirom da je ova \u017eupa svih nas svi su pozvani dati svoj doprinos i dio sebe, stoga \u0107emo slijede\u0107u akciju oglasiti i tko bude mogao i \u017eelio radosna srca ga o\u010dekujemo. Bog zna za\u0161to je sve ovako i koje nas jo\u0161 ku\u0161nje \u010dekaju, ali na\u0161a vjera mora biti pokazatelj na\u0161e snage i ne smijemo posustati nikada! Sve vas blagoslovio Gospodin u nadi da \u0107e ovo vrijeme razdvojenosti a opet ve\u0107ega zajedni\u0161tva, posebice u obitelji, brzo pro\u0107i.<\/p>\n\n\n\n<p>Pozdrav od \u017eupnih &#8220;\u010dista\u010da&#8221;!<\/p>\n\n\n\n<figure class=\"wp-block-image size-large\"><img loading=\"lazy\" decoding=\"async\" width=\"1024\" height=\"1024\" src=\"http:\/\/svetaobitelj.hr\/wp-content\/uploads\/2020\/04\/slika2-1024x1024.jpg\" alt=\"\" class=\"wp-image-1399\" srcset=\"https:\/\/svetaobitelj.hr\/wp-content\/uploads\/2020\/04\/slika2-1024x1024.jpg 1024w, https:\/\/svetaobitelj.hr\/wp-content\/uploads\/2020\/04\/slika2-300x300.jpg 300w, https:\/\/svetaobitelj.hr\/wp-content\/uploads\/2020\/04\/slika2-150x150.jpg 150w, https:\/\/svetaobitelj.hr\/wp-content\/uploads\/2020\/04\/slika2-768x768.jpg 768w, https:\/\/svetaobitelj.hr\/wp-content\/uploads\/2020\/04\/slika2-1536x1536.jpg 1536w, https:\/\/svetaobitelj.hr\/wp-content\/uploads\/2020\/04\/slika2.jpg 1920w\" sizes=\"auto, (max-width: 1024px) 100vw, 1024px\" \/><\/figure>\n\n\n\n<p><\/p>\n","protected":false},"excerpt":{"rendered":"<p>Zasigurno vas je \u0161okirao naslov, ali u ovo doba kada se borimo sa nevidljivim neprijateljem, virusom, sasvim je opravdan. Na\u017ealost ne mo\u017eemo nazo\u010diti svetim misama, ali mo\u017eemo na ovaj na\u010din biti bli\u017ee Njemu i pokazati djelotvornu ljubav i zajedni\u0161tvo \u010dine\u0107i da Njegov dom i na\u0161 bude oku ugodniji. Nitko nas to nije tra\u017eio, nitko nije <a href=\"https:\/\/svetaobitelj.hr\/?p=1397\" class=\"more-link\">[&hellip;]<\/a><\/p>\n","protected":false},"author":2,"featured_media":0,"comment_status":"closed","ping_status":"open","sticky":false,"template":"","format":"standard","meta":{"footnotes":""},"categories":[3],"tags":[],"class_list":["entry","author-","post-1397","post","type-post","status-publish","format-standard","category-zupa"],"_links":{"self":[{"href":"https:\/\/svetaobitelj.hr\/index.php?rest_route=\/wp\/v2\/posts\/1397","targetHints":{"allow":["GET"]}}],"collection":[{"href":"https:\/\/svetaobitelj.hr\/index.php?rest_route=\/wp\/v2\/posts"}],"about":[{"href":"https:\/\/svetaobitelj.hr\/index.php?rest_route=\/wp\/v2\/types\/post"}],"author":[{"embeddable":true,"href":"https:\/\/svetaobitelj.hr\/index.php?rest_route=\/wp\/v2\/users\/2"}],"replies":[{"embeddable":true,"href":"https:\/\/svetaobitelj.hr\/index.php?rest_route=%2Fwp%2Fv2%2Fcomments&post=1397"}],"version-history":[{"count":1,"href":"https:\/\/svetaobitelj.hr\/index.php?rest_route=\/wp\/v2\/posts\/1397\/revisions"}],"predecessor-version":[{"id":1400,"href":"https:\/\/svetaobitelj.hr\/index.php?rest_route=\/wp\/v2\/posts\/1397\/revisions\/1400"}],"wp:attachment":[{"href":"https:\/\/svetaobitelj.hr\/index.php?rest_route=%2Fwp%2Fv2%2Fmedia&parent=1397"}],"wp:term":[{"taxonomy":"category","embeddable":true,"href":"https:\/\/svetaobitelj.hr\/index.php?rest_route=%2Fwp%2Fv2%2Fcategories&post=1397"},{"taxonomy":"post_tag","embeddable":true,"href":"https:\/\/svetaobitelj.hr\/index.php?rest_route=%2Fwp%2Fv2%2Ftags&post=1397"}],"curies":[{"name":"wp","href":"https:\/\/api.w.org\/{rel}","templated":true}]}}