{"id":1369,"date":"2020-04-04T13:45:53","date_gmt":"2020-04-04T12:45:53","guid":{"rendered":"http:\/\/svetaobitelj.hr\/?p=1369"},"modified":"2020-04-04T13:45:53","modified_gmt":"2020-04-04T12:45:53","slug":"pismo-nadbiskupa-hranica-o-slavlju-velikoga-tjedna-i-vazmenog-trodnevlja","status":"publish","type":"post","link":"https:\/\/svetaobitelj.hr\/?p=1369","title":{"rendered":"Pismo nadbiskupa Hrani\u0107a o slavlju Velikoga tjedna i vazmenog trodnevlja"},"content":{"rendered":"\n<p><strong>\u0110AKOVO (TU)<\/strong>&nbsp;\u2013 Nadbiskup \u0111akova\u010dko-osje\u010dki \u0110uro Hrani\u0107 uputio je pismo prezbiteriju i vjernicima \u0110akova\u010dko-osje\u010dke nadbiskupije o slavlju Velikoga tjedna i vazmenog trodnevlja u okolnostima izvanrednih mjera za\u0161tite od zarazne bolesti Covid-19. Pismo donosimo u cijelosti.<\/p>\n\n\n\n<p><em>Nadbiskupski ordinarijat \u0110akovo, 2. travnja 2020. br. 354\/2020.<\/em><\/p>\n\n\n\n<p>Draga bra\u0107o sve\u0107enici! Dragi vjernici i Bogu posve\u0107ene osobe!<\/p>\n\n\n\n<p>Kroz proteklo korizmeno razdoblje, kad se zajedno s \u010ditavom Crkvom odri\u010demo mnogih stvari i vi\u0161e posve\u0107ujemo molitvi kako bismo se usredoto\u010dili na otajstvo muke i smrti Sina Bo\u017ejega, suo\u010dili smo se i s korizmom na\u0161ega sve\u0107eni\u0161tva te kr\u0161\u0107anske vjerni\u010dke prakse. Zbog pandemijskog \u0161irenja virusa Covid-19 pozvani smo sustegnuti se \u010dak i od nedjeljnih okupljanja u crkvama, od sv. pri\u010desti i od sakramenta pomirenja te se, u krilu svojih obitelji \u2013 ku\u0107nih crkava, \u201eklanjati Ocu u duhu i istini\u201c (Iv 4,23). Te\u0161ko nam to svima pada.<\/p>\n\n\n\n<p><em><strong>1. Sve\u0107eni\u010dka pastirska korizma i Uskrs<\/strong><\/em><\/p>\n\n\n\n<p>Draga bra\u0107o sve\u0107enici! Radostan sam zbog pastirske gorljivosti i domi\u0161ljatosti sviju Vas koji i u ovim izvanrednim okolnostima, po\u0161tuju\u0107i Odredbe Hrvatske biskupske konferencije od 19. o\u017eujka 2020., mjere i odluke Sto\u017eera civilne za\u0161tite o prevenciji zaraze koronavirusom i druge mjerodavne akte, pronalazite put do svojih \u017eupljana te im nastojite o\u010ditovati svoju blizinu, podr\u0161ku i ljubav, kako se ne bi osje\u0107ali napu\u0161teni ili duhovno zanemareni. Svojim apostolskim \u017earom uspjeli ste mnogi na najbolji na\u010din iskoristiti mogu\u0107nosti koje nam nude elektronska sredstva dru\u0161tvenog priop\u0107avanja i uz njihovu pomo\u0107 osna\u017eiti postoje\u0107e te uspostaviti nove kanale redovite osobne komunikacije, razmjene informacija i evangelizacijskog rada sa svojim \u017eupnim suradnicima i \u017eupljanima, organizirati direktne prijenose euharistijskih i drugih molitvenih slavlja iz svojih \u017eupnih crkava, organizirati odre\u0111eni nastavak katehetskog rada barem s pripravnicima na sakramente kr\u0161\u0107anske inicijacije, ponuditi gra\u0111u za obiteljsku katehezu, kateheze za pripravu na slavlje prve pri\u010desti te krizme i druge hvalevrijedne katehetske, liturgijske i molitvene sadr\u017eaje. Hvala Vam, draga bra\u0107o sve\u0107enici!<\/p>\n\n\n\n<p>Dok se Vi brinete za svoje \u017eupljane, ovime i ja \u017eelim svima Vama, \u010dlanovima na\u0161ega prezbiterija iz dijecezanskog i redovni\u010dkog klera, o\u010ditovati svoju bratsku i biskupsku blizinu, podr\u0161ku, po\u0161tovanje i iskrenu ljubav. \u010cinim to u zajedni\u0161tvu s na\u0161im pom. biskupom Ivanom i na\u0161im nadbiskupom u miru Marinom. Znam da kroz ovo vrijeme ustezanja od socijalnih kontakata bolnim o\u010dima promatrate svoje prazne crkve, dok pristupate oltaru kako biste slavili euharistiju za vjernike povjerene Va\u0161oj pastirskoj skrbi ili kad odlazite pred Svetohrani\u0161te s brevijarom u ruci. Vjerujem da u ovoj izolaciji svaki od nas istodobno raste i u zahvalnosti za svoje redovite, makar malobrojne, sudionice i sudionike svakodnevnih i nedjeljnih euharistijskih slavlja, za na\u0161e ministrante, \u201epo\u010dimajle\u201c, orgulja\u0161e, \u010dita\u010de, sakristane i druge vjerne \u017eupne suradnike. Zar ne da iz ove perspektive po\u010dinjemo biti jo\u0161 zahvalniji Bogu za njih i da u\u010dimo svakoga ponaosob od njih jo\u0161 vi\u0161e voljeti i cijeniti?! Zahvalni smo \u0161to je u slavlju euharistije uz nas na oltaru makar netko od njih. \u010casne sestre u \u017eupi s kojima mo\u017eemo slaviti euharistiju prepoznajemo sada kao izvanredan Bo\u017eji dar i za nas osobno.<\/p>\n\n\n\n<p>Ova nas situacija u\u010di jo\u0161 vi\u0161e vrednovati i cijeniti, te jo\u0161 vi\u0161e voljeti ono svakodnevno i redovito, prema \u010demu smo ponekad ravnodu\u0161ni ili nam ono predstavlja zamor u na\u0161oj svakodnevnoj sve\u0107eni\u010dkoj slu\u017ebi. Pretpostavljam da se zato, s pribli\u017eavanjem Cvjetnice i vazmenoga trodnevlja, u ovoj nametnutoj klauzuri, sjetno pitamo kako \u0107emo uop\u0107e slaviti uskrsne blagdane: li\u0161eni sve\u010danih obreda, tradicije i pjevanja, procesija i blagoslova te niza izvanjskih znakova (makar znamo da je sve to, na\u017ealost, ve\u0107 ranije, zbog nedostatka pjeva\u010da i drugih suradnika, osobito u na\u0161im manjim zajednicama, pone\u0161to i reducirano). No, tim nam je va\u017enije ono \u0161to je ostalo, a \u010dega se u ovim izvanrednim okolnostima moramo odre\u0107i. Svjesni smo i da su nas neke neva\u017ene stvari, koje su vjernicima jako va\u017ene, ponekad i iritirale. No iz ove perspektive vi\u0161e vrednujemo te bolje sagledavamo i sve izvanjske, makar neva\u017ene i nebitne, znakove pu\u010dke religioznosti (kao \u0161to je npr. uskrsni blagoslov jela). Kad bismo mogli, ove bismo godine i takve sporedne stvari u\u010dinili zasigurno s puno vi\u0161e radosti i pastoralnog zanosa u kori\u0161tenju evangelizacijskih mogu\u0107nosti i takvih momenata.<\/p>\n\n\n\n<p>No, slavlje Uskrsa ne mo\u017eemo odgoditi, niti premjestiti. Ove \u0107emo ga godine slaviti na izvanredan i sasvim poseban na\u010din \u2013 ponajprije zbog toga \u0161to liturgiju ne mo\u017eemo slaviti zajedno. Mi se sve\u0107enici ne mo\u017eemo okupiti na Misi posvete ulja, a u na\u0161im crkvama ne mo\u017eemo okupljati svoje \u017eupljane. Ne mo\u017eemo niti privremeno (na koji dan ili na koji sat) suspendirati mjere predostro\u017enosti i prevencije od mogu\u0107e infekcije. Isus nas u aktualnim okolnostima poziva da ga nasljedujemo u ljubavi, slobodni i od najmanjeg oblika vlastite sebi\u010dnosti, te nam poru\u010duje da sada nema ve\u0107e ljubavi od ove: sustegnuti se od dovo\u0111enja svojih prijatelja i \u017eupljana u opasnost. Naime, ustezanje od svega \u0161to u ovoj situaciji nije dopu\u0161teno ili nije uputno, je daleko manje zahtjevan \u010din na\u0161e pastirske \u017ertve za njih, ali je na liniji Krista Gospodina, koji je \u2013 odlaze\u0107i u smrt \u2013 rekao: \u201eVe\u0107e ljubavi nema nitko od ove: da tko \u017eivot svoj polo\u017ei za prijatelje svoje\u201c (Iv 15,13). Odustajanje od liturgije vazmenog trodnevlja s vjernicima i po\u0161tovanje mjera \u201esocijalne distance\u201c je, dakle, oblik na\u0161eg vjerni\u010dkog pastirskog sjedinjenja s Kristom raspetim i uskrslim; \u010din na\u0161e sve\u0107eni\u010dke ljubavi prema na\u0161im \u017eupljanima i na\u0161e odgovornosti za njih. Lak\u0161e bi nam bilo Uskrs slaviti s njima, negoli \u0107e to biti bez njih.<\/p>\n\n\n\n<p>Pozivam Vas, draga bra\u0107o, da zajedni\u010dki otkrivamo djelovanje i vodstvo Kristova Svetoga Duha u njegovoj Crkvi, suo\u010davaju\u0107i se i s ovako neobi\u010dnim izazovima te \u2013 nama ljudima \u2013 te\u0161ko razumljivim potezima njegove Providnosti \u0161to ih on ostvaruje u ove na\u0161e dane.<\/p>\n\n\n\n<p><em><strong>2. Op\u0107e upute za slavlje Velikoga tjedna i vazmenog trodnevlja<\/strong><\/em><\/p>\n\n\n\n<p>Draga bra\u0107o i sestre! Na temelju odluka Kongregacije za bogo\u0161tovlje i disciplinu sakramenata od 19. i 25. o\u017eujka ove godine, te onih Hrvatske biskupske konferencije, na\u0161a \u0107e nadbiskupijska zajednica nastojati Sveti tjedan i vazmeno trodnevlje slaviti u zajedni\u0161tvu sa svojim biskupom i sa svojim prezbiterima u okviru \u017eupnih zajednica. Osobitu dimenziju crkvenosti istodobno \u0107e na sebe preuzeti i na\u0161e obitelji, koje pozivamo da se svojom ku\u0107nom liturgijom, te obiteljskom molitvom i katehezom, ugra\u0111uju u zajedni\u0161tvo na\u0161e mjesne \u0110akova\u010dko-osje\u010dke sveop\u0107e Crkve.<\/p>\n\n\n\n<p>Sve nas pozivam na otkrivanje \u010dudesnog i izvanrednog djelovanja Duha Svetoga, koji se o\u010dituje po darovima kreativnosti, inovativnosti, poduzetnosti, inteligencije, mudrosti, zdrave crkvenosti i ljubavi u na\u0161im sve\u0107eni\u010dkim i vjerni\u010dkim srcima. Dopustimo da nas on iznenadi na\u0161om sposobno\u0161\u0107u uzajamnog slu\u0161anja, povjerenja, podr\u0161ke i zajedni\u0161tva na svim razinama, te na\u0161om solidarno\u0161\u0107u s onima koji se stavljaju u slu\u017ebu op\u0107ega dobra i skrbi za sve \u010dlanove na\u0161ega hrvatskoga dru\u0161tva, a osobito s medicinskim osobljem, sa svima oboljelima i s \u010dlanovima njihovih obitelji te s onima u karantenama i u samoizolaciji.<\/p>\n\n\n\n<p>Mi biskupi \u0107emo Sveti tjedan i vazmeno trodnevlje, duhom sjedinjeni sa svima Vama sve\u0107enicima, s Bogu posve\u0107enim osobama i s vjernicima na\u0161e Nadbiskupije, slaviti u katedrali u \u0110akovu, a vi sve\u0107enici u svojim \u017eupnim crkvama. Kako bismo vjernicima omogu\u0107ili da se u svojim domovima u molitvi ujedine s nama biskupima i sve\u0107enicima, pojedina \u0107e liturgijska slavlja prenositi i sredstva dru\u0161tvenoga priop\u0107avanja.<\/p>\n\n\n\n<p>Slavonska televizija direktno \u0107e prenositi sva slavlja iz na\u0161e katedrale u \u0110akovu. Raspored slavlja je sljede\u0107i: Cvjetnica u 11 sati; Missa chrismatis u 9.00 sati; misa Ve\u010dere Gospodnje u 18 sati; Slu\u017eba Muke Gospodnje u 18 sati; Vazmeno bdijenje u 20,30 sati te Misa Vazma u 10,30. Svi zainteresirani mediji (TV i radio postaje) mogu besplatno od Slavonske televizije preuzeti snimak te istodobno direktno prenositi sva navedena slavlja.<\/p>\n\n\n\n<p>Sva \u0107e se slavlja u svim crkvama odvijati u fizi\u010dkoj odsutnosti Bo\u017ejega naroda, izbjegavaju\u0107i tako\u0111er i sve\u0107eni\u010dke koncelebracije, osim onih manjih koje se mogu ostvariti u okviru propisanih mjera zdravstvene za\u0161tite. Kako bi se ipak osigurao minimum izra\u017eajnosti i dostojanstva liturgijskih slavlja, u slavlju uz celebranta mogu, po\u0161tuju\u0107i navedene mjere zdravstvene za\u0161tite, sudjelovati i ministrant, lektor, orgulja\u0161 i\/li pjeva\u010d te eventualno osoba koja omogu\u0107uje direktan prijenos liturgijskog slavlja.<\/p>\n\n\n\n<p>Svaki \u017eupnik neka liturgiju slavi u svojoj \u017eupnoj crkvi. Crkve neka budu, osim za vrijeme liturgijskih slavlja, otvorene vjernicima za osobnu molitvu (po\u0161tuju\u0107i pritom tako\u0111er propisane mjere zdravstvene za\u0161tite). Neka se u crkvama ne organiziraju ispovijed, molitve kri\u017enog puta, euharistijska klanjanja, zajedni\u010dko moljenje krunice, klanjanje kri\u017eu, stra\u017ea i molitva kod \u201eBo\u017ejeg groba\u201c niti druge zajedni\u010dke pobo\u017enosti.<\/p>\n\n\n\n<p>Na stranicama Hrvatskog instituta za liturgijski pastoral (HILP) prona\u0107i \u0107ete gra\u0111u za \u201eobiteljsku liturgiju\u201c za navedene dane. Molimo da na nadbiskupijskim i va\u0161im \u017eupnim mre\u017enim stranicama budu preuzeta navedena obiteljska molitvena slavlja ili da barem, uz poticaj obiteljima i svim \u017eupljanima na kori\u0161tenje, budu nazna\u010dene adrese na kojima se ta gra\u0111a mo\u017ee na\u0107i. Ponudite im ju i u tiskanim \u017eupnim listi\u0107ima te na druge prikladne na\u010dine.<\/p>\n\n\n\n<p>Vazmeno je trodnevlje kruna i sredi\u0161te \u010ditave liturgijske godine. Tim vi\u0161e \u0161to vi vjernici ne mo\u017eete sudjelovati u slavljima vazmenoga trodnevlja, pozivamo vas da se u svojim domovima, kao obitelj ili pojedinci, okupite na molitvu kri\u017enoga puta u dane Velikoga tjedna, Getsemanske ure na Veliki \u010detvrtak uve\u010der, te u klanjanju pred kri\u017eem u svome obiteljskome domu na Veliki petak i subotu.<\/p>\n\n\n\n<p>Molimo da na mre\u017enim stranicama, uz tekstove za obiteljska molitvena slavlja, budu odmah vidljive i lako dostupne i kateheze namijenjene roditeljima za obiteljsku katehezu, za djecu i mlade u njihovoj on-line pripravi na sakramente te druga prigodna katehetska gra\u0111a.<\/p>\n\n\n\n<p><em><strong>3. Veliki petak: Nadbiskupijski dan molitve za opro\u0161tenje grijeha,kajanja, posta i pokore<\/strong><\/em><\/p>\n\n\n\n<p>Veliki je petak dan duhovnog sjedinjenja nas kr\u0161\u0107ana s Kristom Gospodinom u njegovoj muci i smrti na kri\u017eu \u201eradi nas ljudi i radi na\u0161ega spasenja.\u201c Odre\u0111en je i kao dan zapovijedanoga posta za sve vjernike.<\/p>\n\n\n\n<p>Ovime odre\u0111ujem da Veliki petak ove godine bude i na\u0161 Nadbiskupijski dan molitve za opro\u0161tenje grijeha; dan kajanja, posta pokore i molitve za obra\u0107enje te za ozdravljenje svih zara\u017eenih virusom Covid-19 i za \u0161to skoriji prestanak aktualne pandemije u \u010ditavome svijetu.<\/p>\n\n\n\n<p>Sve sve\u0107enike, redovnike i redovnice te sve vjernike pozivam da ovogodi\u0161nji Veliki petak bude jo\u0161 sna\u017enije pro\u017eivljen kao dan na\u0161ega kajanja za vlastite grijehe i za sve grijehe \u010ditavoga svijeta, po kojima mi ljudi u svojoj samodostatnosti odbacujemo Boga, sebe same i svoje sebi\u010dne ciljeve postavljamo kao jedini i isklju\u010divi kriterij dobra i zla, lomimo i svoj odnos s drugim ljudima te i \u010ditav stvoreni svijet zakidamo za njegov odnos sa Stvoriteljem, zaga\u0111ujemo ga svojim grijesima te ga svodimo na robu u slu\u017ebi vlastitih interesa. Pretvorimo ga u dan na\u0161e intenzivne molitve, posta i pokore za obra\u0107enje nas samih i cijeloga svijeta.<\/p>\n\n\n\n<p>Sve zdrave osobe, od punoljetne dobi do 65. godine \u017eivota, pozivam i na jedan osobit znak i \u017ertvu, tj. sve koji su to voljni u\u010diniti pozivam toga dana na strogi post, samo o kruhu i vodi. Pozivam na sabranost, na ispit savjesti, na kajanje i na pokoru za opro\u0161tenje vlastitih grijeha. Istodobno pozivam na molitveno sjedinjenje s Kristom patnikom i sa svima zahva\u0107enima korona virusom, na molitvu za zdravlje i snagu medicinskog osoblja te svih onih koji u svojoj slu\u017ebi za na\u0161e dobro sebe izla\u017eu opasnosti i pogibli.<\/p>\n\n\n\n<p>Crkvena nam zapovijed nala\u017ee: \u201eSvake se godine najmanje jedanput ispovijedi i o Uskrsu pri\u010desti.\u201c Budu\u0107i da ove godine u korizmenom vremenu nije bilo mogu\u0107e organizirati ispovijedi te da najve\u0107i dio vjernika nije u mogu\u0107nosti pristupiti sakramentu pomirenja, podsje\u0107am i sve pozivam, a sve\u0107enike poti\u010dem da kroz svoju komunikaciju vjernike poti\u010du, da u aktualnoj nemogu\u0107nosti da prime sakramentalno odrje\u0161enje, iskoriste mogu\u0107nost postizanja opro\u0161tenja grijeha, kako nas pou\u010dava Katekizam Katoli\u010dke Crkve (usp. br. 1452), uz sljede\u0107e uvjete:<br>a. savr\u0161eno kajanje, koje proizlazi iz ljubavi prema Bogu, koji je na\u0161e najve\u0107e dobro;<br>b. iskreno tra\u017eenje opro\u0161tenja svojih grijeha, u bilo kojem obliku, u kojemu ga je pojedini vjernik sposoban izraziti;<br>c. \u010dvrsta odluka da \u0107e, \u010dim po okon\u010danju pandemije bude mogu\u0107e, pristupiti sakramentu pomirenja.<\/p>\n\n\n\n<p><em><strong>4. Odredbe o liturgijskim slavljima<\/strong><\/em><\/p>\n\n\n\n<p><em><strong>Misa Muke Gospodnje na Cvjetnicu.<\/strong><\/em>&nbsp;Spomen Gospodinova ulaska u Jeruzalem neka se slavi unutar crkvenog zdanja, koriste\u0107i tre\u0107i oblik predvi\u0111en Rimskim misalom.<\/p>\n\n\n\n<p><em><strong>Missa chrismatis.<\/strong><\/em><\/p>\n\n\n\n<p>Sve\u0107enike pozivamo da zbog nemogu\u0107nosti nazo\u010dnosti i osobnog sudjelovanja, prate prijenos Mise posvete ulja iz katedrale u \u0110akovu na Veliki \u010detvrtak s po\u010detkom u 9 sati. Kad to bude mogu\u0107e, okupit \u0107emo se kao prezbiterij u katedrali na zajedni\u010dko zahvalno euharistijsko slavlje, obnovit \u0107emo u zajedni\u0161tvu s bra\u0107om svoja sve\u0107eni\u010dka obe\u0107anja i obilje\u017eiti svoje sve\u0107eni\u010dke jubileje, ponijeti sv. ulja te ih unijeti u \u017eupne crkve i predstaviti ih svojim \u017eupnim zajednicama da u njima budu plodni sakramentalni znakovi na\u0161ega spasenja u Kristu.<\/p>\n\n\n\n<p><em><strong>Misa Ve\u010dere Gospodnje.<\/strong><\/em><\/p>\n\n\n\n<p>U katedrali i u \u017eupama te u samostanima gdje stanuju dva ili vi\u0161e sve\u0107enika, ukoliko je mogu\u0107e ostvariti sve propisane mjere zdravstvene za\u0161tite (o kojima skrbi \u017eupnik ili predstojnik samostana), sve\u0107enici mogu koncelebrirati u Misi ve\u010dere Gospodnje. Izostavljaju se pranje nogu te procesija na kraju slavlja, a Svetootajstvo se pohranjuje u Svetohrani\u0161te. Kongregacija za bogo\u0161tovlje i disciplinu sakramenata iznimno ove godine dopu\u0161ta da Misu Ve\u010dere Gospodnje sve\u0107enik mo\u017ee slaviti i potpun sam.<\/p>\n\n\n\n<p><em><strong>Slu\u017eba Muke Gospodnje.<\/strong><\/em><\/p>\n\n\n\n<p>U obredima Muke Gospodnje neka se, u skladu s odlukom Kongregacije za bogo\u0161tovlje i disciplinu sakramenata, u sveop\u0107u molitvu (kao pretposljednja po redu) uklju\u010di i posebna (ovdje prilo\u017eena ili neka druga pripravljena) molitva za bolesne, umrle i one koje obuzima osje\u0107aj bezna\u0111a.<\/p>\n\n\n\n<p><em>Molimo za sve koji su diljem svijeta pogo\u0111eni zaraznom bole\u0161\u0107u, da ih Bog i Gospodin na\u0161 pridigne darom svoje blizine, a pokojne privede u zajedni\u0161tvo svojih bla\u017eenih.<\/em><br><em>Molitva u \u0161utnji. Zatim sve\u0107enik:<\/em><\/p>\n\n\n\n<p><em>Svemogu\u0107i vje\u010dni Bo\u017ee, tebi nitko nije tu\u0111, tvome srcu nitko nije dalek. U\u010dini kraj bolesti i prijetnji koja nas je sna\u0161la,<\/em><br><em>ozdravi bolesne i oja\u010daj one koji ih dvore. K sebi primi umrle, ohrabri one koje obuzima bezna\u0111e i sve nas ispuni duhom pouzdanja, solidarnosti i ljubavi. Po Kristu Gospodinu na\u0161em.<\/em><\/p>\n\n\n\n<p>\u010cin klanjanja kri\u017eu poljupcem, ove je godine pridr\u017ean samo predsjedatelju liturgije.<\/p>\n\n\n\n<p><em><strong>Vazmeno bdijenje.<\/strong><\/em><\/p>\n\n\n\n<p>U skladu s navedenim odredbama Kongregacije za bogo\u0161tovlje i disciplinu sakramenata, Vazmeno bdijenje se, osim u katedrali, mo\u017ee slaviti jo\u0161 samo u \u017eupnim crkvama (no ne i u samostanskim crkvama koje nisu i \u017eupne crkve). Na po\u010detku Vazmenoga bdijenja, u Slu\u017ebi svjetla, izostavljaju se blagoslov ognja i procesija s uskrsnom svije\u0107om. U sveti\u0161tu crkve se pripravi i upali uskrsna svije\u0107a, te se potom izvodi Hvalospjev. Podjela sakramenata katekumenima se odga\u0111a te se u Krsnoj slu\u017ebi zadr\u017eava samo obnova krsnih obe\u0107anja. Sve\u0107enici i Bogu posve\u0107ene osobe koje ne mogu sudjelovati u Vazmenom bdijenju neka iz \u010casoslova mole Slu\u017ebu \u010ditanja svetkovine Uskrsa.<\/p>\n\n\n\n<p><em><strong>Uskrs.<\/strong><\/em><\/p>\n\n\n\n<p>Rekosmo da crkvena zapovijed nala\u017ee: \u201eSvake se godine najmanje jedanput ispovijedi i o Uskrsu pri\u010desti.\u201c Suosje\u0107am s vama, draga bra\u0107o i sestre, koji biste o Uskrsu \u017earko \u017eeljeli pristupiti euharistijskom stolu, ali vam to ove godine, na\u017ealost, nije mogu\u0107e. Pozivam Vas i poti\u010dem da, tim \u017ear\u010de, zajedno s Marijom Magdalenom, koja tra\u017ei Isusa, o\u010ditujete svoju ljubav prema njemu. Zazovite ga i pozovite k sebi, da vas pohodi i da se nastani u va\u0161em srcu; da pohodi va\u0161 dom i va\u0161u obitelj. Stvorite raspolo\u017eenje za primanje duhovne sv. pri\u010desti, osobito dok \u0107ete preko sredstava dru\u0161tvenog priop\u0107avanja pratiti prijenos Mise Ve\u010dere Gospodnje i uskrsno euharistijsko slavlje. Predla\u017eem da uskrsnih dana \u010ditate izvje\u0161\u0107e o susretu dvojice u\u010denika s Uskrslim na putu u Emaus, koji su \u2013 dok im je on tuma\u010dio Pisma \u2013 osjetili kako im \u201egore srca\u201c, jer \u0107ete ga goru\u0107eg srca jo\u0161 usrdnije pozivati \u201eda ostane s vama\u201c, jo\u0161 \u017ear\u010de \u017eeljeti \u201esjesti s njime za stol\u201c te ga, duhovnom snagom vjere, jo\u0161 sna\u017enije prepoznati \u201eu lomljenju kruha\u201c.<\/p>\n\n\n\n<p><em><strong>Uskrsno obiteljsko molitveno slavlje i blagoslov jela.<\/strong><\/em><\/p>\n\n\n\n<p>Na temelju krsnog sjedinjenja s raspetim i uskrslim Kristom, svaki je kr\u0161\u0107anin po krsnoj milosti postao istodobno i dionik njegove \u2018sve\u0107eni\u010dke, proro\u010dke i kraljevske slu\u017ebe\u2019. U obiteljima to na osobit na\u010din, i po sakramentu \u017eenidbe, pripada supru\u017enicima i roditeljima U euharistijskom predslovlju ispovijedamo i molimo \u201erod smo izabrani, kraljevsko sve\u0107enstvo, sveti puk\u201c Budu\u0107i da smo ove smo godine li\u0161eni sudjelovanja u uskrsnom euharistijskom slavlju te uskrsne sv. pri\u010desti, tim ve\u0107u ulogu u ovogodi\u0161njem slavlju Uskrsa imaju na\u0161e obitelji, koje su male ku\u0107ne Crkve, te krsni sve\u0107enici i \u201eku\u0107na liturgija\u201c, odnosno obiteljsko molitveno zajedni\u0161tvo i s Kristom uskrslim. A u na\u0161em je narodu, kao svojevrsni nastavak euharistijskog zajedni\u0161tva s uskrslim Gospodinom, veoma sna\u017ena tradicija uskrsnog blagoslova jela u crkvi i svojevrsne \u201eobiteljske liturgije\u201c, koja se sastoji u zajedni\u010dkoj obiteljskoj molitvi i blagovanju blagoslovljene hrane. Budu\u0107i da ove godine ne\u0107emo mo\u0107i jela za blagoslov nositi, kako je to uobi\u010dajeno, u crkve da ih ondje blagoslove na\u0161i sve\u0107enici, pozivam i poti\u010dem sve obitelji da se na svetkovinu Uskrsa okupe oko obiteljskoga uskrsnoga stola. Kod prvoga, jutarnjeg blagovanja, neka svi zazovu blagoslov na hranu koju o Uskrsu uobi\u010dajeno nose na blagoslov, povezuju\u0107i u molitvi posebno s \u010dlanovima svoje \u017eupne zajednice. Vrijedno je da to u obiteljima u\u010dine supru\u017enici, odnosno roditelji. Neka i ta \u201eku\u0107na liturgija\u201c bude izri\u010daj uskrsne radosti i zajedni\u0161tva s Kristom uskrslim i me\u0111usobno, te izraz \u017eelje za sakramentalnim sjedinjenjem s njime u sv. pri\u010desti. Uz pro\u010ditani tekst uskrsnoga evan\u0111elja i Molitvu Gospodnju, te, ako je mogu\u0107e uskrsnu pjesmu, izreknu molitvu:<\/p>\n\n\n\n<p><em>Gospodine Isuse Kriste, ti svojom smr\u0107u i uskrsnu\u0107em obnavlja\u0161 sav svijet. Uskrsnuv\u0161i od mrtvih, ukazao si se u\u010denicima u lomljenu kruha, Molimo te, blagoslovi hranu \u0161to smo je pripravili i daruj nam zahvalna srca. Nau\u010di nas da tebe kao gosta primamo u svojoj bra\u0107i i sestrama. Primi nas jedno\u0107 kao sustolnike u svome kraljevstvu. Koji \u017eivi\u0161 i kraljuje\u0161 u vijeke vjekova. Amen.<\/em><\/p>\n\n\n\n<p>Prigodni tekstovi mo\u0107i \u0107e se na\u0107i na na\u0161im mre\u017enim stranicama, zajedno s molitvenom gra\u0111om koju u ovo izvanredno vrijeme pod naslovom \u201eMolitveno slavlje Dana Gospodnjega u obitelji\u201c pripravlja Hrvatski institut za liturgijski pastoral.<\/p>\n\n\n\n<p><em><strong>Sakramenti kr\u0161\u0107anske inicijacije.<\/strong><\/em>&nbsp;Podjela sakramenata kr\u0161\u0107anske inicijacije, koja je bila predvi\u0111ena za uskrsno bdjenje, za sada je odgo\u0111ena. Jednako tako izvan snage stavljamo ranije objavljeni raspored krizmenih slavlja po \u017eupama na podru\u010dju na\u0161e Nadbiskupije. No, \u017eupnici ne trebaju ponovno prijavljivati krizmeno slavlje u svojoj \u017eupi, nego \u0107e Nadbiskupski ordinarijat pratiti daljnji razvoj situacije te \u0107e, na vrijeme napraviti i svim ranije prijavljenim \u017eupama dostaviti nove termine i novi raspored krizmenih slavlja na nadbiskupijskoj razini. Nadamo se da \u0107emo krizme mo\u0107i slaviti, ako ne prije, od druge polovine rujna do konca studenoga ove godine. Sve \u017eupne katehete, stoga, molimo da i u ovim okolnostima, koriste\u0107i sredstva dru\u0161tvene komunikacije, budu u kontaktu s kandidatima za sakramente te da organiziraju pripravu i \u017eupnu katehezu na najbolji mogu\u0107i na\u010din.<\/p>\n\n\n\n<p>Dragi sve\u0107enici, draga bra\u0107o i sestre!<\/p>\n\n\n\n<p>Na\u0161a sada\u0161nja kriza koja dolazi od opasnosti zaraze od bolesti Covid-19 vjerujemo da \u0107e pro\u0107i. Sjetimo se, stoga, da ova kriza nosi i poziv na\u0161im \u017eupnim i svim crkvenim zajednicama \u201eda postavimo nova pravila i na\u0111emo nove oblike odgovornog zauzimanja, oslanjaju\u0107i se pritom na pozitivna iskustva, a odbacuju\u0107i negativna. Na taj na\u010din&nbsp;<em>vrijeme krize<\/em>&nbsp;postaje prigodom za razlu\u010divanje. S tim temeljnim stajali\u0161tem, koje je stajali\u0161te pouzdanja, a ne o\u010dajanja, dolikuje da se suo\u010dimo s te\u0161ko\u0107ama sada\u0161njega \u010dasa\u201c (usp. Benedikt XVI.,&nbsp;<em>Caritas in veritate<\/em>, br. 21). Takav je stav utkan u temelje uskrsne poruke o \u2018novosti \u017eivota\u2019 u Kristu. Zato s nadom gledamo na budu\u0107nost, i na radost blagdana kad \u0107emo opet mo\u0107i pohititi u na\u0161e crkve, \u201edvorane posljednje ve\u010dere\u201c i u na\u0161e Emause sjesti \u201eza stol s Kristom\u201c te se ondje i po sv. pri\u010desti sakramentalno sjediniti s njime.<\/p>\n\n\n\n<p>Mole\u0107i da vas obasja Bo\u017eja ljubav, za nas prikazana na drvu Kristova kri\u017ea i proslavljena u njegovu uskrsnu\u0107u, svima pozdrav i blagoslov u Gospodinu!<\/p>\n\n\n\n<p><strong>+<\/strong>\u0110uro Hrani\u0107, nadbiskup<\/p>\n","protected":false},"excerpt":{"rendered":"<p>\u0110AKOVO (TU)&nbsp;\u2013 Nadbiskup \u0111akova\u010dko-osje\u010dki \u0110uro Hrani\u0107 uputio je pismo prezbiteriju i vjernicima \u0110akova\u010dko-osje\u010dke nadbiskupije o slavlju Velikoga tjedna i vazmenog trodnevlja u okolnostima izvanrednih mjera za\u0161tite od zarazne bolesti Covid-19. Pismo donosimo u cijelosti. Nadbiskupski ordinarijat \u0110akovo, 2. travnja 2020. br. 354\/2020. Draga bra\u0107o sve\u0107enici! Dragi vjernici i Bogu posve\u0107ene osobe! Kroz proteklo korizmeno razdoblje, <a href=\"https:\/\/svetaobitelj.hr\/?p=1369\" class=\"more-link\">[&hellip;]<\/a><\/p>\n","protected":false},"author":2,"featured_media":0,"comment_status":"closed","ping_status":"open","sticky":false,"template":"","format":"standard","meta":{"footnotes":""},"categories":[3],"tags":[],"class_list":["entry","author-","post-1369","post","type-post","status-publish","format-standard","category-zupa"],"_links":{"self":[{"href":"https:\/\/svetaobitelj.hr\/index.php?rest_route=\/wp\/v2\/posts\/1369","targetHints":{"allow":["GET"]}}],"collection":[{"href":"https:\/\/svetaobitelj.hr\/index.php?rest_route=\/wp\/v2\/posts"}],"about":[{"href":"https:\/\/svetaobitelj.hr\/index.php?rest_route=\/wp\/v2\/types\/post"}],"author":[{"embeddable":true,"href":"https:\/\/svetaobitelj.hr\/index.php?rest_route=\/wp\/v2\/users\/2"}],"replies":[{"embeddable":true,"href":"https:\/\/svetaobitelj.hr\/index.php?rest_route=%2Fwp%2Fv2%2Fcomments&post=1369"}],"version-history":[{"count":1,"href":"https:\/\/svetaobitelj.hr\/index.php?rest_route=\/wp\/v2\/posts\/1369\/revisions"}],"predecessor-version":[{"id":1370,"href":"https:\/\/svetaobitelj.hr\/index.php?rest_route=\/wp\/v2\/posts\/1369\/revisions\/1370"}],"wp:attachment":[{"href":"https:\/\/svetaobitelj.hr\/index.php?rest_route=%2Fwp%2Fv2%2Fmedia&parent=1369"}],"wp:term":[{"taxonomy":"category","embeddable":true,"href":"https:\/\/svetaobitelj.hr\/index.php?rest_route=%2Fwp%2Fv2%2Fcategories&post=1369"},{"taxonomy":"post_tag","embeddable":true,"href":"https:\/\/svetaobitelj.hr\/index.php?rest_route=%2Fwp%2Fv2%2Ftags&post=1369"}],"curies":[{"name":"wp","href":"https:\/\/api.w.org\/{rel}","templated":true}]}}