{"id":1363,"date":"2020-04-01T14:03:18","date_gmt":"2020-04-01T13:03:18","guid":{"rendered":"http:\/\/svetaobitelj.hr\/?p=1363"},"modified":"2020-04-01T16:32:35","modified_gmt":"2020-04-01T15:32:35","slug":"pomoc-fratrima-u-zagrebu","status":"publish","type":"post","link":"https:\/\/svetaobitelj.hr\/?p=1363","title":{"rendered":"Pomo\u0107 fratrima u Zagrebu"},"content":{"rendered":"\n<figure class=\"wp-block-image size-large\"><img loading=\"lazy\" decoding=\"async\" width=\"600\" height=\"800\" src=\"http:\/\/svetaobitelj.hr\/wp-content\/uploads\/2020\/04\/POTRES-POMOC.jpg\" alt=\"\" class=\"wp-image-1364\" srcset=\"https:\/\/svetaobitelj.hr\/wp-content\/uploads\/2020\/04\/POTRES-POMOC.jpg 600w, https:\/\/svetaobitelj.hr\/wp-content\/uploads\/2020\/04\/POTRES-POMOC-225x300.jpg 225w\" sizes=\"auto, (max-width: 600px) 100vw, 600px\" \/><\/figure>\n\n\n\n<p>Dragi na\u0161i \u017eupljani, u ovim te\u0161kim vremenima koja su nas zadesila, na\u017ealost,dogodio se kao \u0161to ve\u0107 i znamo potres u Zagrebu, u kojem su o\u0161te\u0107eni crkva i samostan svetoga Franje, Kaptol 9.  Isti vi\u0161e nisu za stanovanje niti su u funkciji i tra\u017ee veliku cjelokupnu obnovu. U samostanu  \u017eive bra\u0107a franjevci i sjemeni\u0161tarci, njih pedesetak, iz na\u0161e Provincije sv. \u0106irila i Metoda. Oni su trenutno izmje\u0161teni jer je samostan te\u0161ko o\u0161te\u0107en i nesiguran za stanovanje jednako kao i crkva za bilo kakvo kori\u0161tenje. Znamo da je to veliki izdatak i da \u0107e obnova biti dugotrajna i skupa. Stoga vas dragi \u017eupljani molimo da svojim prilogom, ma koliki on bio, pomognete i na taj na\u010din da se na\u0161a mala bra\u0107a \u0161to prije vrate u svoj samostan.<\/p>\n\n\n\n<p>Vi\u0161e o samostanu i crkvi mo\u017eete prona\u0107i na slu\u017ebenoj web stranici Provincije       www.ofm.hr<\/p>\n\n\n\n<p>Pratio vas sve zagovor sv. Franje. Mir i dobro!<\/p>\n","protected":false},"excerpt":{"rendered":"<p>Dragi na\u0161i \u017eupljani, u ovim te\u0161kim vremenima koja su nas zadesila, na\u017ealost,dogodio se kao \u0161to ve\u0107 i znamo potres u Zagrebu, u kojem su o\u0161te\u0107eni crkva i samostan svetoga Franje, Kaptol 9. Isti vi\u0161e nisu za stanovanje niti su u funkciji i tra\u017ee veliku cjelokupnu obnovu. U samostanu \u017eive bra\u0107a franjevci i sjemeni\u0161tarci, njih pedesetak, <a href=\"https:\/\/svetaobitelj.hr\/?p=1363\" class=\"more-link\">[&hellip;]<\/a><\/p>\n","protected":false},"author":2,"featured_media":0,"comment_status":"closed","ping_status":"open","sticky":false,"template":"","format":"standard","meta":{"footnotes":""},"categories":[3],"tags":[],"class_list":["entry","author-","post-1363","post","type-post","status-publish","format-standard","category-zupa"],"_links":{"self":[{"href":"https:\/\/svetaobitelj.hr\/index.php?rest_route=\/wp\/v2\/posts\/1363","targetHints":{"allow":["GET"]}}],"collection":[{"href":"https:\/\/svetaobitelj.hr\/index.php?rest_route=\/wp\/v2\/posts"}],"about":[{"href":"https:\/\/svetaobitelj.hr\/index.php?rest_route=\/wp\/v2\/types\/post"}],"author":[{"embeddable":true,"href":"https:\/\/svetaobitelj.hr\/index.php?rest_route=\/wp\/v2\/users\/2"}],"replies":[{"embeddable":true,"href":"https:\/\/svetaobitelj.hr\/index.php?rest_route=%2Fwp%2Fv2%2Fcomments&post=1363"}],"version-history":[{"count":3,"href":"https:\/\/svetaobitelj.hr\/index.php?rest_route=\/wp\/v2\/posts\/1363\/revisions"}],"predecessor-version":[{"id":1368,"href":"https:\/\/svetaobitelj.hr\/index.php?rest_route=\/wp\/v2\/posts\/1363\/revisions\/1368"}],"wp:attachment":[{"href":"https:\/\/svetaobitelj.hr\/index.php?rest_route=%2Fwp%2Fv2%2Fmedia&parent=1363"}],"wp:term":[{"taxonomy":"category","embeddable":true,"href":"https:\/\/svetaobitelj.hr\/index.php?rest_route=%2Fwp%2Fv2%2Fcategories&post=1363"},{"taxonomy":"post_tag","embeddable":true,"href":"https:\/\/svetaobitelj.hr\/index.php?rest_route=%2Fwp%2Fv2%2Ftags&post=1363"}],"curies":[{"name":"wp","href":"https:\/\/api.w.org\/{rel}","templated":true}]}}