{"id":1352,"date":"2020-03-26T17:07:46","date_gmt":"2020-03-26T16:07:46","guid":{"rendered":"http:\/\/svetaobitelj.hr\/?p=1352"},"modified":"2020-03-26T17:07:46","modified_gmt":"2020-03-26T16:07:46","slug":"poziv-pape-franje-na-molitvu-i-potpuni-oprost","status":"publish","type":"post","link":"https:\/\/svetaobitelj.hr\/?p=1352","title":{"rendered":"Poziv pape Franje na molitvu i potpuni oprost"},"content":{"rendered":"\n<figure class=\"wp-block-embed-wordpress wp-block-embed is-type-wp-embed is-provider-hkm\"><div class=\"wp-block-embed__wrapper\">\n<iframe loading=\"lazy\" title=\"&#8220;Papa Franjo: Iz ove situacije mo\u017eemo iza\u0107i samo zajedno, kao cjelokupno \u010dovje\u010danstvo!&#8221; &#8212; HKM\" class=\"wp-embedded-content\" sandbox=\"allow-scripts\" security=\"restricted\" src=\"https:\/\/hkm.hr\/vjera\/papa-franjo-iz-ove-situacije-mozemo-izaci-samo-zajedno-kao-cjelokupno-covjecanstvo\/embed\/#?secret=tN4gq4Es8t\" data-secret=\"tN4gq4Es8t\" width=\"600\" height=\"338\" frameborder=\"0\" marginwidth=\"0\" marginheight=\"0\" scrolling=\"no\"><\/iframe>\n<\/div><\/figure>\n","protected":false},"excerpt":{"rendered":"","protected":false},"author":2,"featured_media":0,"comment_status":"closed","ping_status":"open","sticky":false,"template":"","format":"standard","meta":{"footnotes":""},"categories":[3],"tags":[],"class_list":["entry","author-","post-1352","post","type-post","status-publish","format-standard","category-zupa"],"_links":{"self":[{"href":"https:\/\/svetaobitelj.hr\/index.php?rest_route=\/wp\/v2\/posts\/1352","targetHints":{"allow":["GET"]}}],"collection":[{"href":"https:\/\/svetaobitelj.hr\/index.php?rest_route=\/wp\/v2\/posts"}],"about":[{"href":"https:\/\/svetaobitelj.hr\/index.php?rest_route=\/wp\/v2\/types\/post"}],"author":[{"embeddable":true,"href":"https:\/\/svetaobitelj.hr\/index.php?rest_route=\/wp\/v2\/users\/2"}],"replies":[{"embeddable":true,"href":"https:\/\/svetaobitelj.hr\/index.php?rest_route=%2Fwp%2Fv2%2Fcomments&post=1352"}],"version-history":[{"count":1,"href":"https:\/\/svetaobitelj.hr\/index.php?rest_route=\/wp\/v2\/posts\/1352\/revisions"}],"predecessor-version":[{"id":1353,"href":"https:\/\/svetaobitelj.hr\/index.php?rest_route=\/wp\/v2\/posts\/1352\/revisions\/1353"}],"wp:attachment":[{"href":"https:\/\/svetaobitelj.hr\/index.php?rest_route=%2Fwp%2Fv2%2Fmedia&parent=1352"}],"wp:term":[{"taxonomy":"category","embeddable":true,"href":"https:\/\/svetaobitelj.hr\/index.php?rest_route=%2Fwp%2Fv2%2Fcategories&post=1352"},{"taxonomy":"post_tag","embeddable":true,"href":"https:\/\/svetaobitelj.hr\/index.php?rest_route=%2Fwp%2Fv2%2Ftags&post=1352"}],"curies":[{"name":"wp","href":"https:\/\/api.w.org\/{rel}","templated":true}]}}