{"id":1347,"date":"2020-03-20T13:49:58","date_gmt":"2020-03-20T12:49:58","guid":{"rendered":"http:\/\/svetaobitelj.hr\/?p=1347"},"modified":"2020-03-20T14:00:22","modified_gmt":"2020-03-20T13:00:22","slug":"poruka-nadbiskupa-dure-hranica-pozivam-vas-ponajprije-na-mir-srca","status":"publish","type":"post","link":"https:\/\/svetaobitelj.hr\/?p=1347","title":{"rendered":"Poruka nadbiskupa \u0110ure Hrani\u0107a: Pozivam vas ponajprije na mir srca"},"content":{"rendered":"\n<p><strong>\u0110AKOVO (TU)<\/strong>&nbsp;\u2013 Zamoljen od pojedinih lokalnih medija da se u svjetlu odredbi biskupa Hrvatske biskupske konferencije u vezi sprje\u010davanja \u0161irenja bolesti COVID-19 (koronavirusa) obrati vjernicima \u0110akova\u010dko-osje\u010dke nadbiskupije, nadbiskup \u0110uro Hrani\u0107 uputio je sljede\u0107u poruku:<\/p>\n\n\n\n<p>\u201eMi kr\u0161\u0107ani \u010dvrsto vjerujemo u Bo\u017eju providnost, da Bog svojom ljubavlju prati na\u0161e \u017eivote, da je on Bog s nama: u na\u0161im radostima, u opasnosti i pote\u0161ko\u0107ama, u svakom trenutku na\u0161ega \u017eivota. Pozivam Vas, sva draga bra\u0107o i sestre, draga bra\u0107o sve\u0107enici, redovnici i redovnice ponajprije na mir srca. Neka ovo vrijeme \u0161irenja korona virusa, za nas sve bude vrijeme produbljenja na\u0161e osobne i zajedni\u010dke vjere da smo Gospodinovi, u njegovim rukama, da njemu pripadamo i da k njemu idemo (usp. Rim 8,34-38; Ef 2,14). Mi smo stvorenja njegove ljubavi!<\/p>\n\n\n\n<p>U ime odgovornosti za zdravlje i \u017eivote ljudi, u ime ljubavi prema bli\u017enjima, po\u0161tuju\u0107i odredbe i preporuke stru\u010dnih slu\u017ebi, mi hrvatski biskupi morali smo donijeti bolne i te\u0161ke odluke. Pri dono\u0161enju tako te\u0161kih odluka bili smo vo\u0111eni ljubavlju prema bli\u017enjima te odgovorno\u0161\u0107u jednih za druge, a pri tom smo po\u0161tovali smjernice mjerodavnih dr\u017eavnih slu\u017ebi.<\/p>\n\n\n\n<p>Pozivam vas sve da budemo me\u0111usobno povezani u duhu, da u molitvi nosimo jedni druge i \u010dlanove na\u0161ih zajednica. Istodobno molimo Duha mudrosti i straha Bo\u017ejega za one koji vode stru\u010dne slu\u017ebe, za sve nositelje vlasti koji snagom povjerenja kojega smo im poklonili na izborima vode javne poslove na\u0161ih lokalnih sredina i na\u0161e zemlje, za sve one koji skrbe za op\u0107e dobro, koji rade u razli\u010ditim slu\u017ebama slu\u017ee\u0107i nama gra\u0111anima, osobito za snagu zdravstvenim djelatnicima i svima koji su u slu\u017ebi bolesnika; za oslobo\u0111enje svih ljudi od trpljenja i ku\u0161nji; za nadu u pobjedu \u017eivota te za \u017eivot vje\u010dni svih preminulih.<\/p>\n\n\n\n<p>Sna\u017eenje ozra\u010dja vjere u pobjedu dobra i u oslobo\u0111enje od zla, molitveno ozra\u010dje, kr\u0161\u0107anska nada, solidarnost i zauzeta ljubav prema bli\u017enjima su na\u0161 specifi\u010dan kr\u0161\u0107anski doprinos u danima ku\u0161nje i straha, koji \u010dovjeka zatvaraju pred Bogom i pred drugim ljudima. Mi kr\u0161\u0107ani vjerujemo u Bo\u017eju pomo\u0107 i u snagu molitve kojima se suo\u010davamo s navedenom i svakom drugom opasno\u0161\u0107u. Molitva nas osloba\u0111a od stanja depresije i nemo\u0107i; sna\u017ei na\u0161e povjerenje, predanje i vjerni\u010dko pouzdanje u Oca. Ona nas ispunja nutarnjim mirom i daje nam snagu za odgovornost za op\u0107e dobro te za slobodu slu\u017eenja u ljubavi.<\/p>\n\n\n\n<p>U ovoj izvanrednoj situaciji vrijede odredbe Katekizma (br. 2183) i Zakonika kanonskog prava (kan. 1248 \u00a7 2), prema kojima se onima, koji zbog va\u017enih razloga nisu u mogu\u0107nosti sudjelovati na nedjeljnom euharistijskom slavlju, preporu\u010duje da umjesto toga provedu odgovaraju\u0107e vrijeme u molitvi \u2013 \u010ditanjem Svetog pisma, moljenjem \u010casoslova ili drugih molitava \u2013 zasebno ili u obitelji.<\/p>\n\n\n\n<p>K tome, na\u0161e crkve kao mjesta duhovne okrepe i molitve ipak ostaju otvorene za na\u0161u pojedina\u010dnu molitvu i duhovnu sabranost. Pri tom treba po\u0161tovati sanitarne mjere za\u0161tite o dezinficiranju i provjetravanju. Svaki \u0107e \u017eupnik, stoga, samostalno odlu\u010diti o vremenu kada \u0107e i koje crkve na podru\u010dju njegove \u017eupe biti otvorene, a obavijest o tomu \u0107e staviti na mre\u017ene stranice svoje \u017eupe i vidno istaknuti na crkvena vrata ili koje drugo prikladno mjesto.<\/p>\n\n\n\n<p>Sve\u0107enike pozivam da i dalje slave mise u crkvama ili odgovaraju\u0107im kapelama, svjedo\u010de\u0107i o tomu, kako nas to u\u010di Katekizam Katoli\u010dke Crkve (br. 1343), da je euharistija sredi\u0161te \u017eivota Crkve. Vjernike poti\u010demo da se iz svojih domova priklju\u010de tako slavljenim svetim misama, izra\u017eavaju\u0107i na taj na\u010din da se u svakoj misi cijela Crkva sjedinjuje s Kristovom \u017ertvom (KKC br. 1369).<\/p>\n\n\n\n<p>Vjernicima preporu\u010dujemo da pa\u017eljivo prate nedjeljne i blagdanske televizijske prijenose misa, a i mi \u0107emo omogu\u0107iti pra\u0107enje u\u017eivo odre\u0111enih molitvenih slavlja iz na\u0161e katedrale.<\/p>\n\n\n\n<p>Molimo da se posjet bolesniku, ispovijed i pri\u010dest te bolesni\u010dko pomazanje podijele u neodgodivim slu\u010dajevima, po\u0161tuju\u0107i odredbe za\u0161tite (dezinfekciju ruku i no\u0161enje maske).\u201d<\/p>\n\n\n\n<p>Na kraju svoga obra\u0107anja nadbiskup je rekao: \u201eTe\u0161ko je ovo i bolno. Moramo imati povjerenja u mjerodavne slu\u017ebe koje vode brigu o op\u0107em dobru i po\u0161tovati njihove smjernice. Nadam se da \u0107emo sa\u010duvati pribranost, vedrinu duha i povjerenje u Gospodina &nbsp;te da \u0107emo se &nbsp;opet radosno okupljati na na\u0161a zajedni\u010dka vjerni\u010dka i druga slavlja.\u201c<\/p>\n\n\n\n<p><strong>Tiskovni ured<\/strong><\/p>\n","protected":false},"excerpt":{"rendered":"<p>\u0110AKOVO (TU)&nbsp;\u2013 Zamoljen od pojedinih lokalnih medija da se u svjetlu odredbi biskupa Hrvatske biskupske konferencije u vezi sprje\u010davanja \u0161irenja bolesti COVID-19 (koronavirusa) obrati vjernicima \u0110akova\u010dko-osje\u010dke nadbiskupije, nadbiskup \u0110uro Hrani\u0107 uputio je sljede\u0107u poruku: \u201eMi kr\u0161\u0107ani \u010dvrsto vjerujemo u Bo\u017eju providnost, da Bog svojom ljubavlju prati na\u0161e \u017eivote, da je on Bog s nama: u <a href=\"https:\/\/svetaobitelj.hr\/?p=1347\" class=\"more-link\">[&hellip;]<\/a><\/p>\n","protected":false},"author":2,"featured_media":0,"comment_status":"closed","ping_status":"open","sticky":false,"template":"","format":"standard","meta":{"footnotes":""},"categories":[3],"tags":[],"class_list":["entry","author-","post-1347","post","type-post","status-publish","format-standard","category-zupa"],"_links":{"self":[{"href":"https:\/\/svetaobitelj.hr\/index.php?rest_route=\/wp\/v2\/posts\/1347","targetHints":{"allow":["GET"]}}],"collection":[{"href":"https:\/\/svetaobitelj.hr\/index.php?rest_route=\/wp\/v2\/posts"}],"about":[{"href":"https:\/\/svetaobitelj.hr\/index.php?rest_route=\/wp\/v2\/types\/post"}],"author":[{"embeddable":true,"href":"https:\/\/svetaobitelj.hr\/index.php?rest_route=\/wp\/v2\/users\/2"}],"replies":[{"embeddable":true,"href":"https:\/\/svetaobitelj.hr\/index.php?rest_route=%2Fwp%2Fv2%2Fcomments&post=1347"}],"version-history":[{"count":2,"href":"https:\/\/svetaobitelj.hr\/index.php?rest_route=\/wp\/v2\/posts\/1347\/revisions"}],"predecessor-version":[{"id":1349,"href":"https:\/\/svetaobitelj.hr\/index.php?rest_route=\/wp\/v2\/posts\/1347\/revisions\/1349"}],"wp:attachment":[{"href":"https:\/\/svetaobitelj.hr\/index.php?rest_route=%2Fwp%2Fv2%2Fmedia&parent=1347"}],"wp:term":[{"taxonomy":"category","embeddable":true,"href":"https:\/\/svetaobitelj.hr\/index.php?rest_route=%2Fwp%2Fv2%2Fcategories&post=1347"},{"taxonomy":"post_tag","embeddable":true,"href":"https:\/\/svetaobitelj.hr\/index.php?rest_route=%2Fwp%2Fv2%2Ftags&post=1347"}],"curies":[{"name":"wp","href":"https:\/\/api.w.org\/{rel}","templated":true}]}}