{"id":1332,"date":"2020-03-19T12:11:30","date_gmt":"2020-03-19T11:11:30","guid":{"rendered":"http:\/\/svetaobitelj.hr\/?p=1332"},"modified":"2020-03-19T12:11:31","modified_gmt":"2020-03-19T11:11:31","slug":"obavijest-vjernicima-vazno","status":"publish","type":"post","link":"https:\/\/svetaobitelj.hr\/?p=1332","title":{"rendered":"OBAVIJEST VJERNICIMA VA\u017dNO!!!"},"content":{"rendered":"\n<p>PREMA ODLUCI NA\u0160IH BISKUPA HRVATSKE BISKUPSKE KONFERENCIJE, OD PETKA, 20. O\u017dUJKA 2020. DO DALJNJEGA, MI SVE\u0106ENICI NE SMIJEMO IMATI SVETE MISE NITI POBO\u017dNOSTI S VJERNICIMA.<\/p>\n\n\n\n<p>OSIM SVETIH MISA NE\u0106E BITI NITI POBO\u017dNOSTI TRINAEST UTORAKA SV. ANTUNU KAO NITI KRI\u017dNOGA PUTA NITI DRUGIH DOGA\u0110AJA ILI SASTANAKA.<\/p>\n\n\n\n<p>NEMA ISPOVIJEDI I BOLESNI\u010cKOG POMAZANJA (osim u smrtnoj opasnosti).<\/p>\n\n\n\n<p>\u017dUPNI URED KONTAKTIRAJTE PREKO TELEFONA ILI ELEKTRONSKOM PO\u0160TOM.<\/p>\n\n\n\n<p>MISE KOJE OBI\u010cNO SLAVIMO NAKON SPROVODA BIT \u0106E ODSLU\u017dENE NAKON \u0160TO \u0106E BITI PREKINUTA OVA ZABRANA, A SLAVLJA KR\u0160\u0106ANSKIH SPROVODA DOPU\u0160TENA SU UZ STROGO PRIDR\u017dAVANJE ZDRAVSTVENIH I SIGURNOSNIH UPUTA MJERODAVNIH DR\u017dAVNIH INSTITUCIJA.<\/p>\n\n\n\n<p>PRIMLJENE MISNE NAKANE (tzv. vezane) ODSLU\u017dIT \u0106EMO KAKO JE I DOGOVORENO PREMA DATUMU I SATU ALI BEZ PRISUTNOSTI VJERNIKA.<\/p>\n\n\n\n<p>BISKUPI, SVE DO OPOZIVA, OSLOBA\u0110AJU SVE VJERNIKE OBVEZE SUDJELOVANJA NA NEDJELJNIM I BLAGDANSKIM SVETIM MISAMA, A OVU OBVEZU NEKA ZAMJENE MOLITVOM, POSTOM, DOBRIM DJELIMA, \u010cITANJEM BO\u017dJE RIJE\u010cI, MOLITVENIM SUDJELOVANJEM U PRIJENOSU  EUHARISTIJSKOGA I DRUGIH SLAVLJA, PRENO\u0160ENIH PUTEM RADIJA, TELEVIZIJE I DRUGIH ELEKTRONI\u010cKIH SREDSTAVA. <\/p>\n\n\n\n<p>POZVANI SMO DA PRETVORIMO OVU KRIZU U PRIGODU DA, UNATO\u010c OVOJ KU\u0160NJI, U NADI BUDEMO RADOSNI, U NEVOLJI STRPLJIVI, U MOLITVI POSTOJANI (usp. Rim 12,12)<\/p>\n\n\n\n<p class=\"has-text-align-right\">fra Dragutin Bedeni\u010di\u0107, \u017eupnik<br>\nfra Josip Vukoja, \u017eupni vikar<\/p>\n","protected":false},"excerpt":{"rendered":"<p>PREMA ODLUCI NA\u0160IH BISKUPA HRVATSKE BISKUPSKE KONFERENCIJE, OD PETKA, 20. O\u017dUJKA 2020. DO DALJNJEGA, MI SVE\u0106ENICI NE SMIJEMO IMATI SVETE MISE NITI POBO\u017dNOSTI S VJERNICIMA. OSIM SVETIH MISA NE\u0106E BITI NITI POBO\u017dNOSTI TRINAEST UTORAKA SV. ANTUNU KAO NITI KRI\u017dNOGA PUTA NITI DRUGIH DOGA\u0110AJA ILI SASTANAKA. NEMA ISPOVIJEDI I BOLESNI\u010cKOG POMAZANJA (osim u smrtnoj opasnosti). \u017dUPNI <a href=\"https:\/\/svetaobitelj.hr\/?p=1332\" class=\"more-link\">[&hellip;]<\/a><\/p>\n","protected":false},"author":2,"featured_media":0,"comment_status":"closed","ping_status":"open","sticky":false,"template":"","format":"standard","meta":{"footnotes":""},"categories":[3],"tags":[],"class_list":["entry","author-","post-1332","post","type-post","status-publish","format-standard","category-zupa"],"_links":{"self":[{"href":"https:\/\/svetaobitelj.hr\/index.php?rest_route=\/wp\/v2\/posts\/1332","targetHints":{"allow":["GET"]}}],"collection":[{"href":"https:\/\/svetaobitelj.hr\/index.php?rest_route=\/wp\/v2\/posts"}],"about":[{"href":"https:\/\/svetaobitelj.hr\/index.php?rest_route=\/wp\/v2\/types\/post"}],"author":[{"embeddable":true,"href":"https:\/\/svetaobitelj.hr\/index.php?rest_route=\/wp\/v2\/users\/2"}],"replies":[{"embeddable":true,"href":"https:\/\/svetaobitelj.hr\/index.php?rest_route=%2Fwp%2Fv2%2Fcomments&post=1332"}],"version-history":[{"count":2,"href":"https:\/\/svetaobitelj.hr\/index.php?rest_route=\/wp\/v2\/posts\/1332\/revisions"}],"predecessor-version":[{"id":1334,"href":"https:\/\/svetaobitelj.hr\/index.php?rest_route=\/wp\/v2\/posts\/1332\/revisions\/1334"}],"wp:attachment":[{"href":"https:\/\/svetaobitelj.hr\/index.php?rest_route=%2Fwp%2Fv2%2Fmedia&parent=1332"}],"wp:term":[{"taxonomy":"category","embeddable":true,"href":"https:\/\/svetaobitelj.hr\/index.php?rest_route=%2Fwp%2Fv2%2Fcategories&post=1332"},{"taxonomy":"post_tag","embeddable":true,"href":"https:\/\/svetaobitelj.hr\/index.php?rest_route=%2Fwp%2Fv2%2Ftags&post=1332"}],"curies":[{"name":"wp","href":"https:\/\/api.w.org\/{rel}","templated":true}]}}