{"id":1307,"date":"2020-03-06T17:55:33","date_gmt":"2020-03-06T16:55:33","guid":{"rendered":"http:\/\/svetaobitelj.hr\/?p=1307"},"modified":"2020-03-06T17:55:34","modified_gmt":"2020-03-06T16:55:34","slug":"zupne-obavijesti-2-korizmena-nedjelja-2","status":"publish","type":"post","link":"https:\/\/svetaobitelj.hr\/?p=1307","title":{"rendered":"\u017dupne obavijesti: 2. korizmena nedjelja"},"content":{"rendered":"<ul>\n<li>Danas slavimo drugu korizmenu nedjelju. Marijine \u010dasne sestre humanitarnom akcijom prodaje kola\u010da skupljaju dragovoljne priloge za djecu u Africi, u Beninu. Redoviti mjese\u010dni susret Mjesnoga bratstva OFS-a je u 16:30 sati.<\/li>\n<li>Sutra zapo\u010dinje Tjedan solidarnosti i zajedni\u0161tva s Crkvom i ljudima u Bosni i Hercegovini. Sutra ne\u0107e biti biblijskog sata.<\/li>\n<li>Pobo\u017enost kri\u017enoga puta u na\u0161oj \u017eupnoj crkvi u korizmi je srijedom i petkom u 18:00 sati.<\/li>\n<li>U \u010detvrtak je u 19:00 sati susret s roditeljima ovogodi\u0161njih kandidata za prvu ispovijed i pri\u010dest.<\/li>\n<li>U subotu je u samostanu K\u0107eri Milosr\u0111a u Bakarskoj 1 duhovna obnova za mlade. Vi\u0161e o tome imate na oglasnoj plo\u010di, a u Vikarijatu je, s po\u010detkom u 19:00 sati, dekanatski susret bra\u010dnih parova s temom Imati vremena za bra\u010dnu komunikaciju te prepoznati negativne utjecaje medija na bra\u010dni \u017eivot. Predava\u010di su: dr. sc. Stanislav \u0160ota i studenti KBF-a iz \u0110akova.<\/li>\n<li>Dekanatski kri\u017eni put obitelji bit \u0107e u Aljma\u0161u 22. o\u017eujka u 16:00 sati.<\/li>\n<li>Sljede\u0107e nedjelje slavimo tre\u0107u korizmenu nedjelju. Zavr\u0161ava Tjedan solidarnosti i zajedni\u0161tva s Crkvom i ljudima u Bosni i Hercegovini kada \u0107emo nakon svetih misa skupljati nov\u010dane priloge za na\u0161u bra\u0107u i sestre s kojima \u017eelimo biti materijalno, molitveno i duhovno povezani.<\/li>\n<li>Prikupljanje prehrambenih proizvoda i higijenskih potrep\u0161tina za potrebite na\u0161e \u017dupe bit \u0107e u razdoblju izme\u0111u \u010detvrte korizmene nedjelje i Cvjetnice.<\/li>\n<li>Caritas na\u0161e Nadbiskupije poziva nas na sudjelovanje u akciji projekta \u201e75 za 1\u201c. Cilj tog projekta je prikupljati nov\u010dana sredstva za Nadbiskupijsku zakladu \u201eDr. Nikola Dogan\u201c koja stipendira u\u010denike i studente slabijeg imovnog stanja s podru\u010dja Nadbiskupije. Potrebno je u svakoj \u017eupi prona\u0107i barem 75 obitelji ili pojedinaca koji \u017eele darovati 20 kuna u svrhu projekta. Jasno da se mo\u017ee darovati i vi\u0161e i da mo\u017ee biti i vi\u0161e obitelji ili pojedinaca. Vremensko razdoblje skupljanja je mjesec o\u017eujak ove godine. Svoje nov\u010dane priloge mo\u017eete donositi u \u017eupni ured.<\/li>\n<li>Petnaesti kri\u017eni put mladih na\u0161e nadbiskupije bit \u0107e 28. o\u017eujka ove godine. Sudionici kri\u017enog puta krenut \u0107e iz Dragotina ispred crkve gdje je okupljanje od 9:00 do 9:30 sati, a zavr\u0161etak je u Centru za duhovne obnove \u201eBo\u017eje milosr\u0111e\u201c na Ov\u010dari gdje \u0107e biti sveta misa oko 18:00 sati. Kri\u017eni put je za mlade srednjo\u0161kolske dobi i starije. Vi\u0161e informacija o Kri\u017enom putu mo\u017ee se vidjeti preko dru\u0161tvenih mre\u017ea Ureda za pastoral mladih na\u0161e nadbiskupije, a prijave su u \u017eupnom uredu do 22. o\u017eujka ove godine.<\/li>\n<li>Susret hrvatske katoli\u010dke mlade\u017ei u Zagrebu bit \u0107e 9. i 10. svibnja ove godine. Mladi, koji se moraju prijaviti preko \u017eupa za taj susret, trebaju biti u Zagrebu 8. svibnja predve\u010der. Prijave za ovaj Susret su do 14. o\u017eujka u \u017eupnom uredu, a smiju se prijavljivati mladi od 8. razreda osnovne \u0161kole do 30 godina starosti.<\/li>\n<li>Molimo sve vas koji jo\u0161 nemate \u017eupnu obiteljsku knji\u017eicu ili je potrebno upisati promjene u postoje\u0107e, da se javite u \u017eupni ured.<\/li>\n<li>Kupujte i \u010ditajte katoli\u010dki vjerski tisak.<\/li>\n<\/ul>\n","protected":false},"excerpt":{"rendered":"<p>Danas slavimo drugu korizmenu nedjelju. Marijine \u010dasne sestre humanitarnom akcijom prodaje kola\u010da skupljaju dragovoljne priloge za djecu u Africi, u Beninu. Redoviti mjese\u010dni susret Mjesnoga bratstva OFS-a je u 16:30 sati. Sutra zapo\u010dinje Tjedan solidarnosti i zajedni\u0161tva s Crkvom i ljudima u Bosni i Hercegovini. Sutra ne\u0107e biti biblijskog sata. Pobo\u017enost kri\u017enoga puta u na\u0161oj <a href=\"https:\/\/svetaobitelj.hr\/?p=1307\" class=\"more-link\">[&hellip;]<\/a><\/p>\n","protected":false},"author":2,"featured_media":0,"comment_status":"closed","ping_status":"open","sticky":false,"template":"","format":"standard","meta":{"footnotes":""},"categories":[3],"tags":[],"class_list":["entry","author-","post-1307","post","type-post","status-publish","format-standard","category-zupa"],"_links":{"self":[{"href":"https:\/\/svetaobitelj.hr\/index.php?rest_route=\/wp\/v2\/posts\/1307","targetHints":{"allow":["GET"]}}],"collection":[{"href":"https:\/\/svetaobitelj.hr\/index.php?rest_route=\/wp\/v2\/posts"}],"about":[{"href":"https:\/\/svetaobitelj.hr\/index.php?rest_route=\/wp\/v2\/types\/post"}],"author":[{"embeddable":true,"href":"https:\/\/svetaobitelj.hr\/index.php?rest_route=\/wp\/v2\/users\/2"}],"replies":[{"embeddable":true,"href":"https:\/\/svetaobitelj.hr\/index.php?rest_route=%2Fwp%2Fv2%2Fcomments&post=1307"}],"version-history":[{"count":4,"href":"https:\/\/svetaobitelj.hr\/index.php?rest_route=\/wp\/v2\/posts\/1307\/revisions"}],"predecessor-version":[{"id":1311,"href":"https:\/\/svetaobitelj.hr\/index.php?rest_route=\/wp\/v2\/posts\/1307\/revisions\/1311"}],"wp:attachment":[{"href":"https:\/\/svetaobitelj.hr\/index.php?rest_route=%2Fwp%2Fv2%2Fmedia&parent=1307"}],"wp:term":[{"taxonomy":"category","embeddable":true,"href":"https:\/\/svetaobitelj.hr\/index.php?rest_route=%2Fwp%2Fv2%2Fcategories&post=1307"},{"taxonomy":"post_tag","embeddable":true,"href":"https:\/\/svetaobitelj.hr\/index.php?rest_route=%2Fwp%2Fv2%2Ftags&post=1307"}],"curies":[{"name":"wp","href":"https:\/\/api.w.org\/{rel}","templated":true}]}}