{"id":1304,"date":"2020-03-05T13:01:12","date_gmt":"2020-03-05T12:01:12","guid":{"rendered":"http:\/\/svetaobitelj.hr\/?p=1304"},"modified":"2020-03-05T13:01:13","modified_gmt":"2020-03-05T12:01:13","slug":"seminar-za-citacevoditelje-i-clanove-biblijskih-skupina","status":"publish","type":"post","link":"https:\/\/svetaobitelj.hr\/?p=1304","title":{"rendered":"Seminar za \u010dita\u010de,voditelje i \u010dlanove biblijskih skupina"},"content":{"rendered":"\n<figure class=\"wp-block-image size-large\"><img loading=\"lazy\" decoding=\"async\" width=\"1024\" height=\"1024\" src=\"http:\/\/svetaobitelj.hr\/wp-content\/uploads\/2020\/03\/slika1-1024x1024.jpg\" alt=\"\" class=\"wp-image-1305\" srcset=\"https:\/\/svetaobitelj.hr\/wp-content\/uploads\/2020\/03\/slika1-1024x1024.jpg 1024w, https:\/\/svetaobitelj.hr\/wp-content\/uploads\/2020\/03\/slika1-300x300.jpg 300w, https:\/\/svetaobitelj.hr\/wp-content\/uploads\/2020\/03\/slika1-150x150.jpg 150w, https:\/\/svetaobitelj.hr\/wp-content\/uploads\/2020\/03\/slika1-768x768.jpg 768w, https:\/\/svetaobitelj.hr\/wp-content\/uploads\/2020\/03\/slika1-1536x1536.jpg 1536w, https:\/\/svetaobitelj.hr\/wp-content\/uploads\/2020\/03\/slika1.jpg 1920w\" sizes=\"auto, (max-width: 1024px) 100vw, 1024px\" \/><\/figure>\n\n\n\n<p><strong>\u0110AKOVO (TU)<\/strong>&nbsp;\u2013\nU organizaciji Povjerenstva za biblijski pastoral \u0110akova\u010dko-osje\u010dke\nnadbiskupije, u subotu 29. velja\u010de 2020. odr\u017ean je u prostorima Katoli\u010dkog\nbogoslovnog fakulteta u \u0110akovu seminar za \u010dita\u010de, voditelje i \u010dlanove\nbiblijskih skupina. Tema seminara bila je&nbsp;<em>Molitva u Bibliji<\/em>.\nSeminar, pod vodstvom povjerenika za biblijski pastoral vl\u010d. Kre\u0161imira Bulata,\nzapo\u010deo je zajedni\u010dkom molitvom, a potom se okupljenima obratio pomo\u0107ni biskup\n\u0111akova\u010dko-osje\u010dki Ivan \u0106uri\u0107.<\/p>\n\n\n\n<p>Biskup \u0106uri\u0107 naglasio je udioni\u0161tvo \u010dita\u010da i \u010dlanova\nbiblijskih skupina u skrbi o kulturi vjere. Svima koji su sudjelovali na\nseminaru po\u017eelio je da duboko poniru u iskustvo vjere i uvijek se nadahnjuju na\nizvornim, biblijskim iskustvima na\u0161e vjere, u kojima je osobito va\u017ean dio\nmolitva \u2013 susret lice u lice s Gospodinom.<\/p>\n\n\n\n<p>Sam seminar bio je podijeljen na predavanje i rad u\nradionicama. Predavanje na temu&nbsp;<em>Molitva u Lukinu evan\u0111elju<\/em>&nbsp;odr\u017eala\nje s. Monika Han\u010di\u0107, \u010dlanica Povjerenstva za biblijski pastoral. Po\u0161la je od\nsvojevrsnog programa za kr\u0161\u0107anski \u017eivot \u2013 posta, molitve i djela milosr\u0111a. Sve\nmolitve Katoli\u010dke Crkve proizlaze iz Biblije, za koju bismo mogli re\u0107i da je\njedan veliki molitvenik, naglasila je i uputila kako od sva \u010detiri evan\u0111elja,\nEvan\u0111elje po Luki najvi\u0161e isti\u010de Isusa kao molitelja, potrebu molitve te donosi\nmno\u0161tvo primjera molitve, stoga je i tema izlaganja koncentrirana ba\u0161 na Lukinu\nevan\u0111elju.<\/p>\n\n\n\n<p>Isus je i molitelj i u\u010ditelj molitve. Ve\u0107 u prva dva\npoglavlja nalazimo tri hvalospjeva \u2013 Marijin&nbsp;<em>Veli\u010da<\/em>,\nZaharijin&nbsp;<em>Blagoslovljen<\/em>&nbsp;i&nbsp;<em>Sad<\/em>&nbsp;<em>otpu\u0161ta\u0161<\/em>&nbsp;starca\n\u0160imuna. Isus izrasta i odrasta u molitvenoj ba\u0161tini svoga naroda i molitva je\nbitan element njegova \u017eivota, a onda i \u017eivota njegovih u\u010denika. Prvu Isusovu\npouku o molitvu s. Monika razlo\u017eila je ulomkom Lk 10,38-42 o Marti i Mariji.\nIstaknula je kako je stav slu\u0161anja u molitvi osobito va\u017ean jer je na\u0161 Bog \u2013 Bog\nkoji govori i treba ga slu\u0161ati, a to nije lako. Slu\u0161ati ne zna\u010di ni\u0161ta ne\nraditi, nego raditi ono \u0161to Bog ho\u0107e. Boga slu\u0161ati zna\u010di, uz lijepe stvari,\n\u010duti i one neugodne. Onoga koji Ga doista slu\u0161a \u2013 Isus mo\u017ee upotrijebiti,\nuputila je predava\u010dica.<\/p>\n\n\n\n<p>Izlaganje je nastavila o Molitvi Gospodnjoj (Lk 11,\n1-4) \u0161to je i prva pouka o molitvi u Lukinu evan\u0111elju. Molitva koju Luka donosi\nodgovor je na tra\u017eenje u\u010denika da ih Isus nau\u010di moliti, kako su u ono vrijeme\nu\u010ditelji i rabini u\u010dili svoje u\u010denike. Isus je ovu molitvu dao kao primjer ili\nuzor molitve, a ne kao gotovu formuliranu molitvu. Na temelju njegove objave\nBoga kao Oca Isusovi u\u010denici imaju dijela u njegovu sinovstvu i mogu Boga zvati\nOcem, imaju tu povlasticu. Sinovski odnos s Bogom mora se o\u010ditovati i u\nbratskom odnosu jednih s drugima, uputila je, izme\u0111u ostaloga, s. Monika te\nistaknula kako se u Lukinu evan\u0111elju nalaze se jo\u0161 neke pouke o molitvi koje\nIsus pripovijeda svojim u\u010denicima (o prijateljima 11,5-8; o udovici i\nnepravednom sucu 18,1-8; farizeju i cariniku 18,9-14). U ovim tekstovima\nnaglasak nije toliko na ustrajnoj molitvi, nego na povjerenju da \u0107e biti\nispunjena. Kvaliteta molitve ne ovisi toliko o molitvenim obrascima koje\nkoristim koliko o stavu koji koristim. Molitva je slu\u0161anje, dopu\u0161tanje da me\nrije\u010d Bo\u017eja mijenja. Molitva zahtjeva pouzdanje, povjerenje, ustrajnost,\nponiznost, vjeru i pomirenje s drugima, poru\u010dila je s. Monika prisutnim\nsudionicima.<\/p>\n\n\n\n<p>Nakon predavanja uslijedile su radionice. Prvu radionicu na temu\u00a0<em>Molitva u Starom zavjetu<\/em>\u00a0vodili su vl\u010d. Kre\u0161imir Bulat i vjerou\u010diteljica Ana \u017delinski, a drugu na temu\u00a0<em>Psalami<\/em>\u00a0vodili su vl\u010d. Marin Putilin i vjerou\u010diteljica Danijela Kuve\u017edi\u0107. Sudionici su razmatrali i analizirali starozavjetne tekstove kao primjere molitve i povezivali ih s predavanjem i svojim \u017eivotom. Uslijedio je plenumu, gdje su izrazili svoje dojmove i razmi\u0161ljanja. Na kraju programa, vl\u010d. Bulat zahvalio je prisutnima i potaknuo na daljnji anga\u017eman u biblijskom pastoralu i sljede\u0107im seminarima.<\/p>\n\n\n\n<p>\u00a0(<strong>Marija Baruk\u010di\u0107 <\/strong>preuzeto sa stranice \u0110akova\u010dko- osje\u010dke nadbiskupije)<\/p>\n","protected":false},"excerpt":{"rendered":"<p>\u0110AKOVO (TU)&nbsp;\u2013 U organizaciji Povjerenstva za biblijski pastoral \u0110akova\u010dko-osje\u010dke nadbiskupije, u subotu 29. velja\u010de 2020. odr\u017ean je u prostorima Katoli\u010dkog bogoslovnog fakulteta u \u0110akovu seminar za \u010dita\u010de, voditelje i \u010dlanove biblijskih skupina. Tema seminara bila je&nbsp;Molitva u Bibliji. Seminar, pod vodstvom povjerenika za biblijski pastoral vl\u010d. Kre\u0161imira Bulata, zapo\u010deo je zajedni\u010dkom molitvom, a potom se <a href=\"https:\/\/svetaobitelj.hr\/?p=1304\" class=\"more-link\">[&hellip;]<\/a><\/p>\n","protected":false},"author":2,"featured_media":0,"comment_status":"closed","ping_status":"open","sticky":false,"template":"","format":"standard","meta":{"footnotes":""},"categories":[3],"tags":[],"class_list":["entry","author-","post-1304","post","type-post","status-publish","format-standard","category-zupa"],"_links":{"self":[{"href":"https:\/\/svetaobitelj.hr\/index.php?rest_route=\/wp\/v2\/posts\/1304","targetHints":{"allow":["GET"]}}],"collection":[{"href":"https:\/\/svetaobitelj.hr\/index.php?rest_route=\/wp\/v2\/posts"}],"about":[{"href":"https:\/\/svetaobitelj.hr\/index.php?rest_route=\/wp\/v2\/types\/post"}],"author":[{"embeddable":true,"href":"https:\/\/svetaobitelj.hr\/index.php?rest_route=\/wp\/v2\/users\/2"}],"replies":[{"embeddable":true,"href":"https:\/\/svetaobitelj.hr\/index.php?rest_route=%2Fwp%2Fv2%2Fcomments&post=1304"}],"version-history":[{"count":1,"href":"https:\/\/svetaobitelj.hr\/index.php?rest_route=\/wp\/v2\/posts\/1304\/revisions"}],"predecessor-version":[{"id":1306,"href":"https:\/\/svetaobitelj.hr\/index.php?rest_route=\/wp\/v2\/posts\/1304\/revisions\/1306"}],"wp:attachment":[{"href":"https:\/\/svetaobitelj.hr\/index.php?rest_route=%2Fwp%2Fv2%2Fmedia&parent=1304"}],"wp:term":[{"taxonomy":"category","embeddable":true,"href":"https:\/\/svetaobitelj.hr\/index.php?rest_route=%2Fwp%2Fv2%2Fcategories&post=1304"},{"taxonomy":"post_tag","embeddable":true,"href":"https:\/\/svetaobitelj.hr\/index.php?rest_route=%2Fwp%2Fv2%2Ftags&post=1304"}],"curies":[{"name":"wp","href":"https:\/\/api.w.org\/{rel}","templated":true}]}}