{"id":1293,"date":"2020-02-21T13:13:34","date_gmt":"2020-02-21T12:13:34","guid":{"rendered":"http:\/\/svetaobitelj.hr\/?p=1293"},"modified":"2020-02-21T13:13:35","modified_gmt":"2020-02-21T12:13:35","slug":"zupne-obavijesti-7-nedjelja-kroz-godinu-2","status":"publish","type":"post","link":"https:\/\/svetaobitelj.hr\/?p=1293","title":{"rendered":"\u017dupne obavijesti: 7. nedjelja kroz godinu"},"content":{"rendered":"\n<ul class=\"wp-block-list\"><li><strong>Danas slavimo sedmu nedjelju kroz godinu. <\/strong><\/li><\/ul>\n\n\n\n<ul class=\"wp-block-list\"><li><strong>Sutra je biblijski sat nakon\nve\u010dernje svete mise. <\/strong><\/li><\/ul>\n\n\n\n<ul class=\"wp-block-list\"><li><strong>U utorak je u 19:00 sati susret s\nroditeljima ovogodi\u0161njih kandidata za primanje sv. Potvrde.<\/strong><\/li><\/ul>\n\n\n\n<ul class=\"wp-block-list\"><li><strong>U srijedu slavimo \u010cistu srijedu\nili Pepelnicu \u010dime zapo\u010dinje korizmeno vrijeme u liturgijskoj ili crkvenoj\ngodini. Svete mise su u 7:30 i 18:30 sati kada \u0107e biti i pepeljenje. Obvezatan\nje post i nemrs. Pobo\u017enost kri\u017enoga puta u korizmi je srijedom i petkom u 18:00\nsati, a nemrs je petkom. U korizmi ne\u0107e biti klanjanja pred Presvetim. Korizma\nje vrijeme molitve, pokore i djelotvorne ljubavi. Prikupljanje prehrambenih\nproizvoda i higijenskih potrep\u0161tina za potrebite na\u0161e \u017dupe bit \u0107e u razdoblju\nizme\u0111u \u010detvrte korizmene nedjelje i Cvjetnice, a tko \u017eeli mo\u0107i \u0107e uzeti\nsljede\u0107e nedjelje caritasove kutijice te stavljati svoj dar u njih i donijeti\nih u crkvu na Cvjetnicu.<\/strong><\/li><\/ul>\n\n\n\n<ul class=\"wp-block-list\"><li><strong>U \u010detvrtak je susret \u010dita\u010da je\nnakon ve\u010dernje svete mise, a u Vikarijatu je u sklopu \u201eObiteljskog \u010detvrtka\u201c, s\npo\u010detkom u 19:30 sati, predavanje <em>Kako\nuspje\u0161no komunicirati i \u017eivjeti u braku kad nema biolo\u0161kog potomstva?<\/em>. Predava\u010dica\nje Monika E\u010dimovi\u0107, u\u010diteljica engleskog jezika i razredne nastave,\npsihologinja i psihoterapeutkinja.<\/strong><\/li><\/ul>\n\n\n\n<ul class=\"wp-block-list\"><li><strong>Sljede\u0107e nedjelje slavimo prvu korizmenu\nnedjelju. Ujedno je prva nedjelja u mjesecu kada svojim molitvama i nov\u010danim\nprilozima poma\u017eemo odgojnim ustanovama \u2013 sjemeni\u0161tima te molimo za duhovna\nzvanja. Pod jutarnjom svetom misom molit \u0107emo za dobro\u010dinitelje ove na\u0161e crkve\ni samostana. <\/strong><\/li><\/ul>\n\n\n\n<ul class=\"wp-block-list\"><li><strong>Petnaesti kri\u017eni put mladih na\u0161e\nnadbiskupije bit \u0107e 28. o\u017eujka ove godine. Sudionici kri\u017enog puta krenut \u0107e iz\nDragotina ispred crkve gdje je okupljanje od 9:00 do 9:30 sati, a zavr\u0161etak je\nu Centru za duhovne obnove \u201eBo\u017eje milosr\u0111e\u201c na Ov\u010dari gdje \u0107e biti sveta misa\noko 18:00 sati. Kri\u017eni put je za mlade srednjo\u0161kolske dobi i starije. Vi\u0161e\ninformacija o Kri\u017enom putu mo\u017ee se vidjeti preko dru\u0161tvenih mre\u017ea Ureda za\npastoral mladih na\u0161e nadbiskupije, a prijave su u \u017eupnom uredu do 22. o\u017eujka\nove godine.<\/strong><\/li><\/ul>\n\n\n\n<ul class=\"wp-block-list\"><li><strong>Susret hrvatske katoli\u010dke mlade\u017ei\nu Zagrebu bit \u0107e 9. i 10. svibnja ove godine. Mladi, koji se moraju prijaviti\npreko \u017eupa za taj susret, trebaju biti u Zagrebu 8. svibnja predve\u010der. Prijave\nza ovaj Susret su do 14. o\u017eujka u \u017eupnom uredu, a smiju se prijavljivati mladi\nod 8. razreda osnovne \u0161kole do 30 godina starosti. Poti\u010demo mlade da se \u0161to\nprije jave kako bi organizirali katehetske susrete u na\u0161oj \u017eupi kao pripravu za\ntaj Susret.<\/strong><\/li><\/ul>\n\n\n\n<ul class=\"wp-block-list\"><li><strong>Molimo sve\nvas koji jo\u0161 nemate \u017eupnu obiteljsku knji\u017eicu ili je potrebno upisati promjene\nu postoje\u0107e, da se javite u \u017eupni ured.<\/strong><strong> Kupujte i \u010ditajte katoli\u010dki vjerski tisak.<\/strong><\/li><\/ul>\n","protected":false},"excerpt":{"rendered":"<p>Danas slavimo sedmu nedjelju kroz godinu. Sutra je biblijski sat nakon ve\u010dernje svete mise. U utorak je u 19:00 sati susret s roditeljima ovogodi\u0161njih kandidata za primanje sv. Potvrde. U srijedu slavimo \u010cistu srijedu ili Pepelnicu \u010dime zapo\u010dinje korizmeno vrijeme u liturgijskoj ili crkvenoj godini. Svete mise su u 7:30 i 18:30 sati kada \u0107e <a href=\"https:\/\/svetaobitelj.hr\/?p=1293\" class=\"more-link\">[&hellip;]<\/a><\/p>\n","protected":false},"author":2,"featured_media":0,"comment_status":"closed","ping_status":"open","sticky":false,"template":"","format":"standard","meta":{"footnotes":""},"categories":[3],"tags":[],"class_list":["entry","author-","post-1293","post","type-post","status-publish","format-standard","category-zupa"],"_links":{"self":[{"href":"https:\/\/svetaobitelj.hr\/index.php?rest_route=\/wp\/v2\/posts\/1293","targetHints":{"allow":["GET"]}}],"collection":[{"href":"https:\/\/svetaobitelj.hr\/index.php?rest_route=\/wp\/v2\/posts"}],"about":[{"href":"https:\/\/svetaobitelj.hr\/index.php?rest_route=\/wp\/v2\/types\/post"}],"author":[{"embeddable":true,"href":"https:\/\/svetaobitelj.hr\/index.php?rest_route=\/wp\/v2\/users\/2"}],"replies":[{"embeddable":true,"href":"https:\/\/svetaobitelj.hr\/index.php?rest_route=%2Fwp%2Fv2%2Fcomments&post=1293"}],"version-history":[{"count":1,"href":"https:\/\/svetaobitelj.hr\/index.php?rest_route=\/wp\/v2\/posts\/1293\/revisions"}],"predecessor-version":[{"id":1294,"href":"https:\/\/svetaobitelj.hr\/index.php?rest_route=\/wp\/v2\/posts\/1293\/revisions\/1294"}],"wp:attachment":[{"href":"https:\/\/svetaobitelj.hr\/index.php?rest_route=%2Fwp%2Fv2%2Fmedia&parent=1293"}],"wp:term":[{"taxonomy":"category","embeddable":true,"href":"https:\/\/svetaobitelj.hr\/index.php?rest_route=%2Fwp%2Fv2%2Fcategories&post=1293"},{"taxonomy":"post_tag","embeddable":true,"href":"https:\/\/svetaobitelj.hr\/index.php?rest_route=%2Fwp%2Fv2%2Ftags&post=1293"}],"curies":[{"name":"wp","href":"https:\/\/api.w.org\/{rel}","templated":true}]}}