{"id":1284,"date":"2020-02-12T14:06:49","date_gmt":"2020-02-12T13:06:49","guid":{"rendered":"http:\/\/svetaobitelj.hr\/?p=1284"},"modified":"2020-02-12T14:06:50","modified_gmt":"2020-02-12T13:06:50","slug":"dan-bolesnika-u-nasoj-zupi","status":"publish","type":"post","link":"https:\/\/svetaobitelj.hr\/?p=1284","title":{"rendered":"Dan bolesnika u na\u0161oj \u017eupi"},"content":{"rendered":"\n<p>Volonteri Caritasa na\u0161e \u017eupe i ove su godine osmislili susret bolesnika u na\u0161oj crkvi. U poslijepodnevnim satima bila je prilika za ispovijed nakon \u010dega je slijedila sveta misa koju je predvodio \u017eupnik fra Dragutin, te je podijeljeno bolesni\u010dko pomazanje svima koji su bili spremni primiti ga. <\/p>\n\n\n\n<figure class=\"wp-block-image size-large\"><img loading=\"lazy\" decoding=\"async\" width=\"1024\" height=\"1024\" src=\"http:\/\/svetaobitelj.hr\/wp-content\/uploads\/2020\/02\/slika1-3-1024x1024.jpg\" alt=\"\" class=\"wp-image-1285\" srcset=\"https:\/\/svetaobitelj.hr\/wp-content\/uploads\/2020\/02\/slika1-3-1024x1024.jpg 1024w, https:\/\/svetaobitelj.hr\/wp-content\/uploads\/2020\/02\/slika1-3-300x300.jpg 300w, https:\/\/svetaobitelj.hr\/wp-content\/uploads\/2020\/02\/slika1-3-150x150.jpg 150w, https:\/\/svetaobitelj.hr\/wp-content\/uploads\/2020\/02\/slika1-3-768x768.jpg 768w, https:\/\/svetaobitelj.hr\/wp-content\/uploads\/2020\/02\/slika1-3-1536x1536.jpg 1536w, https:\/\/svetaobitelj.hr\/wp-content\/uploads\/2020\/02\/slika1-3.jpg 1920w\" sizes=\"auto, (max-width: 1024px) 100vw, 1024px\" \/><\/figure>\n\n\n\n<p>Nakon mise nastavljeno je ugodno dru\u017eenje uz zakusku u crkvenim prostorijama.<\/p>\n\n\n\n<p>Molitva pod za\u0161titu Gospe Lurdske<\/p>\n\n\n\n<p>O, Marijo, Majko mudrosti i dobrote, pogledaj milostivim okom na duhovne i tjelesne potrebe moje obitelji. Oni, koje ljubim, \u017eive u svijetu \u010diji je duh protivan evan\u0111eoskim savjetima, te su tako izlo\u017eeni da sagrije\u0161e i da budu robovima ljudskoga obzira. Ja te dakle zaklinjem da ih \u0161titi\u0161 i od zla brani\u0161, te \u010dvrsto priljubi\u0161 svetoj Crkvi!<br>Neka se uvijek po njima vr\u0161i volja Bo\u017eja i neka u \u017ertvama, koje budu prinosili, uvijek odsijeva duh veledu\u0161ja i kr\u0161\u0107anske ljubavi! Ne dvojim ni najmanje da \u0107e\u0161 \u0161tititi moju obitelj, ali te molim da samo u\u010dini\u0161, da se u svakoj potrebi k Tebi utje\u010demo i da ne prestanemo za \u017eivota i na smrti moliti se Tebi i imati \u010dvrsto pouzdanje u Tvoju za\u0161titu.<\/p>\n\n\n\n<p>Majko Bo\u017eja Lurdska, moli za nas!<\/p>\n\n\n\n<p><\/p>\n\n\n\n<figure class=\"wp-block-image size-large\"><img loading=\"lazy\" decoding=\"async\" width=\"1024\" height=\"1024\" src=\"http:\/\/svetaobitelj.hr\/wp-content\/uploads\/2020\/02\/slika4-1024x1024.jpg\" alt=\"\" class=\"wp-image-1287\" srcset=\"https:\/\/svetaobitelj.hr\/wp-content\/uploads\/2020\/02\/slika4-1024x1024.jpg 1024w, https:\/\/svetaobitelj.hr\/wp-content\/uploads\/2020\/02\/slika4-300x300.jpg 300w, https:\/\/svetaobitelj.hr\/wp-content\/uploads\/2020\/02\/slika4-150x150.jpg 150w, https:\/\/svetaobitelj.hr\/wp-content\/uploads\/2020\/02\/slika4-768x768.jpg 768w, https:\/\/svetaobitelj.hr\/wp-content\/uploads\/2020\/02\/slika4-1536x1536.jpg 1536w, https:\/\/svetaobitelj.hr\/wp-content\/uploads\/2020\/02\/slika4.jpg 1920w\" sizes=\"auto, (max-width: 1024px) 100vw, 1024px\" \/><\/figure>\n","protected":false},"excerpt":{"rendered":"<p>Volonteri Caritasa na\u0161e \u017eupe i ove su godine osmislili susret bolesnika u na\u0161oj crkvi. U poslijepodnevnim satima bila je prilika za ispovijed nakon \u010dega je slijedila sveta misa koju je predvodio \u017eupnik fra Dragutin, te je podijeljeno bolesni\u010dko pomazanje svima koji su bili spremni primiti ga. Nakon mise nastavljeno je ugodno dru\u017eenje uz zakusku u <a href=\"https:\/\/svetaobitelj.hr\/?p=1284\" class=\"more-link\">[&hellip;]<\/a><\/p>\n","protected":false},"author":2,"featured_media":0,"comment_status":"closed","ping_status":"open","sticky":false,"template":"","format":"standard","meta":{"footnotes":""},"categories":[3],"tags":[],"class_list":["entry","author-","post-1284","post","type-post","status-publish","format-standard","category-zupa"],"_links":{"self":[{"href":"https:\/\/svetaobitelj.hr\/index.php?rest_route=\/wp\/v2\/posts\/1284","targetHints":{"allow":["GET"]}}],"collection":[{"href":"https:\/\/svetaobitelj.hr\/index.php?rest_route=\/wp\/v2\/posts"}],"about":[{"href":"https:\/\/svetaobitelj.hr\/index.php?rest_route=\/wp\/v2\/types\/post"}],"author":[{"embeddable":true,"href":"https:\/\/svetaobitelj.hr\/index.php?rest_route=\/wp\/v2\/users\/2"}],"replies":[{"embeddable":true,"href":"https:\/\/svetaobitelj.hr\/index.php?rest_route=%2Fwp%2Fv2%2Fcomments&post=1284"}],"version-history":[{"count":1,"href":"https:\/\/svetaobitelj.hr\/index.php?rest_route=\/wp\/v2\/posts\/1284\/revisions"}],"predecessor-version":[{"id":1288,"href":"https:\/\/svetaobitelj.hr\/index.php?rest_route=\/wp\/v2\/posts\/1284\/revisions\/1288"}],"wp:attachment":[{"href":"https:\/\/svetaobitelj.hr\/index.php?rest_route=%2Fwp%2Fv2%2Fmedia&parent=1284"}],"wp:term":[{"taxonomy":"category","embeddable":true,"href":"https:\/\/svetaobitelj.hr\/index.php?rest_route=%2Fwp%2Fv2%2Fcategories&post=1284"},{"taxonomy":"post_tag","embeddable":true,"href":"https:\/\/svetaobitelj.hr\/index.php?rest_route=%2Fwp%2Fv2%2Ftags&post=1284"}],"curies":[{"name":"wp","href":"https:\/\/api.w.org\/{rel}","templated":true}]}}