{"id":1279,"date":"2020-02-11T18:01:58","date_gmt":"2020-02-11T17:01:58","guid":{"rendered":"http:\/\/svetaobitelj.hr\/?p=1279"},"modified":"2020-02-11T18:01:59","modified_gmt":"2020-02-11T17:01:59","slug":"zavjeti-u-ofs-u","status":"publish","type":"post","link":"https:\/\/svetaobitelj.hr\/?p=1279","title":{"rendered":"Zavjeti u OFS-u"},"content":{"rendered":"\n<figure class=\"wp-block-image size-large\"><img loading=\"lazy\" decoding=\"async\" width=\"1024\" height=\"1024\" src=\"http:\/\/svetaobitelj.hr\/wp-content\/uploads\/2020\/02\/slika2-1-1024x1024.jpg\" alt=\"\" class=\"wp-image-1280\" srcset=\"https:\/\/svetaobitelj.hr\/wp-content\/uploads\/2020\/02\/slika2-1-1024x1024.jpg 1024w, https:\/\/svetaobitelj.hr\/wp-content\/uploads\/2020\/02\/slika2-1-300x300.jpg 300w, https:\/\/svetaobitelj.hr\/wp-content\/uploads\/2020\/02\/slika2-1-150x150.jpg 150w, https:\/\/svetaobitelj.hr\/wp-content\/uploads\/2020\/02\/slika2-1-768x768.jpg 768w, https:\/\/svetaobitelj.hr\/wp-content\/uploads\/2020\/02\/slika2-1-1536x1536.jpg 1536w, https:\/\/svetaobitelj.hr\/wp-content\/uploads\/2020\/02\/slika2-1.jpg 1920w\" sizes=\"auto, (max-width: 1024px) 100vw, 1024px\" \/><\/figure>\n\n\n\n<p>Na spomendan bl. Alojzija Stepinca na\u0161e mjesno bratstvo bogatije je za tri novaka, tri privremeno zavjetovanika i \u010detiri sve\u010dano zavjetovanika. <\/p>\n\n\n\n<p>Ne zna\u0161 \u0161to je to?? \u017deli\u0161 upoznati Sv. Franju i \u017eivjeti njegovim \u017eivotom?? <\/p>\n\n\n\n<p>Do\u0111i  druge nedjelje u mjesecu na susret mjesnog  bratstva u 16:30 sati.<\/p>\n\n\n\n<p>\u010cekamo te!!!!!<\/p>\n\n\n\n<figure class=\"wp-block-image size-large\"><img loading=\"lazy\" decoding=\"async\" width=\"1024\" height=\"1024\" src=\"http:\/\/svetaobitelj.hr\/wp-content\/uploads\/2020\/02\/slika1-2-1024x1024.jpg\" alt=\"\" class=\"wp-image-1281\" srcset=\"https:\/\/svetaobitelj.hr\/wp-content\/uploads\/2020\/02\/slika1-2-1024x1024.jpg 1024w, https:\/\/svetaobitelj.hr\/wp-content\/uploads\/2020\/02\/slika1-2-300x300.jpg 300w, https:\/\/svetaobitelj.hr\/wp-content\/uploads\/2020\/02\/slika1-2-150x150.jpg 150w, https:\/\/svetaobitelj.hr\/wp-content\/uploads\/2020\/02\/slika1-2-768x768.jpg 768w, https:\/\/svetaobitelj.hr\/wp-content\/uploads\/2020\/02\/slika1-2-1536x1536.jpg 1536w, https:\/\/svetaobitelj.hr\/wp-content\/uploads\/2020\/02\/slika1-2.jpg 1920w\" sizes=\"auto, (max-width: 1024px) 100vw, 1024px\" \/><\/figure>\n\n\n\n<figure class=\"wp-block-image size-large\"><img loading=\"lazy\" decoding=\"async\" width=\"1024\" height=\"1024\" src=\"http:\/\/svetaobitelj.hr\/wp-content\/uploads\/2020\/02\/slika3-1024x1024.jpg\" alt=\"\" class=\"wp-image-1282\" srcset=\"https:\/\/svetaobitelj.hr\/wp-content\/uploads\/2020\/02\/slika3-1024x1024.jpg 1024w, https:\/\/svetaobitelj.hr\/wp-content\/uploads\/2020\/02\/slika3-300x300.jpg 300w, https:\/\/svetaobitelj.hr\/wp-content\/uploads\/2020\/02\/slika3-150x150.jpg 150w, https:\/\/svetaobitelj.hr\/wp-content\/uploads\/2020\/02\/slika3-768x768.jpg 768w, https:\/\/svetaobitelj.hr\/wp-content\/uploads\/2020\/02\/slika3-1536x1536.jpg 1536w, https:\/\/svetaobitelj.hr\/wp-content\/uploads\/2020\/02\/slika3.jpg 1920w\" sizes=\"auto, (max-width: 1024px) 100vw, 1024px\" \/><\/figure>\n","protected":false},"excerpt":{"rendered":"<p>Na spomendan bl. Alojzija Stepinca na\u0161e mjesno bratstvo bogatije je za tri novaka, tri privremeno zavjetovanika i \u010detiri sve\u010dano zavjetovanika. Ne zna\u0161 \u0161to je to?? \u017deli\u0161 upoznati Sv. Franju i \u017eivjeti njegovim \u017eivotom?? Do\u0111i druge nedjelje u mjesecu na susret mjesnog bratstva u 16:30 sati. \u010cekamo te!!!!!<\/p>\n","protected":false},"author":2,"featured_media":0,"comment_status":"closed","ping_status":"open","sticky":false,"template":"","format":"standard","meta":{"footnotes":""},"categories":[3],"tags":[],"class_list":["entry","author-","post-1279","post","type-post","status-publish","format-standard","category-zupa"],"_links":{"self":[{"href":"https:\/\/svetaobitelj.hr\/index.php?rest_route=\/wp\/v2\/posts\/1279","targetHints":{"allow":["GET"]}}],"collection":[{"href":"https:\/\/svetaobitelj.hr\/index.php?rest_route=\/wp\/v2\/posts"}],"about":[{"href":"https:\/\/svetaobitelj.hr\/index.php?rest_route=\/wp\/v2\/types\/post"}],"author":[{"embeddable":true,"href":"https:\/\/svetaobitelj.hr\/index.php?rest_route=\/wp\/v2\/users\/2"}],"replies":[{"embeddable":true,"href":"https:\/\/svetaobitelj.hr\/index.php?rest_route=%2Fwp%2Fv2%2Fcomments&post=1279"}],"version-history":[{"count":1,"href":"https:\/\/svetaobitelj.hr\/index.php?rest_route=\/wp\/v2\/posts\/1279\/revisions"}],"predecessor-version":[{"id":1283,"href":"https:\/\/svetaobitelj.hr\/index.php?rest_route=\/wp\/v2\/posts\/1279\/revisions\/1283"}],"wp:attachment":[{"href":"https:\/\/svetaobitelj.hr\/index.php?rest_route=%2Fwp%2Fv2%2Fmedia&parent=1279"}],"wp:term":[{"taxonomy":"category","embeddable":true,"href":"https:\/\/svetaobitelj.hr\/index.php?rest_route=%2Fwp%2Fv2%2Fcategories&post=1279"},{"taxonomy":"post_tag","embeddable":true,"href":"https:\/\/svetaobitelj.hr\/index.php?rest_route=%2Fwp%2Fv2%2Ftags&post=1279"}],"curies":[{"name":"wp","href":"https:\/\/api.w.org\/{rel}","templated":true}]}}