{"id":1276,"date":"2020-02-07T15:59:30","date_gmt":"2020-02-07T14:59:30","guid":{"rendered":"http:\/\/svetaobitelj.hr\/?p=1276"},"modified":"2020-02-07T15:59:31","modified_gmt":"2020-02-07T14:59:31","slug":"zupne-obavijesti-5-nedjelja-kroz-godinu-2","status":"publish","type":"post","link":"https:\/\/svetaobitelj.hr\/?p=1276","title":{"rendered":"\u017dupne obavijesti: 5. nedjelja kroz godinu"},"content":{"rendered":"\n<ul class=\"wp-block-list\"><li><strong>Danas slavimo petu nedjelju kroz godinu. Mjese\u010dni susret Mjesnoga Bratstva OFS-a je u 16:00 sati, a u 18:15 pobo\u017enost je na \u010dast bl. Mariji Petkovi\u0107.<\/strong><\/li><\/ul>\n\n\n\n<ul class=\"wp-block-list\"><li><strong>Sutra je spomendan bl. Alojzija\nStepinca, kardinala i mu\u010denika. Svete mise su u 7:30 i 18:30 sati. U na\u0161oj je crkvi\nsusret bra\u0107e i sestara osje\u010dkih mjesnih bratstava OFS-a od 17:00 sati. Pod\nve\u010dernjom svetom misom bit \u0107e slavlje privremenih i sve\u010danih zavjeta \u010dlanova\nna\u0161ega Mjesnog bratstva OFS-a. Ne\u0107e biti biblijskog sata. U Vikarijatu je sutra\nBiblijsko-molitvena ve\u010der pod vodstvom vl\u010d. Kre\u0161imira Bulata s po\u010detkom u 19:30\nsati.<\/strong><\/li><\/ul>\n\n\n\n<ul class=\"wp-block-list\"><li><strong>U utorak slavimo Gospu Lurdsku, a\nujedno je i Dan bolesnika. Svete mise su u 7:30; 15:30 za bolesnike i u 18:30\nsati. U na\u0161oj \u017eupnoj crkvi bit \u0107e susret bolesnika od 15:00 sati kada je\nmogu\u0107nost za ispovijed, nakon \u010dega slijedi sveta misa pod kojom \u0107e biti prilika\nprimiti i bolesni\u010dko pomazanje, a nakon mise \u0107emo zajedno s volonterima\nCaritasa ostati u dru\u017eenju u vjeronau\u010dnoj dvorani. Na kraju svake svete mise\nbit \u0107e kratka procesija sa svije\u0107ama do kipa Majke Bo\u017eje ispred crkve gdje \u0107emo\nzahvaliti na\u0161oj nebeskoj zagovornici kratkom pobo\u017eno\u0161\u0107u. Svije\u0107e \u0107ete mo\u0107i\nkupiti prije misa.<\/strong><\/li><\/ul>\n\n\n\n<ul class=\"wp-block-list\"><li><strong>U \u010detvrtak je klanjanje pred\nPresvetim nakon ve\u010dernje svete mise, a u&nbsp;\nVikarijatu je s po\u010detkom u 19:30 sati Socijalna tribina pod vodstvom mr.\nIgora Jakobfija.<\/strong><\/li><\/ul>\n\n\n\n<ul class=\"wp-block-list\"><li><strong>Sljede\u0107e nedjelje slavimo \u0161estu\nnedjelju kroz godinu. <\/strong><\/li><\/ul>\n\n\n\n<ul class=\"wp-block-list\"><li><strong>Bra\u010dna i obiteljska\nsavjetovali\u0161ta i Savjetovali\u0161te za \u017ertve obiteljskog nasilja \u0110akova\u010dko-osje\u010dke\nnadbiskupije organiziraju seminar pod nazivom \u201ePomozimo nositi teret jedni\ndrugima\u201c, koji \u0107e biti 15. velja\u010de ove godine u prostorima KBF-a u \u0110akovu. Vi\u0161e\no tome imate na oglasnoj plo\u010di.<\/strong><\/li><\/ul>\n\n\n\n<ul class=\"wp-block-list\"><li><strong>Susret hrvatske katoli\u010dke mlade\u017ei\nu Zagrebu bit \u0107e 9. i 10. svibnja ove godine. Mladi, koji se moraju prijaviti\npreko \u017eupa za taj susret, trebaju biti u Zagrebu 8. svibnja predve\u010der. Prijave\nza ovaj Susret su do 14. o\u017eujka u \u017eupnom uredu, a smiju se prijavljivati mladi\nod 8. razreda osnovne \u0161kole do 30 godina starosti. Poti\u010demo mlade da se \u0161to\nprije jave kako bi organizirali katehetske susrete u na\u0161oj \u017eupi kao pripravu za\ntaj Susret.<\/strong><\/li><\/ul>\n\n\n\n<ul class=\"wp-block-list\"><li><strong>Molimo sve\nvas koji jo\u0161 nemate \u017eupnu obiteljsku knji\u017eicu ili je potrebno upisati promjene\nu postoje\u0107e, da se javite u \u017eupni ured.<\/strong><strong> <\/strong><\/li><\/ul>\n\n\n\n<ul class=\"wp-block-list\"><li><strong>Kupujte i \u010ditajte katoli\u010dki vjerski\ntisak.<\/strong><\/li><\/ul>\n","protected":false},"excerpt":{"rendered":"<p>Danas slavimo petu nedjelju kroz godinu. Mjese\u010dni susret Mjesnoga Bratstva OFS-a je u 16:00 sati, a u 18:15 pobo\u017enost je na \u010dast bl. Mariji Petkovi\u0107. Sutra je spomendan bl. Alojzija Stepinca, kardinala i mu\u010denika. Svete mise su u 7:30 i 18:30 sati. U na\u0161oj je crkvi susret bra\u0107e i sestara osje\u010dkih mjesnih bratstava OFS-a od <a href=\"https:\/\/svetaobitelj.hr\/?p=1276\" class=\"more-link\">[&hellip;]<\/a><\/p>\n","protected":false},"author":2,"featured_media":0,"comment_status":"closed","ping_status":"open","sticky":false,"template":"","format":"standard","meta":{"footnotes":""},"categories":[3],"tags":[],"class_list":["entry","author-","post-1276","post","type-post","status-publish","format-standard","category-zupa"],"_links":{"self":[{"href":"https:\/\/svetaobitelj.hr\/index.php?rest_route=\/wp\/v2\/posts\/1276","targetHints":{"allow":["GET"]}}],"collection":[{"href":"https:\/\/svetaobitelj.hr\/index.php?rest_route=\/wp\/v2\/posts"}],"about":[{"href":"https:\/\/svetaobitelj.hr\/index.php?rest_route=\/wp\/v2\/types\/post"}],"author":[{"embeddable":true,"href":"https:\/\/svetaobitelj.hr\/index.php?rest_route=\/wp\/v2\/users\/2"}],"replies":[{"embeddable":true,"href":"https:\/\/svetaobitelj.hr\/index.php?rest_route=%2Fwp%2Fv2%2Fcomments&post=1276"}],"version-history":[{"count":1,"href":"https:\/\/svetaobitelj.hr\/index.php?rest_route=\/wp\/v2\/posts\/1276\/revisions"}],"predecessor-version":[{"id":1277,"href":"https:\/\/svetaobitelj.hr\/index.php?rest_route=\/wp\/v2\/posts\/1276\/revisions\/1277"}],"wp:attachment":[{"href":"https:\/\/svetaobitelj.hr\/index.php?rest_route=%2Fwp%2Fv2%2Fmedia&parent=1276"}],"wp:term":[{"taxonomy":"category","embeddable":true,"href":"https:\/\/svetaobitelj.hr\/index.php?rest_route=%2Fwp%2Fv2%2Fcategories&post=1276"},{"taxonomy":"post_tag","embeddable":true,"href":"https:\/\/svetaobitelj.hr\/index.php?rest_route=%2Fwp%2Fv2%2Ftags&post=1276"}],"curies":[{"name":"wp","href":"https:\/\/api.w.org\/{rel}","templated":true}]}}