{"id":1266,"date":"2020-02-01T17:31:24","date_gmt":"2020-02-01T16:31:24","guid":{"rendered":"http:\/\/svetaobitelj.hr\/?p=1266"},"modified":"2020-02-01T17:31:25","modified_gmt":"2020-02-01T16:31:25","slug":"zupne-obavijesti-prikazanje-gospodinovo","status":"publish","type":"post","link":"https:\/\/svetaobitelj.hr\/?p=1266","title":{"rendered":"\u017dupne obavijesti: Prikazanje Gospodinovo"},"content":{"rendered":"<ul>\n<li>Danas slavimo Prikazanje Gospodinovo \u2013 Svije\u0107nicu i Dan posve\u0107enoga \u017eivota. Ujedno je prva nedjelja u mjesecu kada se svojim molitvama i nov\u010danim prilozima sje\u0107amo na\u0161ih crkvenih odgojnih ustanova \u2013 sjemeni\u0161ta te molimo za duhovna zvanja.<\/li>\n<li>Sutra slavimo sv. Bla\u017ea, biskupa i mu\u010denika. Svete mise su u 7:30 i 18:30 sati. Nakon svetih misa bit \u0107e blagoslov grla po zagovoru sv. Bla\u017ea. Biblijski sat bit \u0107e nakon ve\u010dernje svete mise. U Vikarijatu \u0107e biti s po\u010detkom u 19:30 sati Biblijska tribina pod vodstvom prof. dr. Ivice \u010cati\u0107a.<\/li>\n<li>U \u010detvrtak je \u017eupna kateheza za prve razrede srednjih \u0161kola.<\/li>\n<li>U petak je pobo\u017enost na \u010dast Srcu Isusovom u 18:00 sati budu\u0107i da je prvi petak u mjesecu.<\/li>\n<li>Sljede\u0107e nedjelje slavimo petu nedjelju kroz godinu. Mjese\u010dni susret Mjesnoga Bratstva OFS-a bit \u0107e u 16:00 sati. U 18:15 bit \u0107e pobo\u017enost na \u010dast bl. Mariji Petkovi\u0107.<\/li>\n<li>Koncert duhovne glazbe u organizaciji interdenominacijske skupine Ez az a nap! (Ovo je dan!), kojoj pripadaju vjernici katoli\u010dke,\u00a0 reformirane, luteranske, pentekostalne i evan\u0111eoske crkve, bit \u0107e u dvorani Gradski vrt u Osijeku 11. velja\u010de ove godine u 19:00 sati. Cijena ulaznice za jednu osobu je 50 kuna, a informacije o nabavi mogu se na\u0107i na web stranici skupine Ez az a nap!. Osim stranih izvo\u0111a\u010da, nastupit \u0107e i glazbeni sastav Emanuel, Petar Buljan i Matej Gali\u0107. Ovaj je koncert u duhu Ekumenske osmine.<\/li>\n<li>Bra\u010dna i obiteljska savjetovali\u0161ta i Savjetovali\u0161te za \u017ertve obiteljskog nasilja \u0110akova\u010dko-osje\u010dke nadbiskupije organiziraju seminar pod nazivom \u201ePomozimo nositi teret jedni drugima\u201c, koji \u0107e biti 15. velja\u010de ove godine u prostorima KBF-a u \u0110akovu. Vi\u0161e o tome imate na oglasnoj plo\u010di.<\/li>\n<li>Susret hrvatske katoli\u010dke mlade\u017ei u Zagrebu bit \u0107e 9. i 10. svibnja ove godine. Mladi, koji se moraju prijaviti preko \u017eupa za taj susret, trebaju biti u Zagrebu 8. svibnja predve\u010der. Prijave za ovaj Susret su od 15. sije\u010dnja do 14. o\u017eujka u \u017eupnom uredu, a smiju se prijavljivati mladi od 8. razreda osnovne \u0161kole do 30 godina starosti. Poti\u010demo mlade da se \u0161to prije jave kako bi organizirali katehetske susrete u na\u0161oj \u017eupi kao pripravu za taj Susret.<\/li>\n<li>Molimo sve vas koji jo\u0161 nemate \u017eupnu obiteljsku knji\u017eicu ili je\u00a0 potrebno upisati promjene u postoje\u0107e, da se javite u \u017eupni ured.<\/li>\n<li>Kupujte i \u010ditajte katoli\u010dki vjerski tisak.<\/li>\n<\/ul>\n\n\n<p><\/p>\n","protected":false},"excerpt":{"rendered":"<p>Danas slavimo Prikazanje Gospodinovo \u2013 Svije\u0107nicu i Dan posve\u0107enoga \u017eivota. Ujedno je prva nedjelja u mjesecu kada se svojim molitvama i nov\u010danim prilozima sje\u0107amo na\u0161ih crkvenih odgojnih ustanova \u2013 sjemeni\u0161ta te molimo za duhovna zvanja. Sutra slavimo sv. Bla\u017ea, biskupa i mu\u010denika. Svete mise su u 7:30 i 18:30 sati. Nakon svetih misa bit \u0107e <a href=\"https:\/\/svetaobitelj.hr\/?p=1266\" class=\"more-link\">[&hellip;]<\/a><\/p>\n","protected":false},"author":2,"featured_media":0,"comment_status":"closed","ping_status":"open","sticky":false,"template":"","format":"standard","meta":{"footnotes":""},"categories":[3],"tags":[],"class_list":["entry","author-","post-1266","post","type-post","status-publish","format-standard","category-zupa"],"_links":{"self":[{"href":"https:\/\/svetaobitelj.hr\/index.php?rest_route=\/wp\/v2\/posts\/1266","targetHints":{"allow":["GET"]}}],"collection":[{"href":"https:\/\/svetaobitelj.hr\/index.php?rest_route=\/wp\/v2\/posts"}],"about":[{"href":"https:\/\/svetaobitelj.hr\/index.php?rest_route=\/wp\/v2\/types\/post"}],"author":[{"embeddable":true,"href":"https:\/\/svetaobitelj.hr\/index.php?rest_route=\/wp\/v2\/users\/2"}],"replies":[{"embeddable":true,"href":"https:\/\/svetaobitelj.hr\/index.php?rest_route=%2Fwp%2Fv2%2Fcomments&post=1266"}],"version-history":[{"count":4,"href":"https:\/\/svetaobitelj.hr\/index.php?rest_route=\/wp\/v2\/posts\/1266\/revisions"}],"predecessor-version":[{"id":1270,"href":"https:\/\/svetaobitelj.hr\/index.php?rest_route=\/wp\/v2\/posts\/1266\/revisions\/1270"}],"wp:attachment":[{"href":"https:\/\/svetaobitelj.hr\/index.php?rest_route=%2Fwp%2Fv2%2Fmedia&parent=1266"}],"wp:term":[{"taxonomy":"category","embeddable":true,"href":"https:\/\/svetaobitelj.hr\/index.php?rest_route=%2Fwp%2Fv2%2Fcategories&post=1266"},{"taxonomy":"post_tag","embeddable":true,"href":"https:\/\/svetaobitelj.hr\/index.php?rest_route=%2Fwp%2Fv2%2Ftags&post=1266"}],"curies":[{"name":"wp","href":"https:\/\/api.w.org\/{rel}","templated":true}]}}