{"id":1226,"date":"2020-01-24T21:05:31","date_gmt":"2020-01-24T20:05:31","guid":{"rendered":"http:\/\/svetaobitelj.hr\/?p=1226"},"modified":"2020-01-29T21:56:41","modified_gmt":"2020-01-29T20:56:41","slug":"zupne-obavijesti-3-nedjelja-kroz-godinu-2","status":"publish","type":"post","link":"https:\/\/svetaobitelj.hr\/?p=1226","title":{"rendered":"\u017dupne obavijesti: 3. nedjelja kroz godinu"},"content":{"rendered":"\n<p><\/p>\n\n\n\n<ul class=\"wp-block-list\"><li>Danas slavimo tre\u0107u nedjelju kroz godinu koja je odlukom pape Franje ujedno Nedjelja Bo\u017eje rije\u010di. <\/li><li>Sutra je biblijski sat nakon ve\u010dernje svete mise, a u Vikarijatu je biblijsko- molitvena ve\u010der koju vodi vl\u010d. Kre\u0161imir Bulat s po\u010detkom u 9:30 sati.<\/li><li>U srijedu je nakon ve\u010dernje svete mise sastanak volontera Caritasa na\u0161e \u017eupe.<\/li><li>Pozivamo mlade koji bi htjeli \u017eivjeti svoju mladost na frama\u0161ki na\u010din da do\u0111u na susrete petkom u 20:00 sati u dvoranu pokraj donje kapele u na\u0161oj crkvi.<\/li><li>U subotu \u0107emo pod ve\u010dernjom svetom misom moliti za duhovna zvanja te imati klanjanje pred Presvetim nakon ve\u010dernje svete mise, budu\u0107i da je prva  subota u mjesecu.<\/li><li>Sljede\u0107e nedjelje slavimo Prikazanje Gospodinovo \u2013 Svije\u0107nicu. Na po\u010detku svake svete mise bit \u0107e blagoslov svije\u0107a. Svije\u0107e \u0107ete mo\u0107i kupiti ispred na\u0161e crkve. Ujedno je prva nedjelja u mjesecu kada se svojim molitvama i nov\u010danim prilozima sje\u0107amo na\u0161ih crkvenih odgojnih ustanova \u2013 sjemeni\u0161ta te molimo za duhovna zvanja. Pod jutarnjom svetom misom molit \u0107emo za dobro\u010dinitelje ove na\u0161e crkve i samostana.<\/li><li>Koncert duhovne glazbe u organizaciji interdenominacijske skupine Ez az a nap! (Ovo je dan!), kojoj pripadaju vjernici katoli\u010dke, reformirane, luteranske, pentekostalne i evan\u0111eoske crkve, bit \u0107e u dvorani Gradski vrt u Osijeku 11. velja\u010de ove godine u 19:00 sati. Cijena ulaznica za jednu osobu je 50 kuna, a informacije o nabavi mogu se na\u0107i na web stranici skupine Ez az a nap!. Osim stranih izvo\u0111a\u010da, nastupit \u0107e i glazbeni sastav Emanuel, Petar Buljan i Matej Gali\u0107. Ovaj je koncert u duhu Ekumenske osmine.<\/li><li>Bra\u010dna i obiteljska savjetovali\u0161ta i Savjetovali\u0161te za \u017ertve obiteljskog nasilja \u0110akova\u010dko-osje\u010dke nadbiskupije organiziraju seminar pod nazivom \u201ePomozimo nositi teret jedni drugima\u201c, koji \u0107e biti 15. velja\u010de ove godine u prostorima KBF-a u \u0110akovu. Vi\u0161e o tome imate na oglasnoj plo\u010di.<\/li><li>Susret hrvatske katoli\u010dke mlade\u017ei u Zagrebu bit \u0107e 9. i 10. svibnja ove godine. Mladi, koji se moraju prijaviti preko \u017eupa za taj susret, trebaju biti u Zagrebu 8. svibnja predve\u010der. Prijave za ovaj Susret su od 15. sije\u010dnja do o\u017eujka u \u017eupnom uredu, a smiju se prijavljivati mladi od 8. razreda osnovne \u0161kole do 30 godina starosti.<\/li><li>Molimo sve vas koji jo\u0161 nemate \u017eupnu obiteljsku knji\u017eicu ili je potrebno upisati promjene u postoje\u0107e, da se javite u \u017eupni ured.<\/li><li>Kupujte i \u010ditajte katoli\u010dki vjerski tisak.<\/li><\/ul>\n","protected":false},"excerpt":{"rendered":"<p>Danas slavimo tre\u0107u nedjelju kroz godinu koja je odlukom pape Franje ujedno Nedjelja Bo\u017eje rije\u010di. Sutra je biblijski sat nakon ve\u010dernje svete mise, a u Vikarijatu je biblijsko- molitvena ve\u010der koju vodi vl\u010d. Kre\u0161imir Bulat s po\u010detkom u 9:30 sati. U srijedu je nakon ve\u010dernje svete mise sastanak volontera Caritasa na\u0161e \u017eupe. Pozivamo mlade koji <a href=\"https:\/\/svetaobitelj.hr\/?p=1226\" class=\"more-link\">[&hellip;]<\/a><\/p>\n","protected":false},"author":2,"featured_media":0,"comment_status":"closed","ping_status":"closed","sticky":false,"template":"","format":"standard","meta":{"footnotes":""},"categories":[3],"tags":[],"class_list":["entry","author-","post-1226","post","type-post","status-publish","format-standard","category-zupa"],"_links":{"self":[{"href":"https:\/\/svetaobitelj.hr\/index.php?rest_route=\/wp\/v2\/posts\/1226","targetHints":{"allow":["GET"]}}],"collection":[{"href":"https:\/\/svetaobitelj.hr\/index.php?rest_route=\/wp\/v2\/posts"}],"about":[{"href":"https:\/\/svetaobitelj.hr\/index.php?rest_route=\/wp\/v2\/types\/post"}],"author":[{"embeddable":true,"href":"https:\/\/svetaobitelj.hr\/index.php?rest_route=\/wp\/v2\/users\/2"}],"replies":[{"embeddable":true,"href":"https:\/\/svetaobitelj.hr\/index.php?rest_route=%2Fwp%2Fv2%2Fcomments&post=1226"}],"version-history":[{"count":2,"href":"https:\/\/svetaobitelj.hr\/index.php?rest_route=\/wp\/v2\/posts\/1226\/revisions"}],"predecessor-version":[{"id":1228,"href":"https:\/\/svetaobitelj.hr\/index.php?rest_route=\/wp\/v2\/posts\/1226\/revisions\/1228"}],"wp:attachment":[{"href":"https:\/\/svetaobitelj.hr\/index.php?rest_route=%2Fwp%2Fv2%2Fmedia&parent=1226"}],"wp:term":[{"taxonomy":"category","embeddable":true,"href":"https:\/\/svetaobitelj.hr\/index.php?rest_route=%2Fwp%2Fv2%2Fcategories&post=1226"},{"taxonomy":"post_tag","embeddable":true,"href":"https:\/\/svetaobitelj.hr\/index.php?rest_route=%2Fwp%2Fv2%2Ftags&post=1226"}],"curies":[{"name":"wp","href":"https:\/\/api.w.org\/{rel}","templated":true}]}}