{"id":1221,"date":"2020-01-18T16:50:39","date_gmt":"2020-01-18T15:50:39","guid":{"rendered":"http:\/\/svetaobitelj.hr\/?p=1221"},"modified":"2020-01-29T21:56:41","modified_gmt":"2020-01-29T20:56:41","slug":"zupne-obavijesti-2-nedjelja-kroz-godinu-2","status":"publish","type":"post","link":"https:\/\/svetaobitelj.hr\/?p=1221","title":{"rendered":"\u017dupne obavijesti: 2. nedjelja kroz godinu"},"content":{"rendered":"\n<ul class=\"wp-block-list\"><li>Danas slavimo drugu nedjelju kroz godinu. U tijeku je Molitvena osmina za jedinstvo kr\u0161\u0107ana koja zavr\u0161ava u subotu. Raspored ekumenskih susreta u Osijeku imate na oglasnoj plo\u010di. <\/li><li>Sutra je biblijski sat nakon ve\u010dernje svete mise. U Vikarijatu je biblijska tribina koju vodi prof. dr. Ivica \u010cati\u0107 s po\u010detkom u 19:30 sati. <\/li><li>U utorak su \u017eupne kateheze za druge razrede srednjih \u0161kola prema uobi\u010dajenom rasporedu, nakon ve\u010dernje svete mise susret je \u010dlanova  Sch\u00f6nstatske obitelji, a redoviti sastanak \u017dupnih vije\u0107a je u 19:30 sati u  vjeronau\u010dnoj dvorani.<\/li><li> U \u010detvrtak je nakon ve\u010dernje svete mise klanjanje pred Presvetim. U  Vikarijatu je s po\u010detkom u 19:30 sati \u201eObiteljski \u010detvrtak\u201c s temom  \u201eSamo\u0107a, usamljenost, samovanje u braku. \u0160to kad bra\u010dni drug prije\u0111e na  drugu stranu?\u201c o \u010demu \u0107e govoriti prof. dr. Dragan Paveli\u0107, dr.  med.,  psihijatar i psihoanaliti\u010dki psihoterapeut. <\/li><li>Sljede\u0107e nedjelje slavimo tre\u0107u nedjelju kroz godinu. <\/li><li>Pozivamo mlade koji bi htjeli \u017eivjeti svoju mladost na frama\u0161ki na\u010din da do\u0111u na susrete petkom u 20:00 sati u dvoranu pokraj donje kapele u na\u0161oj crkvi. <\/li><li>Bra\u010dna i obiteljska savjetovali\u0161ta i Savjetovali\u0161te za \u017ertve obiteljskog nasilja \u0110akova\u010dko-osje\u010dke nadbiskupije organiziraju seminar pod nazivom \u201ePomozimo nositi teret jedni drugima\u201c, koji \u0107e biti 15. velja\u010de ove godine u prostorima KBF-a u \u0110akovu. Vi\u0161e o tome imate na oglasnoj plo\u010di. <\/li><li>Susret hrvatske katoli\u010dke mlade\u017ei u Zagrebu bit \u0107e 9. i 10. svibnja ove godine. Mladi koji \u0107e biti prijavljeni preko \u017eupa za taj susret trebaju biti u Zagrebu 8. svibnja predve\u010der. Prijave za ovaj Susret su od 15. sije\u010dnja do 14. o\u017eujka u \u017eupnom uredu, a smiju se prijavljivati mladi od 8. razreda osnovne \u0161kole do 30 godina starosti. <\/li><li>Molimo sve vas koji jo\u0161 nemate \u017eupnu obiteljsku knji\u017eicu ili je potrebno upisati promjene u postoje\u0107e, da se javite u \u017eupni ured. <\/li><li>Kupujte i \u010ditajte katoli\u010dki vjerski tisak. <\/li><\/ul>\n","protected":false},"excerpt":{"rendered":"<p>Danas slavimo drugu nedjelju kroz godinu. U tijeku je Molitvena osmina za jedinstvo kr\u0161\u0107ana koja zavr\u0161ava u subotu. Raspored ekumenskih susreta u Osijeku imate na oglasnoj plo\u010di. Sutra je biblijski sat nakon ve\u010dernje svete mise. U Vikarijatu je biblijska tribina koju vodi prof. dr. Ivica \u010cati\u0107 s po\u010detkom u 19:30 sati. U utorak su \u017eupne <a href=\"https:\/\/svetaobitelj.hr\/?p=1221\" class=\"more-link\">[&hellip;]<\/a><\/p>\n","protected":false},"author":2,"featured_media":0,"comment_status":"closed","ping_status":"closed","sticky":false,"template":"","format":"standard","meta":{"footnotes":""},"categories":[3],"tags":[],"class_list":["entry","author-","post-1221","post","type-post","status-publish","format-standard","category-zupa"],"_links":{"self":[{"href":"https:\/\/svetaobitelj.hr\/index.php?rest_route=\/wp\/v2\/posts\/1221","targetHints":{"allow":["GET"]}}],"collection":[{"href":"https:\/\/svetaobitelj.hr\/index.php?rest_route=\/wp\/v2\/posts"}],"about":[{"href":"https:\/\/svetaobitelj.hr\/index.php?rest_route=\/wp\/v2\/types\/post"}],"author":[{"embeddable":true,"href":"https:\/\/svetaobitelj.hr\/index.php?rest_route=\/wp\/v2\/users\/2"}],"replies":[{"embeddable":true,"href":"https:\/\/svetaobitelj.hr\/index.php?rest_route=%2Fwp%2Fv2%2Fcomments&post=1221"}],"version-history":[{"count":3,"href":"https:\/\/svetaobitelj.hr\/index.php?rest_route=\/wp\/v2\/posts\/1221\/revisions"}],"predecessor-version":[{"id":1224,"href":"https:\/\/svetaobitelj.hr\/index.php?rest_route=\/wp\/v2\/posts\/1221\/revisions\/1224"}],"wp:attachment":[{"href":"https:\/\/svetaobitelj.hr\/index.php?rest_route=%2Fwp%2Fv2%2Fmedia&parent=1221"}],"wp:term":[{"taxonomy":"category","embeddable":true,"href":"https:\/\/svetaobitelj.hr\/index.php?rest_route=%2Fwp%2Fv2%2Fcategories&post=1221"},{"taxonomy":"post_tag","embeddable":true,"href":"https:\/\/svetaobitelj.hr\/index.php?rest_route=%2Fwp%2Fv2%2Ftags&post=1221"}],"curies":[{"name":"wp","href":"https:\/\/api.w.org\/{rel}","templated":true}]}}