{"id":1219,"date":"2020-01-11T11:32:04","date_gmt":"2020-01-11T10:32:04","guid":{"rendered":"http:\/\/svetaobitelj.hr\/?p=1219"},"modified":"2020-01-29T21:56:41","modified_gmt":"2020-01-29T20:56:41","slug":"zupne-obavijesti-krstenje-gospodinovo-2","status":"publish","type":"post","link":"https:\/\/svetaobitelj.hr\/?p=1219","title":{"rendered":"\u017dupne obavijesti: Kr\u0161tenje Gospodinovo"},"content":{"rendered":"\n<ul class=\"wp-block-list\"><li><strong>Danas slavimo Kr\u0161tenje Gospodinovo kada zavr\u0161ava bo\u017ei\u0107no vrijeme u liturgijskoj godini, a zapo\u010dinje vrijeme kroz godinu. Redoviti mjese\u010dni susret Mjesnoga bratstva OFS-a je u 16:30 sati.<\/strong><\/li><\/ul>\n\n\n\n<ul class=\"wp-block-list\"><li><strong>Sutra je u Vikarijatu biblijska\ntribina koju vodi prof. dr. Ivica \u010cati\u0107 s po\u010detkom u 19:30 sati.<\/strong><\/li><\/ul>\n\n\n\n<ul class=\"wp-block-list\"><li><strong>U srijedu je nakon ve\u010dernje svete\nmise susret \u010dlanova Vojske Bezgre\u0161ne.<\/strong><\/li><\/ul>\n\n\n\n<ul class=\"wp-block-list\"><li><strong>U \u010detvrtak je nakon ve\u010dernje\nsvete mise klanjanje pred Presvetim. \u010clanovi Udruge sv. Vinko ima svoj susret nakon\nklanjanja.<\/strong><\/li><\/ul>\n\n\n\n<ul class=\"wp-block-list\"><li><strong>Od 18. do 25. sije\u010dnja Molitvena je\nosmina za jedinstvo kr\u0161\u0107ana. <\/strong><\/li><\/ul>\n\n\n\n<ul class=\"wp-block-list\"><li><strong>Sljede\u0107e nedjelje slavimo drugu\nnedjelju kroz godinu. <\/strong><\/li><\/ul>\n\n\n\n<ul class=\"wp-block-list\"><li><strong>Ovih dana zavr\u0161ili smo s\nblagoslovom obitelji u na\u0161oj \u017dupi. Statistika blagoslova je sljede\u0107a: prema\npopisu, za blagoslov imamo 2233 obitelji s 5759 &nbsp;\u010dlanova \u0161to je prosjek 2,58 \u010dlana po\nobitelji. Pro\u0161le je godine bilo 2279 obitelji s 5860 \u010dlanova \u0161to\nje bio prosjek 2,57 \u010dlana po obitelji. Primilo je blagoslov 1965\nobitelji s 5079 \u010dlanova, \u0161to je prosjek 2,58 \u010dlana po obitelji.\nPrema obiteljskim knji\u017eicama imamo 2923 obitelji s 8236 \u010dlanova,\n\u0161to je prosjek 2,81 \u010dlan po obitelji. Zahvaljujemo svima koji ste\nprimili blagoslov te za va\u0161 dar. <\/strong><\/li><\/ul>\n\n\n\n<ul class=\"wp-block-list\"><li><strong>Posljednje subote u sije\u010dnju\nobi\u010dno su frama\u0161i u na\u0161oj \u017eupi slavili svoja obe\u0107anja u Frami. Ove godine ne\u0107e\nbiti takvog slavlja zbog raznih razloga pa \u0107e na\u0161e Mjesno bratstvo Frame biti u\ntzv. obnovi.&nbsp; Pozivamo mlade koji bi\nhtjeli \u017eivjeti svoju mladost na frama\u0161ki na\u010din da do\u0111u na susrete petkom u\n20:00 sati u dvoranu pokraj donje kapele u na\u0161oj crkvi.<\/strong><\/li><\/ul>\n\n\n\n<ul class=\"wp-block-list\"><li><strong>Molimo sve\nvas koji jo\u0161 nemate \u017eupnu obiteljsku knji\u017eicu ili je potrebno upisati promjene\nu postoje\u0107e, da se javite u \u017eupni ured.<\/strong><strong> Kupujte i \u010ditajte katoli\u010dki vjerski tisak.<\/strong><\/li><\/ul>\n","protected":false},"excerpt":{"rendered":"<p>Danas slavimo Kr\u0161tenje Gospodinovo kada zavr\u0161ava bo\u017ei\u0107no vrijeme u liturgijskoj godini, a zapo\u010dinje vrijeme kroz godinu. Redoviti mjese\u010dni susret Mjesnoga bratstva OFS-a je u 16:30 sati. Sutra je u Vikarijatu biblijska tribina koju vodi prof. dr. Ivica \u010cati\u0107 s po\u010detkom u 19:30 sati. U srijedu je nakon ve\u010dernje svete mise susret \u010dlanova Vojske Bezgre\u0161ne. U <a href=\"https:\/\/svetaobitelj.hr\/?p=1219\" class=\"more-link\">[&hellip;]<\/a><\/p>\n","protected":false},"author":2,"featured_media":0,"comment_status":"closed","ping_status":"closed","sticky":false,"template":"","format":"standard","meta":{"footnotes":""},"categories":[3],"tags":[],"class_list":["entry","author-","post-1219","post","type-post","status-publish","format-standard","category-zupa"],"_links":{"self":[{"href":"https:\/\/svetaobitelj.hr\/index.php?rest_route=\/wp\/v2\/posts\/1219","targetHints":{"allow":["GET"]}}],"collection":[{"href":"https:\/\/svetaobitelj.hr\/index.php?rest_route=\/wp\/v2\/posts"}],"about":[{"href":"https:\/\/svetaobitelj.hr\/index.php?rest_route=\/wp\/v2\/types\/post"}],"author":[{"embeddable":true,"href":"https:\/\/svetaobitelj.hr\/index.php?rest_route=\/wp\/v2\/users\/2"}],"replies":[{"embeddable":true,"href":"https:\/\/svetaobitelj.hr\/index.php?rest_route=%2Fwp%2Fv2%2Fcomments&post=1219"}],"version-history":[{"count":1,"href":"https:\/\/svetaobitelj.hr\/index.php?rest_route=\/wp\/v2\/posts\/1219\/revisions"}],"predecessor-version":[{"id":1220,"href":"https:\/\/svetaobitelj.hr\/index.php?rest_route=\/wp\/v2\/posts\/1219\/revisions\/1220"}],"wp:attachment":[{"href":"https:\/\/svetaobitelj.hr\/index.php?rest_route=%2Fwp%2Fv2%2Fmedia&parent=1219"}],"wp:term":[{"taxonomy":"category","embeddable":true,"href":"https:\/\/svetaobitelj.hr\/index.php?rest_route=%2Fwp%2Fv2%2Fcategories&post=1219"},{"taxonomy":"post_tag","embeddable":true,"href":"https:\/\/svetaobitelj.hr\/index.php?rest_route=%2Fwp%2Fv2%2Ftags&post=1219"}],"curies":[{"name":"wp","href":"https:\/\/api.w.org\/{rel}","templated":true}]}}