{"id":1195,"date":"2019-12-31T14:37:44","date_gmt":"2019-12-31T13:37:44","guid":{"rendered":"http:\/\/svetaobitelj.hr\/?p=1195"},"modified":"2020-01-29T21:56:42","modified_gmt":"2020-01-29T20:56:42","slug":"blagdan-svete-obitelji","status":"publish","type":"post","link":"https:\/\/svetaobitelj.hr\/?p=1195","title":{"rendered":"Blagdan Svete Obitelji"},"content":{"rendered":"\n<figure class=\"wp-block-image\"><img loading=\"lazy\" decoding=\"async\" width=\"1024\" height=\"1024\" src=\"http:\/\/svetaobitelj.hr\/wp-content\/uploads\/2019\/12\/slika1-4-1024x1024.jpg\" alt=\"\" class=\"wp-image-1196\" srcset=\"https:\/\/svetaobitelj.hr\/wp-content\/uploads\/2019\/12\/slika1-4-1024x1024.jpg 1024w, https:\/\/svetaobitelj.hr\/wp-content\/uploads\/2019\/12\/slika1-4-150x150.jpg 150w, https:\/\/svetaobitelj.hr\/wp-content\/uploads\/2019\/12\/slika1-4-300x300.jpg 300w, https:\/\/svetaobitelj.hr\/wp-content\/uploads\/2019\/12\/slika1-4-768x768.jpg 768w, https:\/\/svetaobitelj.hr\/wp-content\/uploads\/2019\/12\/slika1-4.jpg 1920w\" sizes=\"auto, (max-width: 1024px) 100vw, 1024px\" \/><\/figure>\n\n\n\n<p>29.12.2019 proslavili smo na\u0161 crkveni god Svete Obitelji. Naime i ovom smo prilikom htjeli pokazati da je bitno Bogu zahvaliti svetom misom za na\u0161u \u017eupu te smo &#8220;ringi\u0161pil&#8221; i ostale popratne sadr\u017eaje zamijenili molitvom i pjesmom. Na\u0161 gvardijan fra Ante Perkovi\u0107 predslavio je misno slavlje u 11 sati pod kojim je i blagoslovio na\u0161e nove \u017eupne zastave. Pjevanjem je animirao fra Miroslav Petrac zajedno s na\u0161im zborom, te je predstavio svoj novi, a tre\u0107i po redu, nosa\u010d zvuka pod nazivom &#8220;Hvala Stvoritelju&#8221;.<\/p>\n\n\n\n<figure class=\"wp-block-image\"><img loading=\"lazy\" decoding=\"async\" width=\"1024\" height=\"1024\" src=\"http:\/\/svetaobitelj.hr\/wp-content\/uploads\/2019\/12\/slika2-4-1024x1024.jpg\" alt=\"\" class=\"wp-image-1197\" srcset=\"https:\/\/svetaobitelj.hr\/wp-content\/uploads\/2019\/12\/slika2-4-1024x1024.jpg 1024w, https:\/\/svetaobitelj.hr\/wp-content\/uploads\/2019\/12\/slika2-4-150x150.jpg 150w, https:\/\/svetaobitelj.hr\/wp-content\/uploads\/2019\/12\/slika2-4-300x300.jpg 300w, https:\/\/svetaobitelj.hr\/wp-content\/uploads\/2019\/12\/slika2-4-768x768.jpg 768w, https:\/\/svetaobitelj.hr\/wp-content\/uploads\/2019\/12\/slika2-4.jpg 1920w\" sizes=\"auto, (max-width: 1024px) 100vw, 1024px\" \/><\/figure>\n\n\n\n<p>Bogu smo zahvalni na na\u0161oj \u017eupnoj zajednici, na\u0161em \u017eupniku i svim obiteljima koje u njoj prebivaju.<\/p>\n\n\n\n<p> Bo\u017ee, od kojega dolazi svako o\u010dinstvo na nebu i na zemlji,<br>O\u010de koji si Ljubav i \u017divot,<br>neka&nbsp;svaka obitelj na zemlji posredstvom Tvoga Sina Isusa Krista,<br>\u201e ro\u0111ena od \u017eene \u201c<br>i posredstvom Duha Svetoga,<br>izvora Bo\u017eje ljubavi postane istinsko sveti\u0161te<br>\u017eivota i ljubavi za nove nara\u0161taje koji se uvijek obnavljaju. Neka Tvoja milost vodi misli i djela supruga prema dobru njihovih obitelji i svih obitelji svijeta.Neka mladi nara\u0161taji na\u0111u u obiteljima oslonac za razvoj svoje osobnosti i rast u ljubavi i istini.<br>Neka se ljubav oja\u010dana milo\u0161\u0107u sakramenta braka poka\u017ee ja\u010dom od svake slabosti i krize kroz<br>koje ponekad prolaze na\u0161e obitelji.<br>Bo\u017ee, molimo Te, po zagovoru Svete Obitelji iz Nazareta,<br>da Crkva u svim narodima na zemlji mo\u017ee<br>plodno vr\u0161iti svoje poslanje u obiteljima i po obiteljima.<br>Ti si \u017divot, Istina i Ljubav u zajedni\u0161tvu sa Sinom i Duhom Svetim. Amen. (Papa Ivan Pavao II) <\/p>\n","protected":false},"excerpt":{"rendered":"<p>29.12.2019 proslavili smo na\u0161 crkveni god Svete Obitelji. Naime i ovom smo prilikom htjeli pokazati da je bitno Bogu zahvaliti svetom misom za na\u0161u \u017eupu te smo &#8220;ringi\u0161pil&#8221; i ostale popratne sadr\u017eaje zamijenili molitvom i pjesmom. Na\u0161 gvardijan fra Ante Perkovi\u0107 predslavio je misno slavlje u 11 sati pod kojim je i blagoslovio na\u0161e nove <a href=\"https:\/\/svetaobitelj.hr\/?p=1195\" class=\"more-link\">[&hellip;]<\/a><\/p>\n","protected":false},"author":2,"featured_media":0,"comment_status":"closed","ping_status":"closed","sticky":false,"template":"","format":"standard","meta":{"footnotes":""},"categories":[3],"tags":[],"class_list":["entry","author-","post-1195","post","type-post","status-publish","format-standard","category-zupa"],"_links":{"self":[{"href":"https:\/\/svetaobitelj.hr\/index.php?rest_route=\/wp\/v2\/posts\/1195","targetHints":{"allow":["GET"]}}],"collection":[{"href":"https:\/\/svetaobitelj.hr\/index.php?rest_route=\/wp\/v2\/posts"}],"about":[{"href":"https:\/\/svetaobitelj.hr\/index.php?rest_route=\/wp\/v2\/types\/post"}],"author":[{"embeddable":true,"href":"https:\/\/svetaobitelj.hr\/index.php?rest_route=\/wp\/v2\/users\/2"}],"replies":[{"embeddable":true,"href":"https:\/\/svetaobitelj.hr\/index.php?rest_route=%2Fwp%2Fv2%2Fcomments&post=1195"}],"version-history":[{"count":2,"href":"https:\/\/svetaobitelj.hr\/index.php?rest_route=\/wp\/v2\/posts\/1195\/revisions"}],"predecessor-version":[{"id":1211,"href":"https:\/\/svetaobitelj.hr\/index.php?rest_route=\/wp\/v2\/posts\/1195\/revisions\/1211"}],"wp:attachment":[{"href":"https:\/\/svetaobitelj.hr\/index.php?rest_route=%2Fwp%2Fv2%2Fmedia&parent=1195"}],"wp:term":[{"taxonomy":"category","embeddable":true,"href":"https:\/\/svetaobitelj.hr\/index.php?rest_route=%2Fwp%2Fv2%2Fcategories&post=1195"},{"taxonomy":"post_tag","embeddable":true,"href":"https:\/\/svetaobitelj.hr\/index.php?rest_route=%2Fwp%2Fv2%2Ftags&post=1195"}],"curies":[{"name":"wp","href":"https:\/\/api.w.org\/{rel}","templated":true}]}}