{"id":1191,"date":"2019-12-28T17:13:54","date_gmt":"2019-12-28T16:13:54","guid":{"rendered":"http:\/\/svetaobitelj.hr\/?p=1191"},"modified":"2020-01-29T21:56:42","modified_gmt":"2020-01-29T20:56:42","slug":"polnocke","status":"publish","type":"post","link":"https:\/\/svetaobitelj.hr\/?p=1191","title":{"rendered":"Polno\u0107ke"},"content":{"rendered":"\n<figure class=\"wp-block-image\"><img loading=\"lazy\" decoding=\"async\" width=\"1024\" height=\"1024\" src=\"http:\/\/svetaobitelj.hr\/wp-content\/uploads\/2019\/12\/slika1-3-1024x1024.jpg\" alt=\"\" class=\"wp-image-1192\" srcset=\"https:\/\/svetaobitelj.hr\/wp-content\/uploads\/2019\/12\/slika1-3-1024x1024.jpg 1024w, https:\/\/svetaobitelj.hr\/wp-content\/uploads\/2019\/12\/slika1-3-150x150.jpg 150w, https:\/\/svetaobitelj.hr\/wp-content\/uploads\/2019\/12\/slika1-3-300x300.jpg 300w, https:\/\/svetaobitelj.hr\/wp-content\/uploads\/2019\/12\/slika1-3-768x768.jpg 768w, https:\/\/svetaobitelj.hr\/wp-content\/uploads\/2019\/12\/slika1-3.jpg 1920w\" sizes=\"auto, (max-width: 1024px) 100vw, 1024px\" \/><\/figure>\n\n\n\n<p> Radost i\u0161\u010dekivanja Bo\u017ei\u0107a zapo\u010deli smo prije tzv. dje\u010dje polno\u0107ke uno\u0161enjem Betlehemskog svjetla, \u0161to su nam ga donijeli izvi\u0111a\u010di, te dje\u010djom priredbom. Fra Josip predvodio je misu u 20:00 sati, pod kojom je une\u0161en i maleni Isus te stavljen u jaslice, a u pola no\u0107i svetu misu predvodio je fra Dragutin.<\/p>\n\n\n\n<p>Uredni\u0161tvo \u017eupne web stranice od srca Vam svima \u017eeli blagoslovljen i sretan Bo\u017ei\u0107 i obilje zdravlja, mira i ljubavi.<\/p>\n\n\n\n<p><\/p>\n\n\n\n<p> \u201eBo\u017ei\u0107 nije nikada samo jedno pro\u0161lo ro\u0111enje, \u2018ro\u0111endan\u2019; on je stalno preporo\u0111enje. Bo\u017ei\u0107 je Bo\u017eji Sin koji postaje \u010dovjek, ali sa svrhom koja Bo\u017ei\u0107 uvijek \u010dini novim i presudnim: postao je \u010dov\u00adjek da bi ljudi postali kao Bog. Bo\u017ei\u0107 nije veli\u010danje \u010dovjeka onakva kakav jest; on mu predla\u017ee nove ciljeve, da poduzme nove zahvate, iznad njegovih sila. No, to jo\u0161 nije najdublji razlog koji \u010dini ovaj blagdan. Na\u0161e pobo\u017eanstvenjenje nije ne\u0161to neo\u010dekivano i ne\u0161to suvi\u0161no. To je ostvarenje nacrta za koji smo stvoreni, odvijanje jednog jedinog plana u koji spada stvaranje i otkupljenje, zemaljski i vje\u010dni \u017eivot, sada\u0161njost i budu\u0107nost. Bo\u017ei\u0107 je slavlje na\u0161eg pravog identiteta. Nije Isus Krist stvoren kao mi, nego mi smo stvoreni kao on. Bo\u017ei\u0107 je blagdan na\u0161eg utjelovljenja u njega.\u201c <\/p>\n\n\n\n<p>mons. \u0110uro Hrani\u0107 \u0110akova\u010dko-osje\u010dki nadbiskup<\/p>\n\n\n\n<figure class=\"wp-block-image\"><img loading=\"lazy\" decoding=\"async\" width=\"1024\" height=\"1024\" src=\"http:\/\/svetaobitelj.hr\/wp-content\/uploads\/2019\/12\/slika2-3-1024x1024.jpg\" alt=\"\" class=\"wp-image-1193\" srcset=\"https:\/\/svetaobitelj.hr\/wp-content\/uploads\/2019\/12\/slika2-3-1024x1024.jpg 1024w, https:\/\/svetaobitelj.hr\/wp-content\/uploads\/2019\/12\/slika2-3-150x150.jpg 150w, https:\/\/svetaobitelj.hr\/wp-content\/uploads\/2019\/12\/slika2-3-300x300.jpg 300w, https:\/\/svetaobitelj.hr\/wp-content\/uploads\/2019\/12\/slika2-3-768x768.jpg 768w, https:\/\/svetaobitelj.hr\/wp-content\/uploads\/2019\/12\/slika2-3.jpg 1920w\" sizes=\"auto, (max-width: 1024px) 100vw, 1024px\" \/><\/figure>\n","protected":false},"excerpt":{"rendered":"<p>Radost i\u0161\u010dekivanja Bo\u017ei\u0107a zapo\u010deli smo prije tzv. dje\u010dje polno\u0107ke uno\u0161enjem Betlehemskog svjetla, \u0161to su nam ga donijeli izvi\u0111a\u010di, te dje\u010djom priredbom. Fra Josip predvodio je misu u 20:00 sati, pod kojom je une\u0161en i maleni Isus te stavljen u jaslice, a u pola no\u0107i svetu misu predvodio je fra Dragutin. Uredni\u0161tvo \u017eupne web stranice od <a href=\"https:\/\/svetaobitelj.hr\/?p=1191\" class=\"more-link\">[&hellip;]<\/a><\/p>\n","protected":false},"author":2,"featured_media":0,"comment_status":"closed","ping_status":"closed","sticky":false,"template":"","format":"standard","meta":{"footnotes":""},"categories":[3],"tags":[],"class_list":["entry","author-","post-1191","post","type-post","status-publish","format-standard","category-zupa"],"_links":{"self":[{"href":"https:\/\/svetaobitelj.hr\/index.php?rest_route=\/wp\/v2\/posts\/1191","targetHints":{"allow":["GET"]}}],"collection":[{"href":"https:\/\/svetaobitelj.hr\/index.php?rest_route=\/wp\/v2\/posts"}],"about":[{"href":"https:\/\/svetaobitelj.hr\/index.php?rest_route=\/wp\/v2\/types\/post"}],"author":[{"embeddable":true,"href":"https:\/\/svetaobitelj.hr\/index.php?rest_route=\/wp\/v2\/users\/2"}],"replies":[{"embeddable":true,"href":"https:\/\/svetaobitelj.hr\/index.php?rest_route=%2Fwp%2Fv2%2Fcomments&post=1191"}],"version-history":[{"count":2,"href":"https:\/\/svetaobitelj.hr\/index.php?rest_route=\/wp\/v2\/posts\/1191\/revisions"}],"predecessor-version":[{"id":1212,"href":"https:\/\/svetaobitelj.hr\/index.php?rest_route=\/wp\/v2\/posts\/1191\/revisions\/1212"}],"wp:attachment":[{"href":"https:\/\/svetaobitelj.hr\/index.php?rest_route=%2Fwp%2Fv2%2Fmedia&parent=1191"}],"wp:term":[{"taxonomy":"category","embeddable":true,"href":"https:\/\/svetaobitelj.hr\/index.php?rest_route=%2Fwp%2Fv2%2Fcategories&post=1191"},{"taxonomy":"post_tag","embeddable":true,"href":"https:\/\/svetaobitelj.hr\/index.php?rest_route=%2Fwp%2Fv2%2Ftags&post=1191"}],"curies":[{"name":"wp","href":"https:\/\/api.w.org\/{rel}","templated":true}]}}