{"id":1189,"date":"2019-12-28T17:02:13","date_gmt":"2019-12-28T16:02:13","guid":{"rendered":"http:\/\/svetaobitelj.hr\/?p=1189"},"modified":"2020-01-29T21:56:42","modified_gmt":"2020-01-29T20:56:42","slug":"zupne-obavijesti-sveta-obitelj-2","status":"publish","type":"post","link":"https:\/\/svetaobitelj.hr\/?p=1189","title":{"rendered":"\u017dupne obavijesti: Sveta Obitelj"},"content":{"rendered":"\n<ul class=\"wp-block-list\"><li><strong>Slavimo Svetu Obitelj. Crkveni je god u na\u0161oj \u017dupi. Svetu misu u 11 sati predvodi na\u0161 gvardijan, fra Ante Perkovi\u0107. Pod tom misom bit \u0107e blagoslovljene na\u0161a nove \u017eupne zastave. Zahvaljujemo svima koji su nam pomogli u ovoj akciji. Drago nam je \u0161to \u0107e fra Miroslav Petrac iz Zagreba predstaviti svoj novi nosa\u010d zvuka kojeg mo\u017eete nabaviti nakon svetih misa. <\/strong><\/li><\/ul>\n\n\n\n<ul class=\"wp-block-list\"><li><strong>U utorak je Stara godina.\nJutarnja sveta misa je u 7:30, a u 17:00 sati je misa zahvalnica za proteklu\ngra\u0111ansku godinu. Ne\u0107e biti svete mise u 18:30 sati. <\/strong><\/li><\/ul>\n\n\n\n<ul class=\"wp-block-list\"><li><strong>U srijedu slavimo svetu Mariju\nBogorodicu i po\u010detak je nove gra\u0111anske godine. Svete mise su po nedjeljnom\nrasporedu.<\/strong><\/li><\/ul>\n\n\n\n<ul class=\"wp-block-list\"><li><strong>Ovaj tjedan su prvi petak i\nsubota u mjesecu. U petak je pobo\u017enost na \u010dast Srcu Isusovom u 18:00 sati, a u\nsubotu molimo za duhovna zvanja te je klanjanje pred Presvetim nakon ve\u010dernje\nsvete mise.<\/strong><\/li><\/ul>\n\n\n\n<ul class=\"wp-block-list\"><li><strong>Sljede\u0107e nedjelje je druga\nnedjelja po Bo\u017ei\u0107u, a ujedno je prva nedjelja u mjesecu kada se svojim\nmolitvama i nov\u010danim prilozima sje\u0107amo na\u0161ih odgojnih ustanova te molimo za\nduhovna zvanja. Pod jutarnjom svetom misom molimo za dobro\u010dinitelje na\u0161e crkve\ni samostana.<\/strong><\/li><\/ul>\n\n\n\n<ul class=\"wp-block-list\"><li><strong>6. sije\u010dnja slavimo\nBogojavljenje. Svetkovina Bogojavljenja posve\u0107ena je Papinskom misijskom Djelu\nsvetog Djetinjstva kojeg slavi cijela Crkva. To Djelo poma\u017ee oko izgradnje\n\u0161kola, siroti\u0161ta i bolnica diljem svijeta, sudjeluje u razli\u010ditim dje\u010djim\nduhovnim projektima po \u017eupama i poma\u017ee dje\u010dje pokrete i udruge u misijskim\nkrajevima. Svoj dar mo\u017eete dati u \u0161krabicu na izlazu iz crkve gdje pi\u0161e za\ndjecu u misijama, a i na Bogojavljenje \u0107emo prikupljati nov\u010dane priloge na tu\nnakanu.<\/strong><\/li><\/ul>\n\n\n\n<ul class=\"wp-block-list\"><li><strong>Molimo\nsve vas koji jo\u0161 nemate \u017eupnu obiteljsku knji\u017eicu ili je potrebno upisati\npromjene u postoje\u0107e, da se javite u \u017eupni ured. <\/strong><strong><\/strong><\/li><\/ul>\n\n\n\n<ul class=\"wp-block-list\"><li><strong>U sakristiji i \u017eupnom uredu\nmo\u017eete kupiti kalendare za sljede\u0107u gra\u0111ansku godinu. Kupujte i \u010ditajte katoli\u010dki\nvjerski tisak. Osobito preporu\u010dujemo novo OKNO.<\/strong><\/li><\/ul>\n","protected":false},"excerpt":{"rendered":"<p>Slavimo Svetu Obitelj. Crkveni je god u na\u0161oj \u017dupi. Svetu misu u 11 sati predvodi na\u0161 gvardijan, fra Ante Perkovi\u0107. Pod tom misom bit \u0107e blagoslovljene na\u0161a nove \u017eupne zastave. Zahvaljujemo svima koji su nam pomogli u ovoj akciji. Drago nam je \u0161to \u0107e fra Miroslav Petrac iz Zagreba predstaviti svoj novi nosa\u010d zvuka kojeg <a href=\"https:\/\/svetaobitelj.hr\/?p=1189\" class=\"more-link\">[&hellip;]<\/a><\/p>\n","protected":false},"author":2,"featured_media":0,"comment_status":"closed","ping_status":"closed","sticky":false,"template":"","format":"standard","meta":{"footnotes":""},"categories":[3],"tags":[],"class_list":["entry","author-","post-1189","post","type-post","status-publish","format-standard","category-zupa"],"_links":{"self":[{"href":"https:\/\/svetaobitelj.hr\/index.php?rest_route=\/wp\/v2\/posts\/1189","targetHints":{"allow":["GET"]}}],"collection":[{"href":"https:\/\/svetaobitelj.hr\/index.php?rest_route=\/wp\/v2\/posts"}],"about":[{"href":"https:\/\/svetaobitelj.hr\/index.php?rest_route=\/wp\/v2\/types\/post"}],"author":[{"embeddable":true,"href":"https:\/\/svetaobitelj.hr\/index.php?rest_route=\/wp\/v2\/users\/2"}],"replies":[{"embeddable":true,"href":"https:\/\/svetaobitelj.hr\/index.php?rest_route=%2Fwp%2Fv2%2Fcomments&post=1189"}],"version-history":[{"count":1,"href":"https:\/\/svetaobitelj.hr\/index.php?rest_route=\/wp\/v2\/posts\/1189\/revisions"}],"predecessor-version":[{"id":1190,"href":"https:\/\/svetaobitelj.hr\/index.php?rest_route=\/wp\/v2\/posts\/1189\/revisions\/1190"}],"wp:attachment":[{"href":"https:\/\/svetaobitelj.hr\/index.php?rest_route=%2Fwp%2Fv2%2Fmedia&parent=1189"}],"wp:term":[{"taxonomy":"category","embeddable":true,"href":"https:\/\/svetaobitelj.hr\/index.php?rest_route=%2Fwp%2Fv2%2Fcategories&post=1189"},{"taxonomy":"post_tag","embeddable":true,"href":"https:\/\/svetaobitelj.hr\/index.php?rest_route=%2Fwp%2Fv2%2Ftags&post=1189"}],"curies":[{"name":"wp","href":"https:\/\/api.w.org\/{rel}","templated":true}]}}