{"id":1179,"date":"2019-12-21T14:38:43","date_gmt":"2019-12-21T13:38:43","guid":{"rendered":"http:\/\/svetaobitelj.hr\/?p=1179"},"modified":"2020-01-29T21:56:42","modified_gmt":"2020-01-29T20:56:42","slug":"zupne-obavijesti-4-nedjelja-dosasca-2","status":"publish","type":"post","link":"https:\/\/svetaobitelj.hr\/?p=1179","title":{"rendered":"\u017dupne obavijesti: 4. nedjelja do\u0161a\u0161\u0107a"},"content":{"rendered":"\n<ul class=\"wp-block-list\"><li><strong>Danas slavimo 4. nedjelju do\u0161a\u0161\u0107a. U na\u0161oj su Domovini predsjedni\u010dki izbori. Volonteri na\u0161ega \u017eupnog Caritasa prikupljaju kola\u010de za Pu\u010dku kuhinju. Zahvaljujemo svima vama koji ste sudjelovali u pomo\u0107i potrebitima u na\u0161oj \u017dupi kao i u akcijama Caritasa. Podsje\u0107amo one koji su kumovi djece u Beninu da uplate svoj dar.<\/strong><\/li><\/ul>\n\n\n\n<ul class=\"wp-block-list\"><li><strong>U\nutorak je Badnjak. Misa zornica je u 6 sati. Ne\u0107e biti svete mise u 18:30 sati.\n\u017dupni ured \u0107e biti otvoren prema uredovnom vremenu. Izvi\u0111a\u010di \u0107e nave\u010der\ndonijeti Betlehemsko svjetlo. Ve\u010dernja sveta misa u 20:00 sati je tzv. dje\u010dja\npolno\u0107ka. Pola sata prije djeca \u0107e imati kratku bo\u017ei\u0107nu predstavu. Redovita\npolno\u0107ka je u 24:00 sata.&nbsp; <\/strong><strong><\/strong><\/li><\/ul>\n\n\n\n<ul class=\"wp-block-list\"><li><strong>U srijedu je Bo\u017ei\u0107 kada slavimo\nro\u0111enje na\u0161ega Spasitelja, Isusa Krista. Svete mise su u 7:00, 9:00, 11:00 i 18:30\nsati.<\/strong><\/li><\/ul>\n\n\n\n<ul class=\"wp-block-list\"><li><strong>U \u010detvrtak slavimo sv. Stjepana\nPrvomu\u010denika. Svete mise su po nedjeljnom rasporedu, a u 14:00 sati zapo\u010dinjemo\ns blagoslovom obitelji. Na oglasnoj plo\u010di imate raspored blagoslova. U vrijeme\nblagoslova obitelji \u017eupni ured je otvoren od 16:00 do 18:00 sati.<\/strong><\/li><\/ul>\n\n\n\n<ul class=\"wp-block-list\"><li><strong>Sljede\u0107e nedjelje slavimo Svetu\nObitelj. Crkveni je god u na\u0161oj \u017dupi. Svetu misu u 11 sati predvodit \u0107e na\u0161\ngvardijan, fra Ante Perkovi\u0107. Pod tom misom bit \u0107e blagoslovljene na\u0161a nove\n\u017eupne zastave. <\/strong><\/li><\/ul>\n\n\n\n<ul class=\"wp-block-list\"><li><strong>6. sije\u010dnja slavimo\nBogojavljenje. Svetkovina Bogojavljenja posve\u0107ena je Papinskom misijskom Djelu\nsvetog Djetinjstva kojeg slavi cijela Crkva. To Djelo poma\u017ee oko izgradnje\n\u0161kola, siroti\u0161ta i bolnica diljem svijeta, sudjeluje u razli\u010ditim dje\u010djim duhovnim\nprojektima po \u017eupama i poma\u017ee dje\u010dje pokrete i udruge u misijskim krajevima.\nSvoj dar mo\u017eete dati u \u0161krabicu na izlazu iz crkve gdje pi\u0161e za djecu u\nmisijama, a i na Bogojavljenje \u0107emo prikupljati nov\u010dane priloge na tu nakanu.<\/strong><\/li><\/ul>\n\n\n\n<ul class=\"wp-block-list\"><li><strong>Molimo\nsve vas koji ste doselili u na\u0161u \u017eupu, koji ste promijenili adresu stanovanja,\nkao i sve vas koji do sada niste primali blagoslov obitelji, a \u017eelite ga\nprimiti, da se javite u \u017eupni ured. Tako\u0111er molimo i sve vas koji jo\u0161 nemate\n\u017eupnu obiteljsku knji\u017eicu ili je potrebno upisati promjene u postoje\u0107e, da se\njavite u \u017eupni ured. <\/strong><strong><\/strong><\/li><\/ul>\n\n\n\n<ul class=\"wp-block-list\"><li><strong>U sakristiji i \u017eupnom uredu\nmo\u017eete kupiti kalendare za sljede\u0107u gra\u0111ansku godinu. Kupujte i \u010ditajte katoli\u010dki\nvjerski tisak. Osobito preporu\u010dujemo novo OKNO.<\/strong><\/li><\/ul>\n","protected":false},"excerpt":{"rendered":"<p>Danas slavimo 4. nedjelju do\u0161a\u0161\u0107a. U na\u0161oj su Domovini predsjedni\u010dki izbori. Volonteri na\u0161ega \u017eupnog Caritasa prikupljaju kola\u010de za Pu\u010dku kuhinju. Zahvaljujemo svima vama koji ste sudjelovali u pomo\u0107i potrebitima u na\u0161oj \u017dupi kao i u akcijama Caritasa. Podsje\u0107amo one koji su kumovi djece u Beninu da uplate svoj dar. U utorak je Badnjak. Misa zornica <a href=\"https:\/\/svetaobitelj.hr\/?p=1179\" class=\"more-link\">[&hellip;]<\/a><\/p>\n","protected":false},"author":2,"featured_media":0,"comment_status":"closed","ping_status":"closed","sticky":false,"template":"","format":"standard","meta":{"footnotes":""},"categories":[3],"tags":[],"class_list":["entry","author-","post-1179","post","type-post","status-publish","format-standard","category-zupa"],"_links":{"self":[{"href":"https:\/\/svetaobitelj.hr\/index.php?rest_route=\/wp\/v2\/posts\/1179","targetHints":{"allow":["GET"]}}],"collection":[{"href":"https:\/\/svetaobitelj.hr\/index.php?rest_route=\/wp\/v2\/posts"}],"about":[{"href":"https:\/\/svetaobitelj.hr\/index.php?rest_route=\/wp\/v2\/types\/post"}],"author":[{"embeddable":true,"href":"https:\/\/svetaobitelj.hr\/index.php?rest_route=\/wp\/v2\/users\/2"}],"replies":[{"embeddable":true,"href":"https:\/\/svetaobitelj.hr\/index.php?rest_route=%2Fwp%2Fv2%2Fcomments&post=1179"}],"version-history":[{"count":1,"href":"https:\/\/svetaobitelj.hr\/index.php?rest_route=\/wp\/v2\/posts\/1179\/revisions"}],"predecessor-version":[{"id":1180,"href":"https:\/\/svetaobitelj.hr\/index.php?rest_route=\/wp\/v2\/posts\/1179\/revisions\/1180"}],"wp:attachment":[{"href":"https:\/\/svetaobitelj.hr\/index.php?rest_route=%2Fwp%2Fv2%2Fmedia&parent=1179"}],"wp:term":[{"taxonomy":"category","embeddable":true,"href":"https:\/\/svetaobitelj.hr\/index.php?rest_route=%2Fwp%2Fv2%2Fcategories&post=1179"},{"taxonomy":"post_tag","embeddable":true,"href":"https:\/\/svetaobitelj.hr\/index.php?rest_route=%2Fwp%2Fv2%2Ftags&post=1179"}],"curies":[{"name":"wp","href":"https:\/\/api.w.org\/{rel}","templated":true}]}}