{"id":1171,"date":"2019-12-14T14:46:06","date_gmt":"2019-12-14T13:46:06","guid":{"rendered":"http:\/\/svetaobitelj.hr\/?p=1171"},"modified":"2020-01-29T21:56:42","modified_gmt":"2020-01-29T20:56:42","slug":"blagoslov-obitelji-bozic-2019","status":"publish","type":"post","link":"https:\/\/svetaobitelj.hr\/?p=1171","title":{"rendered":"Blagoslov obitelji- Bo\u017ei\u0107 2019"},"content":{"rendered":"\n<p><strong>RASPORED\nBLAGOSLOVA \u2013 BO\u017dI\u0106 2019.<\/strong><\/p>\n\n\n\n<p><strong>26. prosinca (\u010detvrtak od 14:00): <\/strong><\/p>\n\n\n\n<p>Biogradska,\nTrogirska, Bapska, Ba\u0161\u010danska, Makarska, Crikveni\u010dka, \u0160ibenska, Senjska,\nPlitvi\u010dka, Velebitska<\/p>\n\n\n\n<p><strong>27. prosinca (petak od 9:00): <\/strong><\/p>\n\n\n\n<p>Medulinska, Uma\u0161ka,\nKa\u0161telanska, Stonska<\/p>\n\n\n\n<p><strong>28. prosinca (subota od 9:00):<\/strong><\/p>\n\n\n\n<p>Lo\u0161injska,\nLokrumska, Rapska, Pa\u0161ka, Mljetska, Hvarska, Vi\u0161ka, Creska, Lastovska,\nKornatska, Bokokotorska, Kvarnerska, Dugooto\u010dka, Ugljanska, Pelje\u0161ka, Pa\u0161manska<\/p>\n\n\n\n<p><strong>29. prosinca (nedjelja od 14:00): <\/strong><\/p>\n\n\n\n<p>Bra\u010dka<\/p>\n\n\n\n<p><strong>30. prosinca (ponedjeljak od 9:00): <\/strong><\/p>\n\n\n\n<p>Divaltova,\nLopudska, Kr\u010dka, Brijunska, Kor\u010dulanska, Zlarinska, Bi\u0161evska, Bakarska, J.\nKihra, Murterska<\/p>\n\n\n\n<p><strong>31. prosinca (utorak od 9:00):<\/strong><\/p>\n\n\n\n<p>Srijemska,\nOrebi\u0107ka, Grada\u010dka, Zaostro\u0161ka, Starigradska, Trpanjska, Velalu\u0161ka, Pore\u010dka,\nPulska<\/p>\n\n\n\n<p><strong>2. sije\u010dnja (\u010detvrtak od 9:00): <\/strong><\/p>\n\n\n\n<p>Opatijska,\nMotovunska, Lovranska, Buzetska, Piranska, Rovinjska, Tovarni\u010dka, Humska,\nLabinska, J. Predgra\u0111e<\/p>\n","protected":false},"excerpt":{"rendered":"<p>RASPORED BLAGOSLOVA \u2013 BO\u017dI\u0106 2019. 26. prosinca (\u010detvrtak od 14:00): Biogradska, Trogirska, Bapska, Ba\u0161\u010danska, Makarska, Crikveni\u010dka, \u0160ibenska, Senjska, Plitvi\u010dka, Velebitska 27. prosinca (petak od 9:00): Medulinska, Uma\u0161ka, Ka\u0161telanska, Stonska 28. prosinca (subota od 9:00): Lo\u0161injska, Lokrumska, Rapska, Pa\u0161ka, Mljetska, Hvarska, Vi\u0161ka, Creska, Lastovska, Kornatska, Bokokotorska, Kvarnerska, Dugooto\u010dka, Ugljanska, Pelje\u0161ka, Pa\u0161manska 29. prosinca (nedjelja od 14:00): <a href=\"https:\/\/svetaobitelj.hr\/?p=1171\" class=\"more-link\">[&hellip;]<\/a><\/p>\n","protected":false},"author":2,"featured_media":0,"comment_status":"closed","ping_status":"closed","sticky":false,"template":"","format":"standard","meta":{"footnotes":""},"categories":[3],"tags":[],"class_list":["entry","author-","post-1171","post","type-post","status-publish","format-standard","category-zupa"],"_links":{"self":[{"href":"https:\/\/svetaobitelj.hr\/index.php?rest_route=\/wp\/v2\/posts\/1171","targetHints":{"allow":["GET"]}}],"collection":[{"href":"https:\/\/svetaobitelj.hr\/index.php?rest_route=\/wp\/v2\/posts"}],"about":[{"href":"https:\/\/svetaobitelj.hr\/index.php?rest_route=\/wp\/v2\/types\/post"}],"author":[{"embeddable":true,"href":"https:\/\/svetaobitelj.hr\/index.php?rest_route=\/wp\/v2\/users\/2"}],"replies":[{"embeddable":true,"href":"https:\/\/svetaobitelj.hr\/index.php?rest_route=%2Fwp%2Fv2%2Fcomments&post=1171"}],"version-history":[{"count":1,"href":"https:\/\/svetaobitelj.hr\/index.php?rest_route=\/wp\/v2\/posts\/1171\/revisions"}],"predecessor-version":[{"id":1172,"href":"https:\/\/svetaobitelj.hr\/index.php?rest_route=\/wp\/v2\/posts\/1171\/revisions\/1172"}],"wp:attachment":[{"href":"https:\/\/svetaobitelj.hr\/index.php?rest_route=%2Fwp%2Fv2%2Fmedia&parent=1171"}],"wp:term":[{"taxonomy":"category","embeddable":true,"href":"https:\/\/svetaobitelj.hr\/index.php?rest_route=%2Fwp%2Fv2%2Fcategories&post=1171"},{"taxonomy":"post_tag","embeddable":true,"href":"https:\/\/svetaobitelj.hr\/index.php?rest_route=%2Fwp%2Fv2%2Ftags&post=1171"}],"curies":[{"name":"wp","href":"https:\/\/api.w.org\/{rel}","templated":true}]}}