{"id":1169,"date":"2019-12-14T14:44:40","date_gmt":"2019-12-14T13:44:40","guid":{"rendered":"http:\/\/svetaobitelj.hr\/?p=1169"},"modified":"2020-01-29T21:56:42","modified_gmt":"2020-01-29T20:56:42","slug":"zupne-obavijesti-3-nedjelja-dosasca-2","status":"publish","type":"post","link":"https:\/\/svetaobitelj.hr\/?p=1169","title":{"rendered":"\u017dupne obavijesti: 3. nedjelja do\u0161a\u0161\u0107a"},"content":{"rendered":"\n<ul class=\"wp-block-list\"><li><strong>Danas slavimo 3. nedjelju do\u0161a\u0161\u0107a. Ujedno je Nedjelja Caritasa kada skupljamo nov\u010dana sredstva za potrebe Nacionalnog, Nadbiskupijskog i \u017dupnog Caritasa. Podsje\u0107amo one koji su kumovi djece u Beninu da uplate svoj dar.<\/strong><\/li><\/ul>\n\n\n\n<ul class=\"wp-block-list\"><li><strong>U utorak je ispovijed mladih u Konkatedrali. Po\u010detak pokorni\u010dkog bogoslu\u017eja je u 19:30 sati. <\/strong><\/li><\/ul>\n\n\n\n<ul class=\"wp-block-list\"><li><strong>U subotu je nakon ve\u010dernje svete\nmise paljenje \u010detvrte adventske svije\u0107e ispred na\u0161e crkve.<\/strong><\/li><\/ul>\n\n\n\n<ul class=\"wp-block-list\"><li><strong>Sljede\u0107e nedjelje slavimo 4.\nnedjelju do\u0161a\u0161\u0107a. U na\u0161oj su Domovini predsjedni\u010dki izbori. <\/strong><\/li><\/ul>\n\n\n\n<ul class=\"wp-block-list\"><li><strong>Kroz vrijeme do\u0161a\u0161\u0107a pozvani smo\nna djelotvornu ljubav prema potrebitima u na\u0161oj \u017eupi kao i potrebe Pu\u010dke\nkuhinje, Centra za besku\u0107nike i Centra za majku i dijete u Osijeku. Pomo\u0107i\nmo\u017eemo prikupljanjem \u017eive\u017enih namirnica, higijenskih potrep\u0161tina i nov\u010danim\nprilozima. Svoje darove mo\u017eete donijeti u \u017eupni ured do petka.<\/strong><\/li><\/ul>\n\n\n\n<ul class=\"wp-block-list\"><li><strong>Molimo\nsve one koji su se doselili u na\u0161u \u017eupu, promijenili adresu stanovanja, kao i\nsve one koji do sada nisu primali blagoslov obitelji, a \u017eele ga primiti, neka\nse jave u \u017eupni ured. Tako\u0111er molimo i sve vas koji jo\u0161 nemate \u017eupnu knji\u017eicu\nili je potrebno upisati promjene u postoje\u0107e, da se javite u \u017eupni ured. <\/strong><strong>&nbsp;<\/strong><\/li><\/ul>\n\n\n\n<ul class=\"wp-block-list\"><li><strong>Volonteri na\u0161ega \u017eupnog Caritasa\npozivaju vas da sljede\u0107e nedjelje donesete kola\u010de za potrebe Pu\u010dke kuhinje. Tko\n\u017eeli na taj na\u010din pomo\u0107i neka danas uzme plasti\u010dnu kutiju za kola\u010de koje \u0107e vam\ndati volonteri ispred crkve.<\/strong><\/li><\/ul>\n\n\n\n<ul class=\"wp-block-list\"><li><strong>U sakristiji i \u017eupnom uredu\nmo\u017eete kupiti kalendare za sljede\u0107u gra\u0111ansku godinu. Kupujte i \u010ditajte katoli\u010dki\nvjerski tisak. Na oglasnoj plo\u010di imate raspored blagoslova obitelji.<\/strong><\/li><\/ul>\n","protected":false},"excerpt":{"rendered":"<p>Danas slavimo 3. nedjelju do\u0161a\u0161\u0107a. Ujedno je Nedjelja Caritasa kada skupljamo nov\u010dana sredstva za potrebe Nacionalnog, Nadbiskupijskog i \u017dupnog Caritasa. Podsje\u0107amo one koji su kumovi djece u Beninu da uplate svoj dar. U utorak je ispovijed mladih u Konkatedrali. Po\u010detak pokorni\u010dkog bogoslu\u017eja je u 19:30 sati. U subotu je nakon ve\u010dernje svete mise paljenje \u010detvrte <a href=\"https:\/\/svetaobitelj.hr\/?p=1169\" class=\"more-link\">[&hellip;]<\/a><\/p>\n","protected":false},"author":2,"featured_media":0,"comment_status":"closed","ping_status":"closed","sticky":false,"template":"","format":"standard","meta":{"footnotes":""},"categories":[3],"tags":[],"class_list":["entry","author-","post-1169","post","type-post","status-publish","format-standard","category-zupa"],"_links":{"self":[{"href":"https:\/\/svetaobitelj.hr\/index.php?rest_route=\/wp\/v2\/posts\/1169","targetHints":{"allow":["GET"]}}],"collection":[{"href":"https:\/\/svetaobitelj.hr\/index.php?rest_route=\/wp\/v2\/posts"}],"about":[{"href":"https:\/\/svetaobitelj.hr\/index.php?rest_route=\/wp\/v2\/types\/post"}],"author":[{"embeddable":true,"href":"https:\/\/svetaobitelj.hr\/index.php?rest_route=\/wp\/v2\/users\/2"}],"replies":[{"embeddable":true,"href":"https:\/\/svetaobitelj.hr\/index.php?rest_route=%2Fwp%2Fv2%2Fcomments&post=1169"}],"version-history":[{"count":2,"href":"https:\/\/svetaobitelj.hr\/index.php?rest_route=\/wp\/v2\/posts\/1169\/revisions"}],"predecessor-version":[{"id":1174,"href":"https:\/\/svetaobitelj.hr\/index.php?rest_route=\/wp\/v2\/posts\/1169\/revisions\/1174"}],"wp:attachment":[{"href":"https:\/\/svetaobitelj.hr\/index.php?rest_route=%2Fwp%2Fv2%2Fmedia&parent=1169"}],"wp:term":[{"taxonomy":"category","embeddable":true,"href":"https:\/\/svetaobitelj.hr\/index.php?rest_route=%2Fwp%2Fv2%2Fcategories&post=1169"},{"taxonomy":"post_tag","embeddable":true,"href":"https:\/\/svetaobitelj.hr\/index.php?rest_route=%2Fwp%2Fv2%2Ftags&post=1169"}],"curies":[{"name":"wp","href":"https:\/\/api.w.org\/{rel}","templated":true}]}}