{"id":3107,"date":"2024-01-12T12:18:31","date_gmt":"2024-01-12T11:18:31","guid":{"rendered":"https:\/\/svetaobitelj.hr\/?p=3107"},"modified":"2024-01-12T12:18:31","modified_gmt":"2024-01-12T11:18:31","slug":"zupne-obavijesti-2-nedjelja-kroz-godinu-6","status":"publish","type":"post","link":"http:\/\/svetaobitelj.hr\/?p=3107","title":{"rendered":"\u017dupne obavijesti: 2. nedjelja kroz godinu"},"content":{"rendered":"\n<p>Slavimo drugu nedjelju kroz godinu.<\/p>\n\n\n\n<p>U srijedu je u Vikarijatu, s po\u010detkom u 19:30 sati, Okrugli stol o smislu Biblije, u susret Nedjelji Bo\u017eje rije\u010di. Ulaz je besplatan, a moderator susreta je Davor Vukovi\u0107 s KBF-a iz \u0110akova. Vi\u0161e o susretu imate na oglasnoj plo\u010di.<\/p>\n\n\n\n<p>Od 18. do 25. sije\u010dnja odr\u017eat \u0107e se Svjetska ekumenska molitvena osmina za jedinstvo kr\u0161\u0107ana koja se tradicionalno, u organizaciji Ekumenske koordinacije osje\u010dke regije, obilje\u017eava u kr\u0161\u0107anskim crkvama i zajednicama grada Osijeka. Ovogodi\u0161nja molitvena osmina kao svoje polazi\u0161te ima biblijski tekst iz evan\u0111elja po Luki (Lk 10, 25-37). Na temelju tog biblijskog teksta uzeto je i geslo pod kojim se slavi: <em>Ljubi Gospodina Boga svojega i svoga bli\u017enjega kao sebe samoga (Lk 10, 27). <\/em><\/p>\n\n\n\n<p><em><strong>Raspored ekumenskih slavlja u Osijeku<\/strong>: u \u010detvrtak, 18. sije\u010dnja u 18:00 sati \u2013 Reformirana crkva, Petefijeva 76; u petak, 19. sije\u010dnja u 17:00 sati \u2013 Evangeli\u010dka crkva, J\u00e4gerova 7; u nedjelju, 21. sije\u010dnja u 17:00 sati \u2013 sredi\u0161nje ekumensko molitveno slavlje u kapucinskoj crkvi sv. Jakova, Kapucinska 41; u ponedjeljak, 22. sije\u010dnja u 19:00 sati \u2013 Katoli\u010dka lai\u010dka zajednica Molitva i Rije\u010d, Vodeni\u010dka 23; u utorak, 23. sije\u010dnja u 18:00 sati \u2013 Srpska pravoslavna crkva, Zmajeva 25; u \u010detvrtak, 25. sije\u010dnja u 19:00 sati \u2013 \u017dupna crkva Sv. \u0106irila i Metoda, Divaltova 71.<\/em><\/p>\n\n\n\n<p>U na\u0161oj \u0107emo \u017eupnoj crkvi u sklopu ove osmine prigodno moliti za jedinstvo kr\u0161\u0107ana pod ve\u010dernjim svetim misama.<\/p>\n\n\n\n<p>U \u010detvrtak i petak \u017eupni ured je otvoren samo poslije podne od 17:00 do 18:00 sati.<\/p>\n\n\n\n<p>Sljede\u0107e nedjelje slavimo tre\u0107u nedjelju kroz godinu, koja je ujedno i Nedjelja Bo\u017eje rije\u010di.<\/p>\n\n\n\n<p>\u017dupnih kateheza nema do velja\u010de.<\/p>\n\n\n\n<p>Zahvalni za va\u0161u pomo\u0107 kojom poma\u017eete obnovu na\u0161ih crkava i samostana nastradalih u potresima, preporu\u010damo se i nadalje va\u0161oj dobroti. Svoj nov\u010dani prilog mo\u017eete dati u posebno ozna\u010denu \u0161krabicu pri izlazu iz crkve ili u \u017eupni ured ili direktno uplatiti na ra\u010dun koji se nalazi na plakatu ili letku.<\/p>\n\n\n\n<p>Molimo sve vas koji jo\u0161 nemate \u017eupnu obiteljsku knji\u017eicu ili je potrebno upisati promjene u postoje\u0107e, da se javite u \u017eupni ured u uredovno vrijeme.<\/p>\n\n\n\n<p>Poti\u010demo zainteresirane za pjevanje i sviranje u na\u0161im crkvenim zborovima (dje\u010dji, ve\u010dernji ili mje\u0161oviti) da se priklju\u010de te da svojim pjevanjem i sviranjem oboga\u0107uju liturgijska slavlja u na\u0161oj \u017eupi.<\/p>\n\n\n\n<p>Kupujte i \u010ditajte katoli\u010dki vjerski tisak.<\/p>\n","protected":false},"excerpt":{"rendered":"<p>Slavimo drugu nedjelju kroz godinu. U srijedu je u Vikarijatu, s po\u010detkom u 19:30 sati, Okrugli stol o smislu Biblije, u susret Nedjelji Bo\u017eje rije\u010di. Ulaz je besplatan, a moderator susreta je Davor Vukovi\u0107 s KBF-a iz \u0110akova. Vi\u0161e o susretu imate na oglasnoj plo\u010di. Od 18. do 25. sije\u010dnja odr\u017eat \u0107e se Svjetska ekumenska <a href=\"http:\/\/svetaobitelj.hr\/?p=3107\" class=\"more-link\">[&hellip;]<\/a><\/p>\n","protected":false},"author":2,"featured_media":0,"comment_status":"closed","ping_status":"open","sticky":false,"template":"","format":"standard","meta":{"footnotes":""},"categories":[3],"tags":[],"class_list":["entry","author-","post-3107","post","type-post","status-publish","format-standard","category-zupa"],"_links":{"self":[{"href":"http:\/\/svetaobitelj.hr\/index.php?rest_route=\/wp\/v2\/posts\/3107","targetHints":{"allow":["GET"]}}],"collection":[{"href":"http:\/\/svetaobitelj.hr\/index.php?rest_route=\/wp\/v2\/posts"}],"about":[{"href":"http:\/\/svetaobitelj.hr\/index.php?rest_route=\/wp\/v2\/types\/post"}],"author":[{"embeddable":true,"href":"http:\/\/svetaobitelj.hr\/index.php?rest_route=\/wp\/v2\/users\/2"}],"replies":[{"embeddable":true,"href":"http:\/\/svetaobitelj.hr\/index.php?rest_route=%2Fwp%2Fv2%2Fcomments&post=3107"}],"version-history":[{"count":2,"href":"http:\/\/svetaobitelj.hr\/index.php?rest_route=\/wp\/v2\/posts\/3107\/revisions"}],"predecessor-version":[{"id":3109,"href":"http:\/\/svetaobitelj.hr\/index.php?rest_route=\/wp\/v2\/posts\/3107\/revisions\/3109"}],"wp:attachment":[{"href":"http:\/\/svetaobitelj.hr\/index.php?rest_route=%2Fwp%2Fv2%2Fmedia&parent=3107"}],"wp:term":[{"taxonomy":"category","embeddable":true,"href":"http:\/\/svetaobitelj.hr\/index.php?rest_route=%2Fwp%2Fv2%2Fcategories&post=3107"},{"taxonomy":"post_tag","embeddable":true,"href":"http:\/\/svetaobitelj.hr\/index.php?rest_route=%2Fwp%2Fv2%2Ftags&post=3107"}],"curies":[{"name":"wp","href":"https:\/\/api.w.org\/{rel}","templated":true}]}}