{"id":3091,"date":"2024-01-03T11:19:24","date_gmt":"2024-01-03T10:19:24","guid":{"rendered":"https:\/\/svetaobitelj.hr\/?p=3091"},"modified":"2024-01-04T08:08:12","modified_gmt":"2024-01-04T07:08:12","slug":"sveta-obitelj-2","status":"publish","type":"post","link":"http:\/\/svetaobitelj.hr\/?p=3091","title":{"rendered":"Sveta Obitelj"},"content":{"rendered":"\n<div class=\"wp-block-image\"><figure class=\"aligncenter size-large\"><img loading=\"lazy\" decoding=\"async\" width=\"1024\" height=\"1024\" src=\"https:\/\/svetaobitelj.hr\/wp-content\/uploads\/2024\/01\/20240103_110734-1024x1024.jpg\" alt=\"\" class=\"wp-image-3092\" srcset=\"http:\/\/svetaobitelj.hr\/wp-content\/uploads\/2024\/01\/20240103_110734-1024x1024.jpg 1024w, http:\/\/svetaobitelj.hr\/wp-content\/uploads\/2024\/01\/20240103_110734-300x300.jpg 300w, http:\/\/svetaobitelj.hr\/wp-content\/uploads\/2024\/01\/20240103_110734-150x150.jpg 150w, http:\/\/svetaobitelj.hr\/wp-content\/uploads\/2024\/01\/20240103_110734-768x768.jpg 768w, http:\/\/svetaobitelj.hr\/wp-content\/uploads\/2024\/01\/20240103_110734-1536x1536.jpg 1536w, http:\/\/svetaobitelj.hr\/wp-content\/uploads\/2024\/01\/20240103_110734.jpg 1600w\" sizes=\"auto, (max-width: 1024px) 100vw, 1024px\" \/><\/figure><\/div>\n\n\n\n<p>Na svetoj misi u 11,00 sati sve\u010danije smo proslavili na\u0161 crkveni god &#8211; blagdan Svete Obitelji. Euharistijsko slavlje predslavio je gvardijan osje\u010dkoga bratstva iz Tvr\u0111e fra Venancije Mihaljevi\u0107.<\/p>\n\n\n\n<figure class=\"wp-block-image size-large\"><img loading=\"lazy\" decoding=\"async\" width=\"1024\" height=\"1024\" src=\"https:\/\/svetaobitelj.hr\/wp-content\/uploads\/2024\/01\/20240103_110756-1024x1024.jpg\" alt=\"\" class=\"wp-image-3093\" srcset=\"http:\/\/svetaobitelj.hr\/wp-content\/uploads\/2024\/01\/20240103_110756-1024x1024.jpg 1024w, http:\/\/svetaobitelj.hr\/wp-content\/uploads\/2024\/01\/20240103_110756-300x300.jpg 300w, http:\/\/svetaobitelj.hr\/wp-content\/uploads\/2024\/01\/20240103_110756-150x150.jpg 150w, http:\/\/svetaobitelj.hr\/wp-content\/uploads\/2024\/01\/20240103_110756-768x768.jpg 768w, http:\/\/svetaobitelj.hr\/wp-content\/uploads\/2024\/01\/20240103_110756-1536x1536.jpg 1536w, http:\/\/svetaobitelj.hr\/wp-content\/uploads\/2024\/01\/20240103_110756.jpg 1600w\" sizes=\"auto, (max-width: 1024px) 100vw, 1024px\" \/><\/figure>\n\n\n\n<p>Na protekloj gra\u0111anskoj godini zahvalili smo ve\u010dernjom svetom misom, a na istoj misi je pro\u010ditana i statistika \u017eupe za proteklu godinu, te smo svi pozvani da aktivnim sudjelovanjem doprinosimo razvoju i ja\u010danju na\u0161e \u017eupne zajednice.<\/p>\n\n\n\n<div class=\"wp-block-image\"><figure class=\"aligncenter size-large\"><img loading=\"lazy\" decoding=\"async\" width=\"1024\" height=\"1024\" src=\"https:\/\/svetaobitelj.hr\/wp-content\/uploads\/2024\/01\/20240103_110813-1024x1024.jpg\" alt=\"\" class=\"wp-image-3094\" srcset=\"http:\/\/svetaobitelj.hr\/wp-content\/uploads\/2024\/01\/20240103_110813-1024x1024.jpg 1024w, http:\/\/svetaobitelj.hr\/wp-content\/uploads\/2024\/01\/20240103_110813-300x300.jpg 300w, http:\/\/svetaobitelj.hr\/wp-content\/uploads\/2024\/01\/20240103_110813-150x150.jpg 150w, http:\/\/svetaobitelj.hr\/wp-content\/uploads\/2024\/01\/20240103_110813-768x768.jpg 768w, http:\/\/svetaobitelj.hr\/wp-content\/uploads\/2024\/01\/20240103_110813-1536x1536.jpg 1536w, http:\/\/svetaobitelj.hr\/wp-content\/uploads\/2024\/01\/20240103_110813.jpg 1600w\" sizes=\"auto, (max-width: 1024px) 100vw, 1024px\" \/><\/figure><\/div>\n\n\n\n<p>Milosrdni O\u010de, daj nam da uvijek slijedimo primjer Svete Obitelji, da bismo poslije ku\u0161nje ovoga \u017eivota mogli sudjelovati u nebeskoj slavi.<\/p>\n","protected":false},"excerpt":{"rendered":"<p>Na svetoj misi u 11,00 sati sve\u010danije smo proslavili na\u0161 crkveni god &#8211; blagdan Svete Obitelji. Euharistijsko slavlje predslavio je gvardijan osje\u010dkoga bratstva iz Tvr\u0111e fra Venancije Mihaljevi\u0107. Na protekloj gra\u0111anskoj godini zahvalili smo ve\u010dernjom svetom misom, a na istoj misi je pro\u010ditana i statistika \u017eupe za proteklu godinu, te smo svi pozvani da aktivnim <a href=\"http:\/\/svetaobitelj.hr\/?p=3091\" class=\"more-link\">[&hellip;]<\/a><\/p>\n","protected":false},"author":2,"featured_media":0,"comment_status":"closed","ping_status":"open","sticky":false,"template":"","format":"standard","meta":{"footnotes":""},"categories":[3],"tags":[],"class_list":["entry","author-","post-3091","post","type-post","status-publish","format-standard","category-zupa"],"_links":{"self":[{"href":"http:\/\/svetaobitelj.hr\/index.php?rest_route=\/wp\/v2\/posts\/3091","targetHints":{"allow":["GET"]}}],"collection":[{"href":"http:\/\/svetaobitelj.hr\/index.php?rest_route=\/wp\/v2\/posts"}],"about":[{"href":"http:\/\/svetaobitelj.hr\/index.php?rest_route=\/wp\/v2\/types\/post"}],"author":[{"embeddable":true,"href":"http:\/\/svetaobitelj.hr\/index.php?rest_route=\/wp\/v2\/users\/2"}],"replies":[{"embeddable":true,"href":"http:\/\/svetaobitelj.hr\/index.php?rest_route=%2Fwp%2Fv2%2Fcomments&post=3091"}],"version-history":[{"count":2,"href":"http:\/\/svetaobitelj.hr\/index.php?rest_route=\/wp\/v2\/posts\/3091\/revisions"}],"predecessor-version":[{"id":3096,"href":"http:\/\/svetaobitelj.hr\/index.php?rest_route=\/wp\/v2\/posts\/3091\/revisions\/3096"}],"wp:attachment":[{"href":"http:\/\/svetaobitelj.hr\/index.php?rest_route=%2Fwp%2Fv2%2Fmedia&parent=3091"}],"wp:term":[{"taxonomy":"category","embeddable":true,"href":"http:\/\/svetaobitelj.hr\/index.php?rest_route=%2Fwp%2Fv2%2Fcategories&post=3091"},{"taxonomy":"post_tag","embeddable":true,"href":"http:\/\/svetaobitelj.hr\/index.php?rest_route=%2Fwp%2Fv2%2Ftags&post=3091"}],"curies":[{"name":"wp","href":"https:\/\/api.w.org\/{rel}","templated":true}]}}