{"id":3064,"date":"2023-12-22T23:31:14","date_gmt":"2023-12-22T22:31:14","guid":{"rendered":"https:\/\/svetaobitelj.hr\/?p=3064"},"modified":"2023-12-22T23:31:15","modified_gmt":"2023-12-22T22:31:15","slug":"zupni-caritas-u-akciji","status":"publish","type":"post","link":"http:\/\/svetaobitelj.hr\/?p=3064","title":{"rendered":"\u017dupni Caritas u akciji"},"content":{"rendered":"\n<figure class=\"wp-block-gallery columns-1 is-cropped wp-block-gallery-1 is-layout-flex wp-block-gallery-is-layout-flex\"><ul class=\"blocks-gallery-grid\"><li class=\"blocks-gallery-item\"><figure><img loading=\"lazy\" decoding=\"async\" width=\"478\" height=\"1024\" src=\"https:\/\/svetaobitelj.hr\/wp-content\/uploads\/2023\/12\/1000026322-478x1024.jpg\" alt=\"\" data-id=\"3065\" data-full-url=\"https:\/\/svetaobitelj.hr\/wp-content\/uploads\/2023\/12\/1000026322.jpg\" data-link=\"https:\/\/svetaobitelj.hr\/?attachment_id=3065\" class=\"wp-image-3065\" srcset=\"http:\/\/svetaobitelj.hr\/wp-content\/uploads\/2023\/12\/1000026322-478x1024.jpg 478w, http:\/\/svetaobitelj.hr\/wp-content\/uploads\/2023\/12\/1000026322-140x300.jpg 140w, http:\/\/svetaobitelj.hr\/wp-content\/uploads\/2023\/12\/1000026322-768x1647.jpg 768w, http:\/\/svetaobitelj.hr\/wp-content\/uploads\/2023\/12\/1000026322-716x1536.jpg 716w, http:\/\/svetaobitelj.hr\/wp-content\/uploads\/2023\/12\/1000026322-955x2048.jpg 955w, http:\/\/svetaobitelj.hr\/wp-content\/uploads\/2023\/12\/1000026322.jpg 1080w\" sizes=\"auto, (max-width: 478px) 100vw, 478px\" \/><\/figure><\/li><\/ul><\/figure>\n\n\n\n<p>Caritas na\u0161e \u017dupe i ovog adventa bio je vrlo aktivan. Prikupljali smo hranu i higijenske potrep\u0161tine, nov\u010dane priloge za: potrebite obitelji na\u0161e \u017eupe, Nadbiskupijski Caritas, Centar za majku i dijete i Pu\u010dku kuhinju. Ve\u0107 tradicionalno, prikupili smo kola\u010de za Pu\u010dku kuhinju. Bogu smo zahvalni \u0161to na\u0161i \u017eupljani i dalje na veliko peku kola\u010de i isto tako velikim srcem daruju ih ljudima u potrebi. Ponosni smo na veliki odaziv i spremnost \u017eupljana da ovom malom gestom razvesele korisnike Pu\u010dke kuhinje. Drago nam je \u0161to je na\u0161 \u017dupni Caritas prepoznat kao jedan od najaktivnijih u osje\u010dkim dekanatima. Bog ljubi vesele darivatelje. Mir i dobro!<\/p>\n","protected":false},"excerpt":{"rendered":"<p>Caritas na\u0161e \u017dupe i ovog adventa bio je vrlo aktivan. Prikupljali smo hranu i higijenske potrep\u0161tine, nov\u010dane priloge za: potrebite obitelji na\u0161e \u017eupe, Nadbiskupijski Caritas, Centar za majku i dijete i Pu\u010dku kuhinju. Ve\u0107 tradicionalno, prikupili smo kola\u010de za Pu\u010dku kuhinju. Bogu smo zahvalni \u0161to na\u0161i \u017eupljani i dalje na veliko peku kola\u010de i isto <a href=\"http:\/\/svetaobitelj.hr\/?p=3064\" class=\"more-link\">[&hellip;]<\/a><\/p>\n","protected":false},"author":2,"featured_media":0,"comment_status":"closed","ping_status":"open","sticky":false,"template":"","format":"standard","meta":{"footnotes":""},"categories":[3],"tags":[],"class_list":["entry","author-","post-3064","post","type-post","status-publish","format-standard","category-zupa"],"_links":{"self":[{"href":"http:\/\/svetaobitelj.hr\/index.php?rest_route=\/wp\/v2\/posts\/3064","targetHints":{"allow":["GET"]}}],"collection":[{"href":"http:\/\/svetaobitelj.hr\/index.php?rest_route=\/wp\/v2\/posts"}],"about":[{"href":"http:\/\/svetaobitelj.hr\/index.php?rest_route=\/wp\/v2\/types\/post"}],"author":[{"embeddable":true,"href":"http:\/\/svetaobitelj.hr\/index.php?rest_route=\/wp\/v2\/users\/2"}],"replies":[{"embeddable":true,"href":"http:\/\/svetaobitelj.hr\/index.php?rest_route=%2Fwp%2Fv2%2Fcomments&post=3064"}],"version-history":[{"count":1,"href":"http:\/\/svetaobitelj.hr\/index.php?rest_route=\/wp\/v2\/posts\/3064\/revisions"}],"predecessor-version":[{"id":3066,"href":"http:\/\/svetaobitelj.hr\/index.php?rest_route=\/wp\/v2\/posts\/3064\/revisions\/3066"}],"wp:attachment":[{"href":"http:\/\/svetaobitelj.hr\/index.php?rest_route=%2Fwp%2Fv2%2Fmedia&parent=3064"}],"wp:term":[{"taxonomy":"category","embeddable":true,"href":"http:\/\/svetaobitelj.hr\/index.php?rest_route=%2Fwp%2Fv2%2Fcategories&post=3064"},{"taxonomy":"post_tag","embeddable":true,"href":"http:\/\/svetaobitelj.hr\/index.php?rest_route=%2Fwp%2Fv2%2Ftags&post=3064"}],"curies":[{"name":"wp","href":"https:\/\/api.w.org\/{rel}","templated":true}]}}