{"id":3054,"date":"2023-12-14T08:32:03","date_gmt":"2023-12-14T07:32:03","guid":{"rendered":"https:\/\/svetaobitelj.hr\/?p=3054"},"modified":"2023-12-22T19:17:08","modified_gmt":"2023-12-22T18:17:08","slug":"zupne-obavijesti-3-nedjelja-dosasca-6","status":"publish","type":"post","link":"http:\/\/svetaobitelj.hr\/?p=3054","title":{"rendered":"\u017dupne obavijesti: 3. nedjelja do\u0161a\u0161\u0107a"},"content":{"rendered":"\n<p>Slavimo tre\u0107u nedjelju do\u0161a\u0161\u0107a koja je ujedno i Nedjelja Caritasa kada svojim molitvama i nov\u010danim prilozima poma\u017eemo njegovo djelovanje. Svoj nov\u010dani prilog za Caritas mo\u017eete dati na izlazu iz crkve, a caritasove kutijice koje ste uzeli na po\u010detku do\u0161a\u0161\u0107a i u njih stavljali svoje nov\u010dane priloge mo\u017eete ostaviti u ko\u0161ari ispred oltara. Na izlazu iz crkve volonteri na\u0161ega \u017eupnog Caritasa ponudit \u0107e vam prazne plasti\u010dne kutijice za kola\u010de. \u017delja nam je da i ovoga Bo\u017ei\u0107a darujemo kola\u010dima korisnike Pu\u010dke kuhinje u Osijeku. Kola\u010de donesite do \u010detvrtka. Zahvaljujemo svima koji ste darovali za potrebe Caritasa. Podsje\u0107amo one koji su kumovi djeci u Beninu da uplate svoj dar.<\/p>\n\n\n\n<p>Mise zornice su svakoga radnog dana u 6 sati.<\/p>\n\n\n\n<p>Starije i bolesne koje ste prijavili ispovijedat \u0107u sutra prije podne. <\/p>\n\n\n\n<p>Ispovijed studenata i mladih bit \u0107e u utorak u Konkatedrali s po\u010detkom u 19:30 sati.<\/p>\n\n\n\n<p>Zajedni\u010dka, tzv. velika ispovijed, bit \u0107e u na\u0161oj \u017eupnoj crkvi u srijedu u 10:00 i u 15:00 sati kada \u0107e biti vi\u0161e sve\u0107enika na raspolaganju.<\/p>\n\n\n\n<p>Sljede\u0107e nedjelje slavimo \u010detvrtu nedjelju do\u0161a\u0161\u0107a. Budu\u0107i da je u nedjelju 24. prosinca, ve\u010dernja sveta misa bit \u0107e polno\u0107ka za djecu. Na po\u010detku te svete mise u 18:30 sati o\u010dekujemo dolazak \u201eBetlehemskog svjetla\u201c kojeg \u0107e donijeti skauti. Glavna polno\u0107ka bit \u0107e u 24:00 sata. <\/p>\n\n\n\n<p>Na oglasnoj plo\u010di kao i na\u0161oj \u017eupnoj web stranici imate plan rasporeda blagoslova obitelji u na\u0161oj \u017eupi. Ako niste u to vrijeme doma, molimo vas da se javite u \u017eupni ured. Isto tako, ako do sada niste primali blagoslov, a \u017eelite ga primiti, molimo vas da se javite u \u017eupni ured. U vrijeme blagoslova obitelji bit \u0107e izvanredno uredovno vrijeme \u017eupnog ureda.<\/p>\n\n\n\n<p>Od Nove godine redoviti raspored svetih misa nedjeljom i blagdanima u na\u0161oj \u017dupi bit \u0107e u 7:00, 10:00 i 18:30 sati, tako da ne\u0107e biti svetih misa u 9:00 i u 11:00 sati.<\/p>\n\n\n\n<p>Zahvalni za va\u0161u pomo\u0107 kojom poma\u017eete obnovu na\u0161ih crkava i samostana nastradalih u potresima, preporu\u010damo se i nadalje va\u0161oj dobroti.<\/p>\n\n\n\n<p>Molimo sve vas koji jo\u0161 nemate \u017eupnu obiteljsku knji\u017eicu ili je potrebno upisati promjene u postoje\u0107e, da se javite u \u017eupni ured.<\/p>\n\n\n\n<p>Kupujte i \u010ditajte katoli\u010dki vjerski tisak. U \u017eupnom uredu i gornjoj sakristiji mo\u017eete kupiti kalendare za sljede\u0107u godinu.<\/p>\n\n\n\n<p><strong>BLAGOSLOV OBITELJI \u2013 BO\u017dI\u0106 2023.<\/strong><\/p>\n\n\n\n<p><strong>UTORAK, 26. prosinca od 14:00 sati:<\/strong><br>Senjska, Trogirska, Bapska, Ba\u0161\u010danska, Makarska, Crikveni\u010dka, Biogradska, \u0160ibenska, Plitvi\u010dka, Velebitska, Ju\u017eno predgra\u0111e, Mljetska<\/p>\n\n\n\n<p><strong>SRIJEDA, 27. prosinca od 9:00 sati:<\/strong><br>Uma\u0161ka, Stonska, Medulinska, Lo\u0161injska<\/p>\n\n\n\n<p><strong>\u010cETVRTAK, 28. prosinca od 9:00 sati:<\/strong><br>Rapska, Lokrumska, Pa\u0161ka, Hvarska, Murterska, Labinska, Velalu\u0161ka, Ka\u0161telanska<\/p>\n\n\n\n<p><strong>PETAK, 29. prosinca od 9:00 sati:<\/strong><br>Srijemska, Trpanjska, Bra\u010dka<\/p>\n\n\n\n<p><strong>SUBOTA, 30. prosinca od 9:00 sati:<\/strong><br>Divaltova, Bi\u0161evska, J. R. Kira, Vi\u0161ka, Creska, Lastovska, Kornatska, Pa\u0161manska, Pelje\u0161ka, Ugljanska, Dugooto\u010dka, Kvarnerska, Bokokotorska, Lopudska, Kr\u010dka, Brijunska<\/p>\n\n\n\n<p><strong>UTORAK, 2. sije\u010dnja od 9:00 sati:<\/strong><br>Opatijska, Pulska, Humska, Rovinjska, Piranska, Buzetska, Lovranska, Motovunska, Pore\u010dka, Tovarni\u010dka, Zaostro\u0161ka, Grada\u010dka, Starigradska, Orebi\u0107ka, Bakarska, Zlarinska, Kor\u010dulanska<\/p>\n","protected":false},"excerpt":{"rendered":"<p>Slavimo tre\u0107u nedjelju do\u0161a\u0161\u0107a koja je ujedno i Nedjelja Caritasa kada svojim molitvama i nov\u010danim prilozima poma\u017eemo njegovo djelovanje. Svoj nov\u010dani prilog za Caritas mo\u017eete dati na izlazu iz crkve, a caritasove kutijice koje ste uzeli na po\u010detku do\u0161a\u0161\u0107a i u njih stavljali svoje nov\u010dane priloge mo\u017eete ostaviti u ko\u0161ari ispred oltara. Na izlazu iz <a href=\"http:\/\/svetaobitelj.hr\/?p=3054\" class=\"more-link\">[&hellip;]<\/a><\/p>\n","protected":false},"author":2,"featured_media":0,"comment_status":"closed","ping_status":"open","sticky":false,"template":"","format":"standard","meta":{"footnotes":""},"categories":[3],"tags":[],"class_list":["entry","author-","post-3054","post","type-post","status-publish","format-standard","category-zupa"],"_links":{"self":[{"href":"http:\/\/svetaobitelj.hr\/index.php?rest_route=\/wp\/v2\/posts\/3054","targetHints":{"allow":["GET"]}}],"collection":[{"href":"http:\/\/svetaobitelj.hr\/index.php?rest_route=\/wp\/v2\/posts"}],"about":[{"href":"http:\/\/svetaobitelj.hr\/index.php?rest_route=\/wp\/v2\/types\/post"}],"author":[{"embeddable":true,"href":"http:\/\/svetaobitelj.hr\/index.php?rest_route=\/wp\/v2\/users\/2"}],"replies":[{"embeddable":true,"href":"http:\/\/svetaobitelj.hr\/index.php?rest_route=%2Fwp%2Fv2%2Fcomments&post=3054"}],"version-history":[{"count":3,"href":"http:\/\/svetaobitelj.hr\/index.php?rest_route=\/wp\/v2\/posts\/3054\/revisions"}],"predecessor-version":[{"id":3063,"href":"http:\/\/svetaobitelj.hr\/index.php?rest_route=\/wp\/v2\/posts\/3054\/revisions\/3063"}],"wp:attachment":[{"href":"http:\/\/svetaobitelj.hr\/index.php?rest_route=%2Fwp%2Fv2%2Fmedia&parent=3054"}],"wp:term":[{"taxonomy":"category","embeddable":true,"href":"http:\/\/svetaobitelj.hr\/index.php?rest_route=%2Fwp%2Fv2%2Fcategories&post=3054"},{"taxonomy":"post_tag","embeddable":true,"href":"http:\/\/svetaobitelj.hr\/index.php?rest_route=%2Fwp%2Fv2%2Ftags&post=3054"}],"curies":[{"name":"wp","href":"https:\/\/api.w.org\/{rel}","templated":true}]}}