{"id":3047,"date":"2023-12-08T09:34:33","date_gmt":"2023-12-08T08:34:33","guid":{"rendered":"https:\/\/svetaobitelj.hr\/?p=3047"},"modified":"2023-12-08T09:34:33","modified_gmt":"2023-12-08T08:34:33","slug":"zupne-obavijesti-2-nedjelja-dosasca-4","status":"publish","type":"post","link":"http:\/\/svetaobitelj.hr\/?p=3047","title":{"rendered":"\u017dupne obavijesti: 2. nedjelja do\u0161a\u0161\u0107a"},"content":{"rendered":"\n<p>Slavimo drugu nedjelju do\u0161a\u0161\u0107a. \u010clanovi OFS-a imaju prigodnu prodaju kuglica-magneta povodom 800.-te obljetnice prvih jaslica u Grecciu, a sav prihod ide za potrebe Caritasa.<\/p>\n\n\n\n<p>Mise zornice su svakoga radnog dana u 6 sati.<\/p>\n\n\n\n<p>Sutra je biblijski sat nakon ve\u010dernje svete mise. U utorak je sastanak \u017eupnih vije\u0107a u 19:30 sati. U srijedu je nakon ve\u010dernje svete mise susret \u010dita\u010da u vjeronau\u010dnoj dvorani.<\/p>\n\n\n\n<p>Sljede\u0107e nedjelje slavimo tre\u0107u nedjelju do\u0161a\u0161\u0107a koja je i Nedjelja Caritasa kada svojim molitvama i nov\u010danim prilozima poma\u017eemo njegovo djelovanje. Mo\u017eete donijeti caritasove kutijice koje ste uzeli na po\u010detku do\u0161a\u0161\u0107a i u njih stavljali svoje nov\u010dane priloge. <\/p>\n\n\n\n<p>Vrijeme do\u0161a\u0161\u0107a je i vrijeme kada kao vjernici poma\u017eemo bra\u0107i i sestrama u potrebi. Prikupljanje prehrambenih proizvoda i higijenskih potrep\u0161tina za potrebite na\u0161e \u017dupe bit \u0107e jo\u0161 ovaj tjedan. Caritas na\u0161e Nadbiskupije nastavlja s projektom \u201eDje\u010dja ko\u0161arica\u201c kao i projektom \u201eBla\u017eenije je davati nego primati\u201c \u010dime svojim nov\u010danim prilozima te hranom, higijenskim i dje\u010djim potrep\u0161tinama poma\u017eemo Caritasov Centar za majku i dijete, Pu\u010dku kuhinju i Centar za besku\u0107nike u Osijeku. Svoje darove mo\u017eete donijeti u \u017eupni ured. Podsje\u0107amo one koji su kumovi djeci u Beninu da uplate svoj dar.<\/p>\n\n\n\n<p>Ispovijed studenata i mladih bit \u0107e u utorak, 19. prosinca ove godine, u Konkatedrali s po\u010detkom u 19:30 sati.<\/p>\n\n\n\n<p>Zajedni\u010dka, tzv. velika ispovijed, bit \u0107e u na\u0161oj \u017eupnoj crkvi u srijedu, 20. prosinca u 10:00 i u 15:00 sati kada \u0107e biti vi\u0161e sve\u0107enika na raspolaganju. Budu\u0107i da vi\u0161e nemamo \u017eupnog vikara u \u017eupi, molim vas da do\u0111ete u to vrijeme jer ne\u0107u mo\u0107i biti na raspolaganju nedjeljom za ispovijed radi svetih misa, a osobito nemojte \u010dekati zadnje trenutke.<\/p>\n\n\n\n<p>Starije i bolesne koji ne mogu do\u0107i u crkvu ispovijedat \u0107u prema dogovoru pa je potrebno prijaviti ih u \u017eupnom uredu.<\/p>\n\n\n\n<p>Od Nove godine redoviti raspored svetih misa nedjeljom i blagdanima u na\u0161oj \u017dupi bit \u0107e u 7:00, 10:00 i 18:30 sati, tako da ne\u0107e biti svetih misa u 9:00 i u 11:00 sati.<\/p>\n\n\n\n<p>Zahvalni za va\u0161u pomo\u0107 kojom poma\u017eete obnovu na\u0161ih crkava i samostana nastradalih u potresima, preporu\u010damo se i nadalje va\u0161oj dobroti.<\/p>\n\n\n\n<p>Molimo sve vas koji jo\u0161 nemate \u017eupnu obiteljsku knji\u017eicu ili je potrebno upisati promjene u postoje\u0107e, da se javite u \u017eupni ured.<\/p>\n\n\n\n<p>Kupujte i \u010ditajte katoli\u010dki vjerski tisak. U \u017eupnom uredu i gornjoj sakristiji mo\u017eete kupiti kalendare za sljede\u0107u godinu.<\/p>\n","protected":false},"excerpt":{"rendered":"<p>Slavimo drugu nedjelju do\u0161a\u0161\u0107a. \u010clanovi OFS-a imaju prigodnu prodaju kuglica-magneta povodom 800.-te obljetnice prvih jaslica u Grecciu, a sav prihod ide za potrebe Caritasa. Mise zornice su svakoga radnog dana u 6 sati. Sutra je biblijski sat nakon ve\u010dernje svete mise. U utorak je sastanak \u017eupnih vije\u0107a u 19:30 sati. U srijedu je nakon ve\u010dernje <a href=\"http:\/\/svetaobitelj.hr\/?p=3047\" class=\"more-link\">[&hellip;]<\/a><\/p>\n","protected":false},"author":2,"featured_media":0,"comment_status":"closed","ping_status":"open","sticky":false,"template":"","format":"standard","meta":{"footnotes":""},"categories":[3],"tags":[],"class_list":["entry","author-","post-3047","post","type-post","status-publish","format-standard","category-zupa"],"_links":{"self":[{"href":"http:\/\/svetaobitelj.hr\/index.php?rest_route=\/wp\/v2\/posts\/3047","targetHints":{"allow":["GET"]}}],"collection":[{"href":"http:\/\/svetaobitelj.hr\/index.php?rest_route=\/wp\/v2\/posts"}],"about":[{"href":"http:\/\/svetaobitelj.hr\/index.php?rest_route=\/wp\/v2\/types\/post"}],"author":[{"embeddable":true,"href":"http:\/\/svetaobitelj.hr\/index.php?rest_route=\/wp\/v2\/users\/2"}],"replies":[{"embeddable":true,"href":"http:\/\/svetaobitelj.hr\/index.php?rest_route=%2Fwp%2Fv2%2Fcomments&post=3047"}],"version-history":[{"count":1,"href":"http:\/\/svetaobitelj.hr\/index.php?rest_route=\/wp\/v2\/posts\/3047\/revisions"}],"predecessor-version":[{"id":3048,"href":"http:\/\/svetaobitelj.hr\/index.php?rest_route=\/wp\/v2\/posts\/3047\/revisions\/3048"}],"wp:attachment":[{"href":"http:\/\/svetaobitelj.hr\/index.php?rest_route=%2Fwp%2Fv2%2Fmedia&parent=3047"}],"wp:term":[{"taxonomy":"category","embeddable":true,"href":"http:\/\/svetaobitelj.hr\/index.php?rest_route=%2Fwp%2Fv2%2Fcategories&post=3047"},{"taxonomy":"post_tag","embeddable":true,"href":"http:\/\/svetaobitelj.hr\/index.php?rest_route=%2Fwp%2Fv2%2Ftags&post=3047"}],"curies":[{"name":"wp","href":"https:\/\/api.w.org\/{rel}","templated":true}]}}