{"id":3044,"date":"2023-12-08T09:32:10","date_gmt":"2023-12-08T08:32:10","guid":{"rendered":"https:\/\/svetaobitelj.hr\/?p=3044"},"modified":"2023-12-08T09:32:10","modified_gmt":"2023-12-08T08:32:10","slug":"predstavljanje-prvopricesnika-i-krizmanika","status":"publish","type":"post","link":"http:\/\/svetaobitelj.hr\/?p=3044","title":{"rendered":"Predstavljanje prvopri\u010desnika i krizmanika"},"content":{"rendered":"\n<div class=\"wp-block-image\"><figure class=\"aligncenter size-large\"><img loading=\"lazy\" decoding=\"async\" width=\"1024\" height=\"1024\" src=\"https:\/\/svetaobitelj.hr\/wp-content\/uploads\/2023\/12\/20231208_093652-1024x1024.jpg\" alt=\"\" class=\"wp-image-3045\" srcset=\"http:\/\/svetaobitelj.hr\/wp-content\/uploads\/2023\/12\/20231208_093652-1024x1024.jpg 1024w, http:\/\/svetaobitelj.hr\/wp-content\/uploads\/2023\/12\/20231208_093652-300x300.jpg 300w, http:\/\/svetaobitelj.hr\/wp-content\/uploads\/2023\/12\/20231208_093652-150x150.jpg 150w, http:\/\/svetaobitelj.hr\/wp-content\/uploads\/2023\/12\/20231208_093652-768x768.jpg 768w, http:\/\/svetaobitelj.hr\/wp-content\/uploads\/2023\/12\/20231208_093652-1536x1536.jpg 1536w, http:\/\/svetaobitelj.hr\/wp-content\/uploads\/2023\/12\/20231208_093652-2048x2048.jpg 2048w\" sizes=\"auto, (max-width: 1024px) 100vw, 1024px\" \/><\/figure><\/div>\n\n\n\n<p>Ve\u0107 tradicionalno, na prvu nedjelju do\u0161a\u0161\u0107a, pod svetom misom u 11,00 sati, na\u0161oj \u017eupnoj zajednici predstavljeni su prvopri\u010desnici i krizmanici koji bi trebali idu\u0107e godine pristupiti sakramentu Prve pri\u010desti i Svete potvrde. Tom prigodom prvopri\u010desnici su primili svoj prvi molitvenik. <\/p>\n","protected":false},"excerpt":{"rendered":"<p>Ve\u0107 tradicionalno, na prvu nedjelju do\u0161a\u0161\u0107a, pod svetom misom u 11,00 sati, na\u0161oj \u017eupnoj zajednici predstavljeni su prvopri\u010desnici i krizmanici koji bi trebali idu\u0107e godine pristupiti sakramentu Prve pri\u010desti i Svete potvrde. Tom prigodom prvopri\u010desnici su primili svoj prvi molitvenik.<\/p>\n","protected":false},"author":2,"featured_media":0,"comment_status":"closed","ping_status":"open","sticky":false,"template":"","format":"standard","meta":{"footnotes":""},"categories":[3],"tags":[],"class_list":["entry","author-","post-3044","post","type-post","status-publish","format-standard","category-zupa"],"_links":{"self":[{"href":"http:\/\/svetaobitelj.hr\/index.php?rest_route=\/wp\/v2\/posts\/3044","targetHints":{"allow":["GET"]}}],"collection":[{"href":"http:\/\/svetaobitelj.hr\/index.php?rest_route=\/wp\/v2\/posts"}],"about":[{"href":"http:\/\/svetaobitelj.hr\/index.php?rest_route=\/wp\/v2\/types\/post"}],"author":[{"embeddable":true,"href":"http:\/\/svetaobitelj.hr\/index.php?rest_route=\/wp\/v2\/users\/2"}],"replies":[{"embeddable":true,"href":"http:\/\/svetaobitelj.hr\/index.php?rest_route=%2Fwp%2Fv2%2Fcomments&post=3044"}],"version-history":[{"count":1,"href":"http:\/\/svetaobitelj.hr\/index.php?rest_route=\/wp\/v2\/posts\/3044\/revisions"}],"predecessor-version":[{"id":3046,"href":"http:\/\/svetaobitelj.hr\/index.php?rest_route=\/wp\/v2\/posts\/3044\/revisions\/3046"}],"wp:attachment":[{"href":"http:\/\/svetaobitelj.hr\/index.php?rest_route=%2Fwp%2Fv2%2Fmedia&parent=3044"}],"wp:term":[{"taxonomy":"category","embeddable":true,"href":"http:\/\/svetaobitelj.hr\/index.php?rest_route=%2Fwp%2Fv2%2Fcategories&post=3044"},{"taxonomy":"post_tag","embeddable":true,"href":"http:\/\/svetaobitelj.hr\/index.php?rest_route=%2Fwp%2Fv2%2Ftags&post=3044"}],"curies":[{"name":"wp","href":"https:\/\/api.w.org\/{rel}","templated":true}]}}