{"id":3035,"date":"2023-12-04T09:55:21","date_gmt":"2023-12-04T08:55:21","guid":{"rendered":"https:\/\/svetaobitelj.hr\/?p=3035"},"modified":"2023-12-04T09:55:50","modified_gmt":"2023-12-04T08:55:50","slug":"hodocastili-smo-gospi-osjeckoj","status":"publish","type":"post","link":"http:\/\/svetaobitelj.hr\/?p=3035","title":{"rendered":"Hodo\u010dastili smo Gospi Osje\u010dkoj"},"content":{"rendered":"\n<p>U nedjelju, 3. prosinca hodo\u010dastili smo u samostansku crkvu u Tvr\u0111i \u010cuvarici i Za\u0161titnici na\u0161ega grada Osijeka. <\/p>\n\n\n\n<figure class=\"wp-block-image size-large\"><img loading=\"lazy\" decoding=\"async\" width=\"1024\" height=\"897\" src=\"https:\/\/svetaobitelj.hr\/wp-content\/uploads\/2023\/12\/20231204_100343-1024x897.png\" alt=\"\" class=\"wp-image-3036\" srcset=\"http:\/\/svetaobitelj.hr\/wp-content\/uploads\/2023\/12\/20231204_100343-1024x897.png 1024w, http:\/\/svetaobitelj.hr\/wp-content\/uploads\/2023\/12\/20231204_100343-300x263.png 300w, http:\/\/svetaobitelj.hr\/wp-content\/uploads\/2023\/12\/20231204_100343-768x673.png 768w, http:\/\/svetaobitelj.hr\/wp-content\/uploads\/2023\/12\/20231204_100343.png 1049w\" sizes=\"auto, (max-width: 1024px) 100vw, 1024px\" \/><\/figure>\n\n\n\n<p>Euharistijsko slavlje u 18,00 sati predvodio je na\u0161 \u017eupnik fra Dragutin, a zbor na\u0161e \u017eupe uveli\u010dao je slavlje svojim pjevanjem.<\/p>\n\n\n\n<div class=\"wp-block-image\"><figure class=\"aligncenter size-large\"><img loading=\"lazy\" decoding=\"async\" width=\"1024\" height=\"679\" src=\"https:\/\/svetaobitelj.hr\/wp-content\/uploads\/2023\/12\/20231204_094818-1024x679.png\" alt=\"\" class=\"wp-image-3037\" srcset=\"http:\/\/svetaobitelj.hr\/wp-content\/uploads\/2023\/12\/20231204_094818-1024x679.png 1024w, http:\/\/svetaobitelj.hr\/wp-content\/uploads\/2023\/12\/20231204_094818-300x199.png 300w, http:\/\/svetaobitelj.hr\/wp-content\/uploads\/2023\/12\/20231204_094818-768x509.png 768w, http:\/\/svetaobitelj.hr\/wp-content\/uploads\/2023\/12\/20231204_094818.png 1080w\" sizes=\"auto, (max-width: 1024px) 100vw, 1024px\" \/><\/figure><\/div>\n\n\n\n<p><\/p>\n","protected":false},"excerpt":{"rendered":"<p>U nedjelju, 3. prosinca hodo\u010dastili smo u samostansku crkvu u Tvr\u0111i \u010cuvarici i Za\u0161titnici na\u0161ega grada Osijeka. Euharistijsko slavlje u 18,00 sati predvodio je na\u0161 \u017eupnik fra Dragutin, a zbor na\u0161e \u017eupe uveli\u010dao je slavlje svojim pjevanjem.<\/p>\n","protected":false},"author":2,"featured_media":0,"comment_status":"closed","ping_status":"open","sticky":false,"template":"","format":"standard","meta":{"footnotes":""},"categories":[3],"tags":[],"class_list":["entry","author-","post-3035","post","type-post","status-publish","format-standard","category-zupa"],"_links":{"self":[{"href":"http:\/\/svetaobitelj.hr\/index.php?rest_route=\/wp\/v2\/posts\/3035","targetHints":{"allow":["GET"]}}],"collection":[{"href":"http:\/\/svetaobitelj.hr\/index.php?rest_route=\/wp\/v2\/posts"}],"about":[{"href":"http:\/\/svetaobitelj.hr\/index.php?rest_route=\/wp\/v2\/types\/post"}],"author":[{"embeddable":true,"href":"http:\/\/svetaobitelj.hr\/index.php?rest_route=\/wp\/v2\/users\/2"}],"replies":[{"embeddable":true,"href":"http:\/\/svetaobitelj.hr\/index.php?rest_route=%2Fwp%2Fv2%2Fcomments&post=3035"}],"version-history":[{"count":2,"href":"http:\/\/svetaobitelj.hr\/index.php?rest_route=\/wp\/v2\/posts\/3035\/revisions"}],"predecessor-version":[{"id":3039,"href":"http:\/\/svetaobitelj.hr\/index.php?rest_route=\/wp\/v2\/posts\/3035\/revisions\/3039"}],"wp:attachment":[{"href":"http:\/\/svetaobitelj.hr\/index.php?rest_route=%2Fwp%2Fv2%2Fmedia&parent=3035"}],"wp:term":[{"taxonomy":"category","embeddable":true,"href":"http:\/\/svetaobitelj.hr\/index.php?rest_route=%2Fwp%2Fv2%2Fcategories&post=3035"},{"taxonomy":"post_tag","embeddable":true,"href":"http:\/\/svetaobitelj.hr\/index.php?rest_route=%2Fwp%2Fv2%2Ftags&post=3035"}],"curies":[{"name":"wp","href":"https:\/\/api.w.org\/{rel}","templated":true}]}}