{"id":3028,"date":"2023-12-02T07:57:11","date_gmt":"2023-12-02T06:57:11","guid":{"rendered":"http:\/\/svetaobitelj.hr\/?p=3028"},"modified":"2023-12-02T07:57:11","modified_gmt":"2023-12-02T06:57:11","slug":"zupne-obavijesti-1-nedjelja-dosasca-6","status":"publish","type":"post","link":"http:\/\/svetaobitelj.hr\/?p=3028","title":{"rendered":"\u017dupne obavijesti: 1. nedjelja do\u0161a\u0161\u0107a"},"content":{"rendered":"\n<p>Slavimo prvu nedjelju do\u0161a\u0161\u0107a \u010dime zapo\u010dinje nova liturgijska ili crkvena godina. Prva je nedjelja u mjesecu kada se svojim molitvama i nov\u010danim prilozima sje\u0107amo na\u0161ih sjemeni\u0161ta i molimo za duhovna zvanja. Svoj nov\u010dani prilog mo\u017eete dati na izlazu iz crkve.<\/p>\n\n\n\n<p>Vrijeme do\u0161a\u0161\u0107a je i vrijeme kada kao vjernici poma\u017eemo bra\u0107i i sestrama u potrebi. Prikupljanje prehrambenih proizvoda i higijenskih potrep\u0161tina za potrebite na\u0161e \u017dupe bit \u0107e do tre\u0107e nedjelje do\u0161a\u0161\u0107a. Caritas na\u0161e Nadbiskupije nastavlja s projektom \u201eDje\u010dja ko\u0161arica\u201c kao i projektom \u201eBla\u017eenije je davati nego primati\u201c \u010dime svojim nov\u010danim prilozima te hranom, higijenskim i dje\u010djim potrep\u0161tinama poma\u017eemo Caritasov Centar za majku i dijete, Pu\u010dku kuhinju i Centar za besku\u0107nike u Osijeku. Svoje darove mo\u017eete donijeti u \u017eupni ured.<\/p>\n\n\n\n<p>Sutra zapo\u010dinju mise zornice koje su svakog radnog dana u 6 sati. U vrijeme do\u0161a\u0161\u0107a ne\u0107e biti svetih misa u 7:30 sati. Biblijski sat je ponedjeljkom nakon ve\u010dernje svete mise.<\/p>\n\n\n\n<p>U srijedu slavimo sv. Nikolu Biskupa. Svete mise su u 6:00 i 18:30 sati.<\/p>\n\n\n\n<p>U petak slavimo Bezgre\u0161no Za\u010de\u0107e Bla\u017eene Djevice Marije. U na\u0161oj \u017eupnoj crkvi svete mise su u 6:00 i u 18:30 sati. U samostanskoj crkvi u Tvr\u0111i slave Gospu Osje\u010dku, za\u0161titnicu na\u0161ega grada Osijeka.<\/p>\n\n\n\n<p>U subotu je u 18:15 pobo\u017enost na \u010dast bl. Marije od Propetoga Petkovi\u0107. <\/p>\n\n\n\n<p>Sljede\u0107e nedjelje slavimo drugu nedjelju do\u0161a\u0161\u0107a. Redoviti mjese\u010dni susret  Mjesnoga bratstva OFS-a bit \u0107e u 16:30 sati. \u010clanovi OFS-a imat \u0107e nakon svetih misa prigodnu prodaju kuglica-magneta povodom 800.-te obljetnice prvih jaslica u Grecciu, a sav prihod ide za potrebe Caritasa. <\/p>\n\n\n\n<p>Zajedni\u010dka, tzv. velika ispovijed, bit \u0107e u na\u0161oj \u017eupnoj crkvi u srijedu, 20. prosinca, u 10:00 i u 15:00 sati kada \u0107e biti vi\u0161e sve\u0107enika na raspolaganju. Budu\u0107i da vi\u0161e nemamo \u017eupnog vikara u \u017eupi, molim vas da do\u0111ete u to vrijeme jer ne\u0107u mo\u0107i biti na raspolaganju nedjeljom za ispovijed radi svetih misa, a osobito nemojte \u010dekati zadnje trenutke.<\/p>\n\n\n\n<p>Starije i bolesne koji ne mogu do\u0107i u crkvu ispovijedat \u0107u prema dogovoru pa je potrebno prijaviti ih u \u017eupnom uredu.<\/p>\n\n\n\n<p>Podsje\u0107amo one koji su kumovi djeci u Beninu da uplate svoj dar. <\/p>\n\n\n\n<p>Zahvalni za va\u0161u pomo\u0107 kojom poma\u017eete obnovu na\u0161ih crkava i samostana nastradalih u potresima, preporu\u010damo se i nadalje va\u0161oj dobroti.<\/p>\n\n\n\n<p>Molimo sve vas koji jo\u0161 nemate \u017eupnu obiteljsku knji\u017eicu ili je potrebno upisati promjene u postoje\u0107e, da se javite u \u017eupni ured.<\/p>\n\n\n\n<p>Kupujte i \u010ditajte katoli\u010dki vjerski tisak. U \u017eupnom uredu i gornjoj sakristiji mo\u017eete kupiti kalendare za sljede\u0107u godinu.<\/p>\n","protected":false},"excerpt":{"rendered":"<p>Slavimo prvu nedjelju do\u0161a\u0161\u0107a \u010dime zapo\u010dinje nova liturgijska ili crkvena godina. Prva je nedjelja u mjesecu kada se svojim molitvama i nov\u010danim prilozima sje\u0107amo na\u0161ih sjemeni\u0161ta i molimo za duhovna zvanja. Svoj nov\u010dani prilog mo\u017eete dati na izlazu iz crkve. Vrijeme do\u0161a\u0161\u0107a je i vrijeme kada kao vjernici poma\u017eemo bra\u0107i i sestrama u potrebi. Prikupljanje <a href=\"http:\/\/svetaobitelj.hr\/?p=3028\" class=\"more-link\">[&hellip;]<\/a><\/p>\n","protected":false},"author":2,"featured_media":0,"comment_status":"closed","ping_status":"open","sticky":false,"template":"","format":"standard","meta":{"footnotes":""},"categories":[3],"tags":[],"class_list":["entry","author-","post-3028","post","type-post","status-publish","format-standard","category-zupa"],"_links":{"self":[{"href":"http:\/\/svetaobitelj.hr\/index.php?rest_route=\/wp\/v2\/posts\/3028","targetHints":{"allow":["GET"]}}],"collection":[{"href":"http:\/\/svetaobitelj.hr\/index.php?rest_route=\/wp\/v2\/posts"}],"about":[{"href":"http:\/\/svetaobitelj.hr\/index.php?rest_route=\/wp\/v2\/types\/post"}],"author":[{"embeddable":true,"href":"http:\/\/svetaobitelj.hr\/index.php?rest_route=\/wp\/v2\/users\/2"}],"replies":[{"embeddable":true,"href":"http:\/\/svetaobitelj.hr\/index.php?rest_route=%2Fwp%2Fv2%2Fcomments&post=3028"}],"version-history":[{"count":1,"href":"http:\/\/svetaobitelj.hr\/index.php?rest_route=\/wp\/v2\/posts\/3028\/revisions"}],"predecessor-version":[{"id":3029,"href":"http:\/\/svetaobitelj.hr\/index.php?rest_route=\/wp\/v2\/posts\/3028\/revisions\/3029"}],"wp:attachment":[{"href":"http:\/\/svetaobitelj.hr\/index.php?rest_route=%2Fwp%2Fv2%2Fmedia&parent=3028"}],"wp:term":[{"taxonomy":"category","embeddable":true,"href":"http:\/\/svetaobitelj.hr\/index.php?rest_route=%2Fwp%2Fv2%2Fcategories&post=3028"},{"taxonomy":"post_tag","embeddable":true,"href":"http:\/\/svetaobitelj.hr\/index.php?rest_route=%2Fwp%2Fv2%2Ftags&post=3028"}],"curies":[{"name":"wp","href":"https:\/\/api.w.org\/{rel}","templated":true}]}}