{"id":3017,"date":"2023-11-24T08:55:43","date_gmt":"2023-11-24T07:55:43","guid":{"rendered":"https:\/\/svetaobitelj.hr\/?p=3017"},"modified":"2023-11-24T08:55:44","modified_gmt":"2023-11-24T07:55:44","slug":"zupne-obavijesti-nedjelja-krista-kralja-3","status":"publish","type":"post","link":"http:\/\/svetaobitelj.hr\/?p=3017","title":{"rendered":"\u017dupne obavijesti: Nedjelja Krista Kralja"},"content":{"rendered":"\n<p>Slavimo Nedjelju Krista Kralja ili trideset i \u010detvrtu nedjelju kroz godinu.<\/p>\n\n\n\n<p>Sutra je biblijski sat nakon ve\u010dernje svete mise.<\/p>\n\n\n\n<p>U srijedu u samostanskoj crkvi u Tvr\u0111i zapo\u010dinje Zavjetna devetnica Gospi Osje\u010dkoj kada hodo\u010dastimo kao \u017eupljani osje\u010dkih \u017eupa \u010cuvarici i Za\u0161titnici na\u0161ega grada Osijeka. Raspored devetnice imate na oglasnoj plo\u010di kao i svakodnevni ve\u010dernji program. Na\u0161a \u017eupa hodo\u010dasti u nedjelju, 3. prosinca. <\/p>\n\n\n\n<p>U subotu \u0107emo pod ve\u010dernjom svetom misom moliti za duhovna zvanja budu\u0107i da je prva subota u mjesecu. Taj dan zavr\u0161ava liturgijska ili crkvena godina.<\/p>\n\n\n\n<p>Sljede\u0107e nedjelje slavimo prvu nedjelju do\u0161a\u0161\u0107a \u010dime zapo\u010dinje nova liturgijska ili crkvena godina. Ujedno je prva nedjelja u mjesecu. Pod jutarnjom svetom misom molit \u0107emo za dobro\u010dinitelje ove na\u0161e crkve i samostana. Pod svetim misama molit \u0107emo za duhovna zvanja, a nakon svetih misa prikupljati nov\u010dana sredstva za na\u0161a sjemeni\u0161ta. Pod  svetom misom u 11:00 sati bit \u0107e predstavljanje ovogodi\u0161njih kandidata za prvu Ispovijed i Pri\u010dest kao i za svetu Potvrdu.<\/p>\n\n\n\n<p>Vrijeme do\u0161a\u0161\u0107a je i vrijeme kada kao vjernici poma\u017eemo bra\u0107i i sestrama u potrebi. Tko \u017eeli mo\u017ee uzeti caritasove kutijice te stavljati svoj dar u njih tijekom do\u0161a\u0161\u0107a i donijeti ih u crkvu tre\u0107e nedjelje do\u0161a\u0161\u0107a kada i slavimo Nedjelju Caritasa. Prikupljanje prehrambenih proizvoda i higijenskih potrep\u0161tina za potrebite na\u0161e \u017dupe bit \u0107e izme\u0111u prve i tre\u0107e nedjelje do\u0161a\u0161\u0107a. Caritas na\u0161e Nadbiskupije nastavlja s projektom \u201eDje\u010dja ko\u0161arica\u201c kao i projektom \u201eBla\u017eenije je davati nego primati\u201c \u010dime svojim nov\u010danim prilozima te hranom, higijenskim i dje\u010djim potrep\u0161tinama poma\u017eemo Caritasov Centar za majku i dijete, Pu\u010dku kuhinju i Centar za besku\u0107nike u Osijeku. Svoje darove mo\u017eete donijeti u \u017eupni ured.<\/p>\n\n\n\n<p>Mise zornice imat \u0107emo od ponedjeljka, 4. prosinca svakoga radnog dana u 6 sati. U vrijeme do\u0161a\u0161\u0107a ne\u0107e biti svetih misa u 7:30 sati i klanjanja pred Presvetim.<\/p>\n\n\n\n<p>Zahvalni za va\u0161u pomo\u0107 kojom poma\u017eete obnovu na\u0161ih crkava i samostana nastradalih u potresima, preporu\u010damo se i nadalje va\u0161oj dobroti. <\/p>\n\n\n\n<p>Molimo sve vas koji jo\u0161 nemate \u017eupnu obiteljsku knji\u017eicu ili je potrebno upisati promjene u postoje\u0107e, da se javite u \u017eupni ured.<\/p>\n\n\n\n<p>Kupujte i \u010ditajte katoli\u010dki vjerski tisak. U \u017eupnom uredu i gornjoj sakristiji mo\u017eete kupiti kalendare za sljede\u0107u godinu.<\/p>\n","protected":false},"excerpt":{"rendered":"<p>Slavimo Nedjelju Krista Kralja ili trideset i \u010detvrtu nedjelju kroz godinu. Sutra je biblijski sat nakon ve\u010dernje svete mise. U srijedu u samostanskoj crkvi u Tvr\u0111i zapo\u010dinje Zavjetna devetnica Gospi Osje\u010dkoj kada hodo\u010dastimo kao \u017eupljani osje\u010dkih \u017eupa \u010cuvarici i Za\u0161titnici na\u0161ega grada Osijeka. Raspored devetnice imate na oglasnoj plo\u010di kao i svakodnevni ve\u010dernji program. Na\u0161a <a href=\"http:\/\/svetaobitelj.hr\/?p=3017\" class=\"more-link\">[&hellip;]<\/a><\/p>\n","protected":false},"author":2,"featured_media":0,"comment_status":"closed","ping_status":"open","sticky":false,"template":"","format":"standard","meta":{"footnotes":""},"categories":[3],"tags":[],"class_list":["entry","author-","post-3017","post","type-post","status-publish","format-standard","category-zupa"],"_links":{"self":[{"href":"http:\/\/svetaobitelj.hr\/index.php?rest_route=\/wp\/v2\/posts\/3017","targetHints":{"allow":["GET"]}}],"collection":[{"href":"http:\/\/svetaobitelj.hr\/index.php?rest_route=\/wp\/v2\/posts"}],"about":[{"href":"http:\/\/svetaobitelj.hr\/index.php?rest_route=\/wp\/v2\/types\/post"}],"author":[{"embeddable":true,"href":"http:\/\/svetaobitelj.hr\/index.php?rest_route=\/wp\/v2\/users\/2"}],"replies":[{"embeddable":true,"href":"http:\/\/svetaobitelj.hr\/index.php?rest_route=%2Fwp%2Fv2%2Fcomments&post=3017"}],"version-history":[{"count":1,"href":"http:\/\/svetaobitelj.hr\/index.php?rest_route=\/wp\/v2\/posts\/3017\/revisions"}],"predecessor-version":[{"id":3018,"href":"http:\/\/svetaobitelj.hr\/index.php?rest_route=\/wp\/v2\/posts\/3017\/revisions\/3018"}],"wp:attachment":[{"href":"http:\/\/svetaobitelj.hr\/index.php?rest_route=%2Fwp%2Fv2%2Fmedia&parent=3017"}],"wp:term":[{"taxonomy":"category","embeddable":true,"href":"http:\/\/svetaobitelj.hr\/index.php?rest_route=%2Fwp%2Fv2%2Fcategories&post=3017"},{"taxonomy":"post_tag","embeddable":true,"href":"http:\/\/svetaobitelj.hr\/index.php?rest_route=%2Fwp%2Fv2%2Ftags&post=3017"}],"curies":[{"name":"wp","href":"https:\/\/api.w.org\/{rel}","templated":true}]}}