{"id":3001,"date":"2023-11-17T10:35:07","date_gmt":"2023-11-17T09:35:07","guid":{"rendered":"https:\/\/svetaobitelj.hr\/?p=3001"},"modified":"2023-11-17T10:35:08","modified_gmt":"2023-11-17T09:35:08","slug":"zupne-obavijesti-33-nedjelja-kroz-godinu-5","status":"publish","type":"post","link":"http:\/\/svetaobitelj.hr\/?p=3001","title":{"rendered":"\u017dupne obavijesti: 33. nedjelja kroz godinu"},"content":{"rendered":"\n<p>Slavimo trideset i tre\u0107u nedjelju kroz godinu.<\/p>\n\n\n\n<p>Sutra pod ve\u010dernjom svetom misom molimo za poginule, nestale i umrle branitelje iz na\u0161e \u017eupe. Biblijski sat je nakon ve\u010dernje svete mise.<\/p>\n\n\n\n<p>U utorak je redoviti sastanak \u017eupnih vije\u0107a u 19:30 sati. <\/p>\n\n\n\n<p>U srijedu slavimo spomendan sv. Cecilije, djevice i mu\u010denice, za\u0161titnice crkvene glazbe i pjevanja.<\/p>\n\n\n\n<p>U subotu \u0107e mons. Dra\u017een Kutle\u0161a, nadbiskup zagreba\u010dki, zarediti za \u0111akona fra Davida Vrbanca iz \u017eupe sv. Nikole Biskupa u \u010cakovcu. Re\u0111enje \u0107e biti u \u017eupnoj crkvi sv. Ivana XXIII, pape, u Zagrebu u Dubravi pod svetom misom u 10:00 sati.<\/p>\n\n\n\n<p>Sljede\u0107e nedjelje slavimo Nedjelju Krista Kralja ili trideset i \u010detvrtu nedjelju kroz godinu.<\/p>\n\n\n\n<p>Zahvalni za va\u0161u pomo\u0107 kojom poma\u017eete obnovu na\u0161ih crkava i samostana nastradalih u potresima, preporu\u010damo se i nadalje va\u0161oj dobroti.<\/p>\n\n\n\n<p>Molimo sve vas koji jo\u0161 nemate \u017eupnu obiteljsku knji\u017eicu ili je potrebno upisati promjene u postoje\u0107e, da se javite u \u017eupni ured.<\/p>\n\n\n\n<p>U \u017eupnom uredu i u gornjoj sakristiji mo\u017eete kupiti kalendare za sljede\u0107u gra\u0111ansku godinu.<br>Kupujte i \u010ditajte katoli\u010dki vjerski tisak.<\/p>\n","protected":false},"excerpt":{"rendered":"<p>Slavimo trideset i tre\u0107u nedjelju kroz godinu. Sutra pod ve\u010dernjom svetom misom molimo za poginule, nestale i umrle branitelje iz na\u0161e \u017eupe. Biblijski sat je nakon ve\u010dernje svete mise. U utorak je redoviti sastanak \u017eupnih vije\u0107a u 19:30 sati. U srijedu slavimo spomendan sv. Cecilije, djevice i mu\u010denice, za\u0161titnice crkvene glazbe i pjevanja. U subotu <a href=\"http:\/\/svetaobitelj.hr\/?p=3001\" class=\"more-link\">[&hellip;]<\/a><\/p>\n","protected":false},"author":2,"featured_media":0,"comment_status":"closed","ping_status":"open","sticky":false,"template":"","format":"standard","meta":{"footnotes":""},"categories":[3],"tags":[],"class_list":["entry","author-","post-3001","post","type-post","status-publish","format-standard","category-zupa"],"_links":{"self":[{"href":"http:\/\/svetaobitelj.hr\/index.php?rest_route=\/wp\/v2\/posts\/3001","targetHints":{"allow":["GET"]}}],"collection":[{"href":"http:\/\/svetaobitelj.hr\/index.php?rest_route=\/wp\/v2\/posts"}],"about":[{"href":"http:\/\/svetaobitelj.hr\/index.php?rest_route=\/wp\/v2\/types\/post"}],"author":[{"embeddable":true,"href":"http:\/\/svetaobitelj.hr\/index.php?rest_route=\/wp\/v2\/users\/2"}],"replies":[{"embeddable":true,"href":"http:\/\/svetaobitelj.hr\/index.php?rest_route=%2Fwp%2Fv2%2Fcomments&post=3001"}],"version-history":[{"count":1,"href":"http:\/\/svetaobitelj.hr\/index.php?rest_route=\/wp\/v2\/posts\/3001\/revisions"}],"predecessor-version":[{"id":3002,"href":"http:\/\/svetaobitelj.hr\/index.php?rest_route=\/wp\/v2\/posts\/3001\/revisions\/3002"}],"wp:attachment":[{"href":"http:\/\/svetaobitelj.hr\/index.php?rest_route=%2Fwp%2Fv2%2Fmedia&parent=3001"}],"wp:term":[{"taxonomy":"category","embeddable":true,"href":"http:\/\/svetaobitelj.hr\/index.php?rest_route=%2Fwp%2Fv2%2Fcategories&post=3001"},{"taxonomy":"post_tag","embeddable":true,"href":"http:\/\/svetaobitelj.hr\/index.php?rest_route=%2Fwp%2Fv2%2Ftags&post=3001"}],"curies":[{"name":"wp","href":"https:\/\/api.w.org\/{rel}","templated":true}]}}