{"id":2996,"date":"2023-11-13T20:53:04","date_gmt":"2023-11-13T19:53:04","guid":{"rendered":"http:\/\/svetaobitelj.hr\/?p=2996"},"modified":"2023-11-13T20:53:04","modified_gmt":"2023-11-13T19:53:04","slug":"nedjelja-bracnih-jubileja-3","status":"publish","type":"post","link":"http:\/\/svetaobitelj.hr\/?p=2996","title":{"rendered":"Nedjelja bra\u010dnih jubileja"},"content":{"rendered":"\n<div class=\"wp-block-image\"><figure class=\"aligncenter size-large\"><img loading=\"lazy\" decoding=\"async\" width=\"768\" height=\"1024\" src=\"http:\/\/svetaobitelj.hr\/wp-content\/uploads\/2023\/11\/received_324642923637020-768x1024.jpeg\" alt=\"\" class=\"wp-image-2997\" srcset=\"http:\/\/svetaobitelj.hr\/wp-content\/uploads\/2023\/11\/received_324642923637020-768x1024.jpeg 768w, http:\/\/svetaobitelj.hr\/wp-content\/uploads\/2023\/11\/received_324642923637020-225x300.jpeg 225w, http:\/\/svetaobitelj.hr\/wp-content\/uploads\/2023\/11\/received_324642923637020-1152x1536.jpeg 1152w, http:\/\/svetaobitelj.hr\/wp-content\/uploads\/2023\/11\/received_324642923637020.jpeg 1500w\" sizes=\"auto, (max-width: 768px) 100vw, 768px\" \/><\/figure><\/div>\n\n\n\n<p>I ove godine obilje\u017eili smo nedjelju bra\u010dnih jubileja. \u010cestitamo slavljenicima:<\/p>\n\n\n\n<p>Marija i Dragan Crnkovi\u0107 &#8211; 50. godi\u0161njica<\/p>\n\n\n\n<p>Eva i Damir Matijevi\u0107 &#8211; 30. godi\u0161njica<\/p>\n\n\n\n<p>Ru\u017eica i Marko Vili\u0107 &#8211; 30. godi\u0161njica<\/p>\n\n\n\n<div class=\"wp-block-image\"><figure class=\"aligncenter size-large\"><img loading=\"lazy\" decoding=\"async\" width=\"1024\" height=\"766\" src=\"http:\/\/svetaobitelj.hr\/wp-content\/uploads\/2023\/11\/received_1053202799214993-1024x766.jpeg\" alt=\"\" class=\"wp-image-2998\" srcset=\"http:\/\/svetaobitelj.hr\/wp-content\/uploads\/2023\/11\/received_1053202799214993-1024x766.jpeg 1024w, http:\/\/svetaobitelj.hr\/wp-content\/uploads\/2023\/11\/received_1053202799214993-300x224.jpeg 300w, http:\/\/svetaobitelj.hr\/wp-content\/uploads\/2023\/11\/received_1053202799214993-768x574.jpeg 768w, http:\/\/svetaobitelj.hr\/wp-content\/uploads\/2023\/11\/received_1053202799214993-1536x1149.jpeg 1536w, http:\/\/svetaobitelj.hr\/wp-content\/uploads\/2023\/11\/received_1053202799214993.jpeg 2000w\" sizes=\"auto, (max-width: 1024px) 100vw, 1024px\" \/><\/figure><\/div>\n\n\n\n<p><\/p>\n","protected":false},"excerpt":{"rendered":"<p>I ove godine obilje\u017eili smo nedjelju bra\u010dnih jubileja. \u010cestitamo slavljenicima: Marija i Dragan Crnkovi\u0107 &#8211; 50. godi\u0161njica Eva i Damir Matijevi\u0107 &#8211; 30. godi\u0161njica Ru\u017eica i Marko Vili\u0107 &#8211; 30. godi\u0161njica<\/p>\n","protected":false},"author":2,"featured_media":0,"comment_status":"closed","ping_status":"open","sticky":false,"template":"","format":"standard","meta":{"footnotes":""},"categories":[3],"tags":[],"class_list":["entry","author-","post-2996","post","type-post","status-publish","format-standard","category-zupa"],"_links":{"self":[{"href":"http:\/\/svetaobitelj.hr\/index.php?rest_route=\/wp\/v2\/posts\/2996","targetHints":{"allow":["GET"]}}],"collection":[{"href":"http:\/\/svetaobitelj.hr\/index.php?rest_route=\/wp\/v2\/posts"}],"about":[{"href":"http:\/\/svetaobitelj.hr\/index.php?rest_route=\/wp\/v2\/types\/post"}],"author":[{"embeddable":true,"href":"http:\/\/svetaobitelj.hr\/index.php?rest_route=\/wp\/v2\/users\/2"}],"replies":[{"embeddable":true,"href":"http:\/\/svetaobitelj.hr\/index.php?rest_route=%2Fwp%2Fv2%2Fcomments&post=2996"}],"version-history":[{"count":1,"href":"http:\/\/svetaobitelj.hr\/index.php?rest_route=\/wp\/v2\/posts\/2996\/revisions"}],"predecessor-version":[{"id":2999,"href":"http:\/\/svetaobitelj.hr\/index.php?rest_route=\/wp\/v2\/posts\/2996\/revisions\/2999"}],"wp:attachment":[{"href":"http:\/\/svetaobitelj.hr\/index.php?rest_route=%2Fwp%2Fv2%2Fmedia&parent=2996"}],"wp:term":[{"taxonomy":"category","embeddable":true,"href":"http:\/\/svetaobitelj.hr\/index.php?rest_route=%2Fwp%2Fv2%2Fcategories&post=2996"},{"taxonomy":"post_tag","embeddable":true,"href":"http:\/\/svetaobitelj.hr\/index.php?rest_route=%2Fwp%2Fv2%2Ftags&post=2996"}],"curies":[{"name":"wp","href":"https:\/\/api.w.org\/{rel}","templated":true}]}}